{"id":129400,"date":"2026-05-01T22:47:06","date_gmt":"2026-05-01T22:47:06","guid":{"rendered":"https:\/\/enfoquenoticioso.com\/?p=129400"},"modified":"2026-05-01T22:47:06","modified_gmt":"2026-05-01T22:47:06","slug":"mets-planean-mantener-a-carlos-mendoza-como-manager-pese-al-pesimo-inicio-de-temporada","status":"publish","type":"post","link":"https:\/\/enfoquenoticioso.com\/?p=129400","title":{"rendered":"Mets planean mantener a Carlos Mendoza como m\u00e1nager pese al p\u00e9simo inicio de temporada"},"content":{"rendered":"<div id=\"post-584523\">&#13;<br \/>\n\t\t\t&#13;<\/p>\n<div class=\"entry-thumbnail\">\n<img loading=\"lazy\" width=\"777\" height=\"437\" src=\"https:\/\/noticiasaldiayalahora.co\/wp-content\/uploads\/2026\/05\/Carlos-Mendoza-mets-MLB-777x437.webp\" class=\"attachment-content-single size-content-single wp-post-image\" alt=\"Carlos Mendoza m\u00e1nager de los Mets de Nueva York\" decoding=\"async\" srcset=\"https:\/\/noticiasaldiayalahora.co\/wp-content\/uploads\/2026\/05\/Carlos-Mendoza-mets-MLB-777x437.webp 777w, https:\/\/noticiasaldiayalahora.co\/wp-content\/uploads\/2026\/05\/Carlos-Mendoza-mets-MLB-180x101.webp 180w, https:\/\/noticiasaldiayalahora.co\/wp-content\/uploads\/2026\/05\/Carlos-Mendoza-mets-MLB-260x146.webp 260w, https:\/\/noticiasaldiayalahora.co\/wp-content\/uploads\/2026\/05\/Carlos-Mendoza-mets-MLB-373x210.webp 373w, https:\/\/noticiasaldiayalahora.co\/wp-content\/uploads\/2026\/05\/Carlos-Mendoza-mets-MLB-120x67.webp 120w\" sizes=\"auto, (max-width: 777px) 100vw, 777px\"\/><\/div>\n<p>\t&#13;<\/p>\n<div class=\"advertisement\">\n<div class=\"sb-widget post-ad\">\n<p style=\"font-size: 10px; color: #999; margin: 0 0 10px 0; text-transform: uppercase; font-family: sans-serif;\">Publicidad \/ Contenido Patrocinado<\/p>\n<\/div><\/div>\n<p>&#13;<\/p>\n<p class=\"entry-meta\">\n<span class=\"entry-meta-author vcard author\">Por: <a class=\"fn\" href=\"https:\/\/noticiasaldiayalahora.co\/author\/noticias\/\" target=\"_blank\" rel=\"noopener\">AL D\u00eda y a la Hora | @Notidiahora<\/a><\/span><br \/>\n<span class=\"entry-meta-date updated\">1 mayo, 2026<\/span>\n<\/p>\n<p>\t&#13;<\/p>\n<div class=\"entry-content clearfix\">\n<p>A pesar de un inicio de 10-21 y una reciente racha de 12 derrotas consecutivas, los Mets de Nueva York respaldan la continuidad de Carlos Mendoza como m\u00e1nager, seg\u00fan el presidente de operaciones de b\u00e9isbol David Stearns.<\/p>\n<p>Los Mets pusieron fin a una racha de 12 derrotas consecutivas, la peor en la historia de la franquicia, el 22 de abril con una victoria 3-2 sobre los Mellizos de Minnesota. Desde entonces han perdido cinco de los \u00faltimos seis, incluida una barrida de los Rockies. El r\u00e9cord de 10-21 de Nueva York es el peor de las Grandes Ligas.<\/p>\n<p>\u201cSabemos que nuestro r\u00e9cord no es el que queremos, y sabemos que somos capaces de m\u00e1s. No vemos esto como un problema del m\u00e1nager, y no tenemos intenci\u00f3n de hacer un cambio\u201d, dijo Stearns a mlb.com.<\/p>\n<p>Los Mets est\u00e1n \u00faltimos en la Divisi\u00f3n Este de la Liga Nacional, a dos juegos de los Filis de Filadelfia, que cesaron al m\u00e1nager Rob Thomson el martes por la ma\u00f1ana. Desde entonces, los Filis han ganado tres seguidos bajo el m\u00e1nager interino Don Mattingly.<\/p>\n<p>Mendoza fue contratado en 2023 y est\u00e1 en el \u00faltimo a\u00f1o garantizado de un contrato de tres a\u00f1os. El venezolano tiene una marca global de 182-173 con Nueva York.<\/p>\n<p>Los Mets se derrumbaron en 2025, al pasar del mejor r\u00e9cord de las mayores en junio a apenas terminar por encima de .500. Finalizaron segundos en el Este de la Liga Nacional con marca de 83\u201379.<\/p>\n<\/p><\/div>\n<p>\t&#13;<br \/>\n&#13;<br \/>\n\t<!-- Taboola Below Article con Etiqueta -->&#13;<\/p>\n<div style=\"margin-top: 20px;\">\n<p style=\"font-size: 10px; color: #999; margin: 0 0 5px 0; text-transform: uppercase; font-family: sans-serif;\">Contenido Patrocinado \/ Recomendado para ti<\/p>\n<\/p><\/div>\n<p>&#13;<br \/>\n&#13;<br \/>\n\t\t&#13;\n<\/p><\/div>\n<p><a href=\"https:\/\/noticiasaldiayalahora.co\/deportes\/mets-planean-mantener-a-carlos-mendoza-como-manager-pese-al-pesimo-inicio-de-temporada\/\" class=\" target=\" title=\"Mets planean mantener a Carlos Mendoza como m\u00e1nager pese al p\u00e9simo inicio de temporada\" target=\"_blank\" rel=\"noopener\">Ver fuente<\/a><\/p>\n","protected":false},"excerpt":{"rendered":"<p>&#13; &#13; &#13; Publicidad \/ Contenido Patrocinado &#13; Por: AL D\u00eda y a la Hora | @Notidiahora 1 mayo, 2026 &#13; A pesar de un inicio de 10-21 y una reciente racha de 12 derrotas consecutivas, los Mets de Nueva York respaldan la continuidad de Carlos Mendoza como m\u00e1nager, seg\u00fan el presidente de operaciones de [&hellip;]<\/p>\n","protected":false},"author":2,"featured_media":129401,"comment_status":"open","ping_status":"closed","sticky":false,"template":"","format":"standard","meta":{"footnotes":""},"categories":[7],"tags":[],"class_list":["post-129400","post","type-post","status-publish","format-standard","has-post-thumbnail","hentry","category-deporte"],"_links":{"self":[{"href":"https:\/\/enfoquenoticioso.com\/index.php?rest_route=\/wp\/v2\/posts\/129400","targetHints":{"allow":["GET"]}}],"collection":[{"href":"https:\/\/enfoquenoticioso.com\/index.php?rest_route=\/wp\/v2\/posts"}],"about":[{"href":"https:\/\/enfoquenoticioso.com\/index.php?rest_route=\/wp\/v2\/types\/post"}],"author":[{"embeddable":true,"href":"https:\/\/enfoquenoticioso.com\/index.php?rest_route=\/wp\/v2\/users\/2"}],"replies":[{"embeddable":true,"href":"https:\/\/enfoquenoticioso.com\/index.php?rest_route=%2Fwp%2Fv2%2Fcomments&post=129400"}],"version-history":[{"count":0,"href":"https:\/\/enfoquenoticioso.com\/index.php?rest_route=\/wp\/v2\/posts\/129400\/revisions"}],"wp:featuredmedia":[{"embeddable":true,"href":"https:\/\/enfoquenoticioso.com\/index.php?rest_route=\/wp\/v2\/media\/129401"}],"wp:attachment":[{"href":"https:\/\/enfoquenoticioso.com\/index.php?rest_route=%2Fwp%2Fv2%2Fmedia&parent=129400"}],"wp:term":[{"taxonomy":"category","embeddable":true,"href":"https:\/\/enfoquenoticioso.com\/index.php?rest_route=%2Fwp%2Fv2%2Fcategories&post=129400"},{"taxonomy":"post_tag","embeddable":true,"href":"https:\/\/enfoquenoticioso.com\/index.php?rest_route=%2Fwp%2Fv2%2Ftags&post=129400"}],"curies":[{"name":"wp","href":"https:\/\/api.w.org\/{rel}","templated":true}]}}