{"id":129410,"date":"2026-05-02T00:20:14","date_gmt":"2026-05-02T00:20:14","guid":{"rendered":"https:\/\/enfoquenoticioso.com\/?p=129410"},"modified":"2026-05-02T00:20:14","modified_gmt":"2026-05-02T00:20:14","slug":"barcelona-teme-por-la-presencia-de-raphinha-y-bernal-en-el-clasico","status":"publish","type":"post","link":"https:\/\/enfoquenoticioso.com\/?p=129410","title":{"rendered":"Barcelona teme por la presencia de Raphinha y Bernal en el &#8216;Cl\u00e1sico&#8217;"},"content":{"rendered":"<div data-td-block-uid=\"tdi_72\">\n<div class=\"tdb-block-inner td-fix-index\">\n<p>Raphinha y Marc Bernal ya recibieron el alta m\u00e9dica al superar sus respectivas lesiones y apuntan a jugar el s\u00e1bado, o al menos a estar en el banquillo del Barcelona, contra el Osasuna, pero su presencia en el partido podr\u00eda estar descartada por un motivo, \u2018El Cl\u00e1sico\u2019.<\/p>\n<p>Con el t\u00edtulo de LaLiga pr\u00e1cticamente en sus manos, con varios jugadores de peso en momento bajo o lesionados y el duelo ante el Real Madrid el pr\u00f3ximo fin de semana, el delantero y el centrocampista pueden ser dos altas de peso para terminar de conquistar el t\u00edtulo. Sin embargo, los dos afrontan el juego ante el Osasuna con mucho cuidado y no por un tema f\u00edsico, sino disciplinario, pues est\u00e1n a una amarilla de no poder recibir al merengue.<\/p>\n<p><strong>Lee tambi\u00e9n: <a href=\"https:\/\/www.liderendeportes.com\/noticias\/futbol\/futbol-europeo\/el-barcelona-podria-fichar-con-normalidad-en-verano\/\" target=\"_blank\" rel=\"noopener\">El Barcelona podr\u00eda fichar con normalidad en verano<\/a><\/strong><\/p>\n<p>Una victoria en\u00a0Pamplona\u00a0combinado con una derrota o un empate del\u00a0Real Madrid\u00a0en\u00a0Cornell\u00e0\u00a0ante el\u00a0Espanyol, har\u00eda que los azulgrana entonasen el alir\u00f3n. Pero, si no se dan los resultados, el t\u00edtulo lo definir\u00e1n en su campo y tanto Raphinha como Bernal no jugar\u00e1n si reciben la amarilla ante el Osasuna, significando la quinta y oblig\u00e1ndolos a cumplir el partido se sanci\u00f3n correspondiente el 10 de mayo.<\/p>\n<p>El estratega del Barcelona, Hansi Flick, indic\u00f3 que tanto el brasile\u00f1o como el espa\u00f1ol viajar\u00e1n con el equipo a \u2018El Sadar\u2019, siguiendo el protocolo habitual de los lesionados. Podr\u00edan jugar un minuto, media hora o una mitad del compromiso, pero tendr\u00e1n que hacerlo con cuidado, tanto por apenas regresar de la lesi\u00f3n como el riesgo de recibir una quinta amarilla.<\/p>\n<p>Por otro lado, Frenkie De Jong tambi\u00e9n deber\u00e1 jugar con cuidado ante el Osasuna, pues es otro de los que acumulan cuatro amarillas y podr\u00eda perderse El Cl\u00e1sico de ver otra este s\u00e1bado.<\/p>\n<\/div>\n<\/div>\n<p><a href=\"https:\/\/www.liderendeportes.com\/noticias\/futbol\/futbol-europeo\/barcelona-teme-por-la-presencia-de-raphinha-y-bernal-en-el-clasico\/\" class=\" target=\" title=\"Barcelona teme por la presencia de Raphinha y Bernal en el &#039;Cl\u00e1sico&#039;\" target=\"_blank\" rel=\"noopener\">Ver fuente<\/a><\/p>\n","protected":false},"excerpt":{"rendered":"<p>Raphinha y Marc Bernal ya recibieron el alta m\u00e9dica al superar sus respectivas lesiones y apuntan a jugar el s\u00e1bado, o al menos a estar en el banquillo del Barcelona, contra el Osasuna, pero su presencia en el partido podr\u00eda estar descartada por un motivo, \u2018El Cl\u00e1sico\u2019. Con el t\u00edtulo de LaLiga pr\u00e1cticamente en sus [&hellip;]<\/p>\n","protected":false},"author":2,"featured_media":129411,"comment_status":"open","ping_status":"closed","sticky":false,"template":"","format":"standard","meta":{"footnotes":""},"categories":[7],"tags":[],"class_list":["post-129410","post","type-post","status-publish","format-standard","has-post-thumbnail","hentry","category-deporte"],"_links":{"self":[{"href":"https:\/\/enfoquenoticioso.com\/index.php?rest_route=\/wp\/v2\/posts\/129410","targetHints":{"allow":["GET"]}}],"collection":[{"href":"https:\/\/enfoquenoticioso.com\/index.php?rest_route=\/wp\/v2\/posts"}],"about":[{"href":"https:\/\/enfoquenoticioso.com\/index.php?rest_route=\/wp\/v2\/types\/post"}],"author":[{"embeddable":true,"href":"https:\/\/enfoquenoticioso.com\/index.php?rest_route=\/wp\/v2\/users\/2"}],"replies":[{"embeddable":true,"href":"https:\/\/enfoquenoticioso.com\/index.php?rest_route=%2Fwp%2Fv2%2Fcomments&post=129410"}],"version-history":[{"count":0,"href":"https:\/\/enfoquenoticioso.com\/index.php?rest_route=\/wp\/v2\/posts\/129410\/revisions"}],"wp:featuredmedia":[{"embeddable":true,"href":"https:\/\/enfoquenoticioso.com\/index.php?rest_route=\/wp\/v2\/media\/129411"}],"wp:attachment":[{"href":"https:\/\/enfoquenoticioso.com\/index.php?rest_route=%2Fwp%2Fv2%2Fmedia&parent=129410"}],"wp:term":[{"taxonomy":"category","embeddable":true,"href":"https:\/\/enfoquenoticioso.com\/index.php?rest_route=%2Fwp%2Fv2%2Fcategories&post=129410"},{"taxonomy":"post_tag","embeddable":true,"href":"https:\/\/enfoquenoticioso.com\/index.php?rest_route=%2Fwp%2Fv2%2Ftags&post=129410"}],"curies":[{"name":"wp","href":"https:\/\/api.w.org\/{rel}","templated":true}]}}