{"id":129420,"date":"2026-05-02T02:55:20","date_gmt":"2026-05-02T02:55:20","guid":{"rendered":"https:\/\/enfoquenoticioso.com\/?p=129420"},"modified":"2026-05-02T02:55:20","modified_gmt":"2026-05-02T02:55:20","slug":"el-barcelona-se-interesa-en-un-nuevo-central","status":"publish","type":"post","link":"https:\/\/enfoquenoticioso.com\/?p=129420","title":{"rendered":"El Barcelona se interesa en un nuevo central"},"content":{"rendered":"<div data-td-block-uid=\"tdi_72\">\n<div class=\"tdb-block-inner td-fix-index\">\n<p>El FC Barcelona tiene claro que una de las posiciones que debe reforzar el centro de la defensa, puesto para el que tiene como prioridad a Alessandro Bastoni, del Inter, pero parece que el italiano habr\u00eda pasado a un segundo plano.<\/p>\n<p>El zaguero interesa mucho en el cuadro azulgrana, pues re\u00fane consenso entre la directiva y el cuerpo t\u00e9cnico. Las negociaciones entre todas las partes estaban por comenzar la pr\u00f3xima semana, pero, ahora, Cristian \u00abCuti\u00bb Romero habr\u00eda irrumpido en el club catal\u00e1n y tocar\u00e1n la puerta, pero sin descartar a Bastoni.<\/p>\n<p><strong>Lee tambi\u00e9n: <a href=\"https:\/\/www.liderendeportes.com\/noticias\/futbol\/futbol-europeo\/barcelona-teme-por-la-presencia-de-raphinha-y-bernal-en-el-clasico\/\" target=\"_blank\" rel=\"noopener\">Barcelona teme por la presencia de Raphinha y Bernal en el \u2018Cl\u00e1sico\u2019<\/a><\/strong><\/p>\n<p>El club italiano quiere venderlo\u00a0y est\u00e1 dispuesto a negociar, pero intuyen que, si terminan apretando mucho econ\u00f3micamente, el equipo de Deco se decante por el argentino dejando en el aire una operaci\u00f3n que ve\u00edan realizada.<\/p>\n<p>Y la cuesti\u00f3n va por el lado econ\u00f3mico. El Bar\u00e7a podr\u00eda entrar en la regla del 1:1 este verano y fichar con comodidad, pero si puede ahorrar lo m\u00e1s que pueda ser\u00eda bienvenido. Bastoni costar\u00eda unos 60 millones de euros, una cifra alta tomando en cuenta que tambi\u00e9n deben reforzar otras posiciones, como la del \u20189\u2019 y con el -bastante- cotizado Juli\u00e1n \u00c1lvarez en primer plano. Es ah\u00ed donde el zaguero del Tottenham irrumpir\u00eda en escena al tener una tasaci\u00f3n m\u00e1s baja, pues los \u2018Spurs\u2019 podr\u00edan descender esta temporada a la segunda inglesa, bajando m\u00e1s el precio de Romero.<\/p>\n<p>Por ahora, todo est\u00e1 en suspenso. El Inter se plant\u00f3 con los 60 millones y el Barcelona no est\u00e1 dispuesto a pagar m\u00e1s de 50 por Bastoni, quien quiere salir del club y poner rumbo a la Ciudad Condal, un punto para los de Flick, pero la postura del equipo \u00abnerazzurri\u00bb podr\u00eda hacer que el cuadro \u00abazulgrana\u00bb vaya por Romero.<\/p>\n<\/div>\n<\/div>\n<p><a href=\"https:\/\/www.liderendeportes.com\/noticias\/futbol\/futbol-europeo\/el-barcelona-se-interesa-en-un-nuevo-central\/\" class=\" target=\" title=\"El Barcelona se interesa en un nuevo central\" target=\"_blank\" rel=\"noopener\">Ver fuente<\/a><\/p>\n","protected":false},"excerpt":{"rendered":"<p>El FC Barcelona tiene claro que una de las posiciones que debe reforzar el centro de la defensa, puesto para el que tiene como prioridad a Alessandro Bastoni, del Inter, pero parece que el italiano habr\u00eda pasado a un segundo plano. El zaguero interesa mucho en el cuadro azulgrana, pues re\u00fane consenso entre la directiva [&hellip;]<\/p>\n","protected":false},"author":2,"featured_media":129421,"comment_status":"open","ping_status":"closed","sticky":false,"template":"","format":"standard","meta":{"footnotes":""},"categories":[7],"tags":[],"class_list":["post-129420","post","type-post","status-publish","format-standard","has-post-thumbnail","hentry","category-deporte"],"_links":{"self":[{"href":"https:\/\/enfoquenoticioso.com\/index.php?rest_route=\/wp\/v2\/posts\/129420","targetHints":{"allow":["GET"]}}],"collection":[{"href":"https:\/\/enfoquenoticioso.com\/index.php?rest_route=\/wp\/v2\/posts"}],"about":[{"href":"https:\/\/enfoquenoticioso.com\/index.php?rest_route=\/wp\/v2\/types\/post"}],"author":[{"embeddable":true,"href":"https:\/\/enfoquenoticioso.com\/index.php?rest_route=\/wp\/v2\/users\/2"}],"replies":[{"embeddable":true,"href":"https:\/\/enfoquenoticioso.com\/index.php?rest_route=%2Fwp%2Fv2%2Fcomments&post=129420"}],"version-history":[{"count":0,"href":"https:\/\/enfoquenoticioso.com\/index.php?rest_route=\/wp\/v2\/posts\/129420\/revisions"}],"wp:featuredmedia":[{"embeddable":true,"href":"https:\/\/enfoquenoticioso.com\/index.php?rest_route=\/wp\/v2\/media\/129421"}],"wp:attachment":[{"href":"https:\/\/enfoquenoticioso.com\/index.php?rest_route=%2Fwp%2Fv2%2Fmedia&parent=129420"}],"wp:term":[{"taxonomy":"category","embeddable":true,"href":"https:\/\/enfoquenoticioso.com\/index.php?rest_route=%2Fwp%2Fv2%2Fcategories&post=129420"},{"taxonomy":"post_tag","embeddable":true,"href":"https:\/\/enfoquenoticioso.com\/index.php?rest_route=%2Fwp%2Fv2%2Ftags&post=129420"}],"curies":[{"name":"wp","href":"https:\/\/api.w.org\/{rel}","templated":true}]}}