{"id":129422,"date":"2026-05-02T03:26:14","date_gmt":"2026-05-02T03:26:14","guid":{"rendered":"https:\/\/enfoquenoticioso.com\/?p=129422"},"modified":"2026-05-02T03:26:14","modified_gmt":"2026-05-02T03:26:14","slug":"el-barcelona-podria-ingresar-mas-de-lo-esperado-por-el-camp-nou","status":"publish","type":"post","link":"https:\/\/enfoquenoticioso.com\/?p=129422","title":{"rendered":"El Barcelona podr\u00eda ingresar m\u00e1s de lo esperado por el Camp Nou"},"content":{"rendered":"<div data-td-block-uid=\"tdi_72\">\n<div class=\"tdb-block-inner td-fix-index\">\n<p>El FC Barcelona sabe que la venta de cualquier jugador o lo ingresado por ganar alguna competici\u00f3n, no se comparar\u00e1 con lo que va a ingresar -econ\u00f3micamente- cuando el Spotify Camp Nou termine la tercera grader\u00eda.<\/p>\n<p>Desde la directiva tienen claro que los d\u00edas de partido ser\u00e1n una de las grandes fuentes de ingresos, y en los despachos ya se hacen estimaciones de cu\u00e1nto dinero generar\u00e1 el estadio una vez est\u00e9 finalizada la zona mencionada por venta de entradas, cerca de 80 millones de euros, \u00bfseg\u00fan explic\u00f3 el periodista Adri\u00e0 Soldevila en el programa \u2018Qu\u00e8 t\u2019hi jugues?\u2019 de la Cadena SER.<\/p>\n<p><strong>Lee tambi\u00e9n: <a href=\"https:\/\/www.liderendeportes.com\/noticias\/futbol\/futbol-europeo\/barcelona-teme-por-la-presencia-de-raphinha-y-bernal-en-el-clasico\/\" target=\"_blank\" rel=\"noopener\"><a href=\"https:\/\/www.liderendeportes.com\/noticias\/futbol\/futbol-europeo\/el-barcelona-se-interesa-en-un-nuevo-central\/\" target=\"_blank\" rel=\"noopener\">El Barcelona se interesa en un nuevo central<\/a><\/strong><\/p>\n<p>La explotaci\u00f3n de esa parte no ser\u00e1 inmediata y el club dise\u00f1\u00f3 una apertura por fases a lo largo de la pr\u00f3xima campa\u00f1a, cuando se espera que el inmueble llegue al 100% de su capacidad con poco m\u00e1s de 105 mil asientos.<\/p>\n<p>El primer tramo en funcionar ser\u00e1 la zona lateral, prevista para octubre y que generar\u00e1 cerca de 27 millones por temporada. Posteriormente, llegar\u00e1 el turno de la tribuna e ingresar\u00eda unos 25 millones. Esto es porque el n\u00famero de entradas vendidas es menor por la presencia de invitaciones\u00a0y zonas para los medios.<\/p>\n<p>Despu\u00e9s de estas dos localidades, ser\u00e1 tiempo de las grader\u00edas norte y sur (detr\u00e1s de los arcos), que aportar\u00edan uno 20 millones por zafra. Adem\u00e1s, se le sumar\u00edan los \u00abc\u00f3rners\u00bb, con un estimado conjunto de 11 millones al a\u00f1o.<\/p>\n<p>As\u00ed se completar\u00edan los 80 millones que calcula la directiva del Barcelona, seg\u00fan la SER, \u00fanicamente por la tercera grader\u00eda, con un total de 83 millones de ingresos por temporada.<\/p>\n<p>En total, se espera que el Camp Nou ingrese unos 350 millones de euros anuales en total, lo que significa el futuro econ\u00f3mico del club.<\/p>\n<\/div>\n<\/div>\n<p><a href=\"https:\/\/www.liderendeportes.com\/noticias\/futbol\/futbol-europeo\/el-barcelona-podria-ingresar-mas-de-lo-esperado-por-el-camp-nou\/\" class=\" target=\" title=\"El Barcelona podr\u00eda ingresar m\u00e1s de lo esperado por el Camp Nou\" target=\"_blank\" rel=\"noopener\">Ver fuente<\/a><\/p>\n","protected":false},"excerpt":{"rendered":"<p>El FC Barcelona sabe que la venta de cualquier jugador o lo ingresado por ganar alguna competici\u00f3n, no se comparar\u00e1 con lo que va a ingresar -econ\u00f3micamente- cuando el Spotify Camp Nou termine la tercera grader\u00eda. Desde la directiva tienen claro que los d\u00edas de partido ser\u00e1n una de las grandes fuentes de ingresos, y [&hellip;]<\/p>\n","protected":false},"author":2,"featured_media":129423,"comment_status":"open","ping_status":"closed","sticky":false,"template":"","format":"standard","meta":{"footnotes":""},"categories":[7],"tags":[],"class_list":["post-129422","post","type-post","status-publish","format-standard","has-post-thumbnail","hentry","category-deporte"],"_links":{"self":[{"href":"https:\/\/enfoquenoticioso.com\/index.php?rest_route=\/wp\/v2\/posts\/129422","targetHints":{"allow":["GET"]}}],"collection":[{"href":"https:\/\/enfoquenoticioso.com\/index.php?rest_route=\/wp\/v2\/posts"}],"about":[{"href":"https:\/\/enfoquenoticioso.com\/index.php?rest_route=\/wp\/v2\/types\/post"}],"author":[{"embeddable":true,"href":"https:\/\/enfoquenoticioso.com\/index.php?rest_route=\/wp\/v2\/users\/2"}],"replies":[{"embeddable":true,"href":"https:\/\/enfoquenoticioso.com\/index.php?rest_route=%2Fwp%2Fv2%2Fcomments&post=129422"}],"version-history":[{"count":0,"href":"https:\/\/enfoquenoticioso.com\/index.php?rest_route=\/wp\/v2\/posts\/129422\/revisions"}],"wp:featuredmedia":[{"embeddable":true,"href":"https:\/\/enfoquenoticioso.com\/index.php?rest_route=\/wp\/v2\/media\/129423"}],"wp:attachment":[{"href":"https:\/\/enfoquenoticioso.com\/index.php?rest_route=%2Fwp%2Fv2%2Fmedia&parent=129422"}],"wp:term":[{"taxonomy":"category","embeddable":true,"href":"https:\/\/enfoquenoticioso.com\/index.php?rest_route=%2Fwp%2Fv2%2Fcategories&post=129422"},{"taxonomy":"post_tag","embeddable":true,"href":"https:\/\/enfoquenoticioso.com\/index.php?rest_route=%2Fwp%2Fv2%2Ftags&post=129422"}],"curies":[{"name":"wp","href":"https:\/\/api.w.org\/{rel}","templated":true}]}}