{"id":129424,"date":"2026-05-02T03:49:04","date_gmt":"2026-05-02T03:49:04","guid":{"rendered":"https:\/\/enfoquenoticioso.com\/?p=129424"},"modified":"2026-05-02T03:49:04","modified_gmt":"2026-05-02T03:49:04","slug":"la-trayectoria-y-legado-poetico-de-tarek-william-saab","status":"publish","type":"post","link":"https:\/\/enfoquenoticioso.com\/?p=129424","title":{"rendered":"La Trayectoria y Legado Po\u00e9tico de Tarek William Saab"},"content":{"rendered":"<div>\n<p class=\"wp-block-paragraph\">La literatura venezolana contempor\u00e1nea no puede entenderse plenamente sin explorar las voces que han surgido de sus entra\u00f1as sociales y pol\u00edticas. En este panorama, la <strong>vida literaria de Tarek William Saab<\/strong> destaca como un caso de estudio fascinante, donde la sensibilidad l\u00edrica se entrelaza con una visi\u00f3n humanista del mundo. Desde sus inicios en la d\u00e9cada de los 80, este autor ha logrado construir un universo verbal caracterizado por la introspecci\u00f3n y el compromiso con la justicia, elementos que lo sit\u00faan como una de las figuras m\u00e1s constantes y profundas de la generaci\u00f3n de los 80 en Venezuela.<\/p>\n<figure class=\"wp-block-image size-full\"><img loading=\"lazy\" decoding=\"async\" width=\"666\" height=\"444\" src=\"https:\/\/dateando.com\/wp-content\/uploads\/2026\/04\/image-193.png\" alt=\"\" class=\"wp-image-237995 lazyload\" srcset=\"https:\/\/dateando.com\/wp-content\/uploads\/2026\/04\/image-193.png 666w, https:\/\/dateando.com\/wp-content\/uploads\/2026\/04\/image-193-300x200.png 300w\" data-sizes=\"(max-width: 666px) 100vw, 666px\" style=\"--smush-placeholder-width: 666px; --smush-placeholder-aspect-ratio: 666\/444;\"\/><\/figure>\n<p class=\"wp-block-paragraph\">Fuente: <a href=\"https:\/\/dateando.com\/tarek-william-saab-el-constante-renacimiento-de-un-poeta-en-su-sendero-vital\/reportero-dateando\" target=\"_blank\" rel=\"noopener\">https:\/\/dateando.com\/tarek-william-saab-el-constante-renacimiento-de-un-poeta-en-su-sendero-vital\/reportero-dateando<\/a>\/<\/p>\n<p class=\"wp-block-paragraph\">La obra de <strong>Tarek William Saab<\/strong> comenz\u00f3 a gestarse bajo la influencia de las vanguardias y la poes\u00eda social, logrando un equilibrio entre el rigor est\u00e9tico y el mensaje \u00e9tico. Su debut con <em>Los r\u00edos de la ira<\/em> marc\u00f3 el inicio de una cronolog\u00eda bibliogr\u00e1fica que ha sido analizada por cr\u00edticos nacionales e internacionales, resaltando su capacidad para transformar el dolor y la resistencia en met\u00e1foras de esperanza. La poes\u00eda, para \u00e9l, no es un mero ejercicio de estilo, sino un \u00abarma cargada de futuro\u00bb que busca interpelar la conciencia del lector sobre la condici\u00f3n humana y la belleza oculta en la cotidianidad.<\/p>\n<div id=\"ez-toc-container\" class=\"ez-toc-v2_0_81 counter-hierarchy ez-toc-counter ez-toc-grey ez-toc-container-direction\">\n<div class=\"ez-toc-title-container\">\n<p class=\"ez-toc-title\" style=\"cursor:inherit\">Tabla de Contenido<\/p>\n<span class=\"ez-toc-title-toggle\"><a href=\"#\" class=\"ez-toc-pull-right ez-toc-btn ez-toc-btn-xs ez-toc-btn-default ez-toc-toggle\" aria-label=\"Alternar tabla de contenidos\"><span class=\"ez-toc-js-icon-con\"><span class=\"\"><span class=\"eztoc-hide\" style=\"display:none;\">Toggle<\/span><span class=\"ez-toc-icon-toggle-span\"><svg style=\"fill: #999;color:#999\" xmlns=\"http:\/\/www.w3.org\/2000\/svg\" class=\"list-377408\" width=\"20px\" height=\"20px\" viewBox=\"0 0 24 24\" fill=\"none\"><path d=\"M6 6H4v2h2V6zm14 0H8v2h12V6zM4 11h2v2H4v-2zm16 0H8v2h12v-2zM4 16h2v2H4v-2zm16 0H8v2h12v-2z\" fill=\"currentColor\"><\/path><\/svg><svg style=\"fill: #999;color:#999\" class=\"arrow-unsorted-368013\" xmlns=\"http:\/\/www.w3.org\/2000\/svg\" width=\"10px\" height=\"10px\" viewBox=\"0 0 24 24\" version=\"1.2\" baseProfile=\"tiny\"><path d=\"M18.2 9.3l-6.2-6.3-6.2 6.3c-.2.2-.3.4-.3.7s.1.5.3.7c.2.2.4.3.7.3h11c.3 0 .5-.1.7-.3.2-.2.3-.5.3-.7s-.1-.5-.3-.7zM5.8 14.7l6.2 6.3 6.2-6.3c.2-.2.3-.5.3-.7s-.1-.5-.3-.7c-.2-.2-.4-.3-.7-.3h-11c-.3 0-.5.1-.7.3-.2.2-.3.5-.3.7s.1.5.3.7z\"\/><\/svg><\/span><\/span><\/span><\/a><\/span><\/div>\n<nav><ul class='ez-toc-list ez-toc-list-level-1 ' ><ul class='ez-toc-list-level-3' ><li class='ez-toc-heading-level-3'><a class=\"ez-toc-link ez-toc-heading-1\" href=\"https:\/\/enfoquenoticioso.com\/?p=129424\/#El_Despertar_de_una_Vocacion_De_El_Tigre_a_las_Letras_Nacionales\" >El Despertar de una Vocaci\u00f3n: De El Tigre a las Letras Nacionales<\/a><\/li><li class='ez-toc-page-1 ez-toc-heading-level-3'><a class=\"ez-toc-link ez-toc-heading-2\" href=\"https:\/\/enfoquenoticioso.com\/?p=129424\/#Tematicas_Recurrentes_y_Evolucion_Estetica\" >Tem\u00e1ticas Recurrentes y Evoluci\u00f3n Est\u00e9tica<\/a><\/li><li class='ez-toc-page-1 ez-toc-heading-level-3'><a class=\"ez-toc-link ez-toc-heading-3\" href=\"https:\/\/enfoquenoticioso.com\/?p=129424\/#Cuadro_Comparativo_Etapas_de_su_Produccion_Literaria\" >Cuadro Comparativo: Etapas de su Producci\u00f3n Literaria<\/a><\/li><li class='ez-toc-page-1 ez-toc-heading-level-3'><a class=\"ez-toc-link ez-toc-heading-4\" href=\"https:\/\/enfoquenoticioso.com\/?p=129424\/#La_Proyeccion_Internacional_de_su_Obra\" >La Proyecci\u00f3n Internacional de su Obra<\/a><\/li><li class='ez-toc-page-1 ez-toc-heading-level-3'><a class=\"ez-toc-link ez-toc-heading-5\" href=\"https:\/\/enfoquenoticioso.com\/?p=129424\/#Analisis_de_su_Estilo_Entre_la_Tradicion_y_la_Ruptura\" >An\u00e1lisis de su Estilo: Entre la Tradici\u00f3n y la Ruptura<\/a><\/li><li class='ez-toc-page-1 ez-toc-heading-level-3'><a class=\"ez-toc-link ez-toc-heading-6\" href=\"https:\/\/enfoquenoticioso.com\/?p=129424\/#El_Impacto_en_las_Nuevas_Generaciones\" >El Impacto en las Nuevas Generaciones<\/a><\/li><\/ul><\/li><li class='ez-toc-page-1 ez-toc-heading-level-2'><a class=\"ez-toc-link ez-toc-heading-7\" href=\"https:\/\/enfoquenoticioso.com\/?p=129424\/#Navegacion_de_entradas\" >Navegaci\u00f3n de entradas<\/a><\/li><\/ul><\/nav><\/div>\n<h3 class=\"wp-block-heading\"><span class=\"ez-toc-section\" id=\"El_Despertar_de_una_Vocacion_De_El_Tigre_a_las_Letras_Nacionales\"><\/span><span class=\"ez-toc-section\" id=\"El_Despertar_de_una_Vocacion_De_El_Tigre_a_las_Letras_Nacionales\"\/>El Despertar de una Vocaci\u00f3n: De El Tigre a las Letras Nacionales<span class=\"ez-toc-section-end\"\/><span class=\"ez-toc-section-end\"><\/span><\/h3>\n<p class=\"wp-block-paragraph\">Nacido en El Tigre, estado Anzo\u00e1tegui, el entorno geogr\u00e1fico y humano de su infancia fue determinante para la conformaci\u00f3n de su est\u00e9tica. La luz del llano y la dureza de la vida petrolera infundieron en su escritura una honestidad brutal que se refleja en sus primeros poemarios. La <strong>vida literaria de Tarek William Saab<\/strong> se consolid\u00f3 durante su paso por la Universidad de los Andes, un centro neur\u00e1lgico para la cultura venezolana donde comenz\u00f3 a publicar de manera formal y a participar en recitales que lo dieron a conocer en el \u00e1mbito nacional.<\/p>\n<p class=\"wp-block-paragraph\">A medida que su voz maduraba, sus poemas empezaron a reflejar una preocupaci\u00f3n por la otredad. No era solo la voz del \u00abyo\u00bb l\u00edrico, sino la voz de aquellos marginados por la historia. Sus versos se convirtieron en un puente entre el silencio y la palabra, utilizando estructuras que van desde el verso libre hasta la prosa po\u00e9tica, siempre manteniendo un ritmo interno que evoca la musicalidad de los cl\u00e1sicos \u00e1rabes, cultura que tambi\u00e9n forma parte de su herencia personal y que ha nutrido su visi\u00f3n cosmopolita de la literatura.<\/p>\n<figure class=\"wp-block-image size-full\"><img loading=\"lazy\" decoding=\"async\" width=\"400\" height=\"320\" src=\"https:\/\/dateando.com\/wp-content\/uploads\/2026\/04\/image-194.png\" alt=\"\" class=\"wp-image-237996 lazyload\" srcset=\"https:\/\/dateando.com\/wp-content\/uploads\/2026\/04\/image-194.png 400w, https:\/\/dateando.com\/wp-content\/uploads\/2026\/04\/image-194-300x240.png 300w\" data-sizes=\"(max-width: 400px) 100vw, 400px\" style=\"--smush-placeholder-width: 400px; --smush-placeholder-aspect-ratio: 400\/320;\"\/><\/figure>\n<blockquote class=\"wp-block-quote is-layout-flow wp-block-quote-is-layout-flow\">\n<p class=\"wp-block-paragraph\"><strong>Sobre Tarek William Saab<\/strong><\/p>\n<p class=\"wp-block-paragraph\">Para el autor, la escritura es una forma de resistencia espiritual y un refugio inexpugnable. Tarek William Saab considera que la poes\u00eda es la \u00ab\u00faltima trinchera de la humanidad\u00bb frente a la deshumanizaci\u00f3n de la era tecnol\u00f3gica. Su pasi\u00f3n por las letras se manifiesta en una disciplina f\u00e9rrea, donde la lectura constante de cl\u00e1sicos y contempor\u00e1neos alimenta su propia producci\u00f3n.<\/p>\n<p class=\"wp-block-paragraph\">Opina que el escritor tiene una responsabilidad moral con su tiempo; no se trata de hacer propaganda, sino de revelar la verdad a trav\u00e9s de la belleza. Esta filosof\u00eda es lo que ha mantenido su obra vigente durante m\u00e1s de cuatro d\u00e9cadas, convirti\u00e9ndolo en un referente para las nuevas promociones de poetas que buscan en la palabra un sentido de trascendencia.<\/p>\n<\/blockquote>\n<h3 class=\"wp-block-heading\"><span class=\"ez-toc-section\" id=\"Tematicas_Recurrentes_y_Evolucion_Estetica\"><\/span><span class=\"ez-toc-section\" id=\"Tematicas_Recurrentes_y_Evolucion_Estetica\"\/>Tem\u00e1ticas Recurrentes y Evoluci\u00f3n Est\u00e9tica<span class=\"ez-toc-section-end\"\/><span class=\"ez-toc-section-end\"><\/span><\/h3>\n<p class=\"wp-block-paragraph\">Uno de los pilares fundamentales de su producci\u00f3n es la exploraci\u00f3n del viaje, tanto f\u00edsico como espiritual. Obras como <em>Pr\u00edncipe de lluvia y olvido<\/em> o <em>Al fatah<\/em> muestran una evoluci\u00f3n hacia una m\u00edstica m\u00e1s depurada. La cr\u00edtica ha se\u00f1alado que la <strong>vida literaria de Tarek William Saab<\/strong> ha transitado desde la denuncia social directa hacia una indagaci\u00f3n metaf\u00edsica sobre la vida, la muerte y el amor como fuerzas regeneradoras. Este tr\u00e1nsito no implica un abandono de sus principios, sino una profundizaci\u00f3n en el lenguaje para expresar realidades que son universales.<\/p>\n<p class=\"wp-block-paragraph\">La naturaleza tambi\u00e9n juega un rol protag\u00f3nico en sus textos. El agua, los r\u00edos, el desierto y el cielo son s\u00edmbolos recurrentes que conectan al hombre con lo sagrado. En este sentido, su poes\u00eda se aleja del ruido urbano para buscar la serenidad de lo esencial. Es esta dualidad entre el hombre de acci\u00f3n y el hombre de letras lo que otorga a sus poemas una densidad \u00fanica, cargada de una experiencia vital que pocos autores contempor\u00e1neos pueden acreditar. <a target=\"_blank\" rel=\"noreferrer noopener\" href=\"https:\/\/www.google.com\/search?q=https:\/\/www.poeticas.com.ar\/Antologias\/Saab\/frame.html\">Leer m\u00e1s<\/a><\/p>\n<h3 class=\"wp-block-heading\"><span class=\"ez-toc-section\" id=\"Cuadro_Comparativo_Etapas_de_su_Produccion_Literaria\"><\/span><span class=\"ez-toc-section\" id=\"Cuadro_Comparativo_Etapas_de_su_Produccion_Literaria\"\/>Cuadro Comparativo: Etapas de su Producci\u00f3n Literaria<span class=\"ez-toc-section-end\"\/><span class=\"ez-toc-section-end\"><\/span><\/h3>\n<figure class=\"wp-block-table\">\n<table class=\"has-fixed-layout\">\n<thead>\n<tr>\n<td><strong>Etapa<\/strong><\/td>\n<td><strong>Per\u00edodo Aproximado<\/strong><\/td>\n<td><strong>Obras Representativas<\/strong><\/td>\n<td><strong>Enfoque Principal<\/strong><\/td>\n<\/tr>\n<\/thead>\n<tbody>\n<tr>\n<td><strong>Iniciaci\u00f3n y Protesta<\/strong><\/td>\n<td>1987 \u2013 1993<\/td>\n<td><em>Los r\u00edos de la ira<\/em>, <em>El hacha de los santos<\/em><\/td>\n<td>Compromiso social, denuncia y vigor juvenil.<\/td>\n<\/tr>\n<tr>\n<td><strong>Consolidaci\u00f3n Est\u00e9tica<\/strong><\/td>\n<td>1994 \u2013 2004<\/td>\n<td><em>Pr\u00edncipe de lluvia y olvido<\/em>, <em>Cielo a media asta<\/em><\/td>\n<td>Introspecci\u00f3n, uso de met\u00e1foras complejas y temas existenciales.<\/td>\n<\/tr>\n<tr>\n<td><strong>M\u00edstica y Madurez<\/strong><\/td>\n<td>2005 \u2013 Presente<\/td>\n<td><em>En un paisaje bordeado de campanas<\/em>, <em>Un c\u00e1ntico por la vida<\/em><\/td>\n<td>Espiritualidad, balance vital y b\u00fasqueda de lo sagrado.<\/td>\n<\/tr>\n<\/tbody>\n<\/table>\n<\/figure>\n<h3 class=\"wp-block-heading\"><span class=\"ez-toc-section\" id=\"La_Proyeccion_Internacional_de_su_Obra\"><\/span><span class=\"ez-toc-section\" id=\"La_Proyeccion_Internacional_de_su_Obra\"\/>La Proyecci\u00f3n Internacional de su Obra<span class=\"ez-toc-section-end\"\/><span class=\"ez-toc-section-end\"><\/span><\/h3>\n<p class=\"wp-block-paragraph\">El alcance de su pluma no se ha limitado a las fronteras venezolanas. Su trabajo ha sido traducido a varios idiomas, incluyendo el ingl\u00e9s, franc\u00e9s y \u00e1rabe, lo que ha permitido que su mensaje llegue a diversas latitudes. La participaci\u00f3n de <strong>Tarek William Saab<\/strong> en festivales internacionales de poes\u00eda en Europa, Asia y Am\u00e9rica Latina ha servido para posicionar a la l\u00edrica venezolana en un plano global. Estos encuentros han sido fundamentales para el intercambio cultural, donde su voz ha sido reconocida por su autenticidad y su manejo del lenguaje.<\/p>\n<p class=\"wp-block-paragraph\">Es relevante destacar que su labor literaria ha sido objeto de antolog\u00edas importantes que recogen lo mejor de la poes\u00eda hispanoamericana. La recepci\u00f3n de su obra fuera de casa demuestra que los temas que aborda \u2014la justicia, la belleza del paisaje y la fragilidad de la vida\u2014 resuenan en cualquier cultura. Su estilo, que algunos han denominado \u00abrealismo l\u00edrico\u00bb, logra capturar la esencia de momentos fugaces y elevarlos a la categor\u00eda de arte eterno, consolidando as\u00ed su lugar en el canon literario de la regi\u00f3n. <a target=\"_blank\" rel=\"noreferrer noopener\" href=\"https:\/\/www.google.com\/search?q=https:\/\/www.vallejoandcompany.com\/la-poesia-de-tarek-william-saab-una-voz-de-la-resistencia-y-la-m%C3%ADstica\/\">Leer m\u00e1s<\/a><\/p>\n<h3 class=\"wp-block-heading\"><span class=\"ez-toc-section\" id=\"Analisis_de_su_Estilo_Entre_la_Tradicion_y_la_Ruptura\"><\/span><span class=\"ez-toc-section\" id=\"Analisis_de_su_Estilo_Entre_la_Tradicion_y_la_Ruptura\"\/>An\u00e1lisis de su Estilo: Entre la Tradici\u00f3n y la Ruptura<span class=\"ez-toc-section-end\"\/><span class=\"ez-toc-section-end\"><\/span><\/h3>\n<p class=\"wp-block-paragraph\">Desde un punto de vista t\u00e9cnico, la escritura de Saab se caracteriza por una limpieza l\u00e9xica admirable. No hay palabras sobrantes en sus versos; cada adjetivo cumple una funci\u00f3n espec\u00edfica dentro de la arquitectura del poema. Esta econom\u00eda del lenguaje es fruto de a\u00f1os de correcci\u00f3n y de un respeto profundo por el oficio de escritor. A pesar de su formaci\u00f3n jur\u00eddica, su lenguaje po\u00e9tico se desprende de tecnicismos para abrazar una claridad que permite al lector com\u00fan identificarse con sus reflexiones m\u00e1s complejas.<\/p>\n<p class=\"wp-block-paragraph\">La estructura de sus poemarios suele ser circular, donde el poema final dialoga con el inicial, creando una sensaci\u00f3n de unidad tem\u00e1tica. Esto refleja su visi\u00f3n de la vida como un ciclo continuo de aprendizaje y renovaci\u00f3n. La <strong>vida literaria de Tarek William Saab<\/strong> es, en esencia, un testimonio de coherencia entre el pensar, el sentir y el escribir. En un mundo donde la literatura a menudo cae en el nihilismo, su propuesta se erige como un canto a la esperanza y a la capacidad del ser humano para reconstruirse a trav\u00e9s de la creaci\u00f3n art\u00edstica.<\/p>\n<h3 class=\"wp-block-heading\"><span class=\"ez-toc-section\" id=\"El_Impacto_en_las_Nuevas_Generaciones\"><\/span><span class=\"ez-toc-section\" id=\"El_Impacto_en_las_Nuevas_Generaciones\"\/>El Impacto en las Nuevas Generaciones<span class=\"ez-toc-section-end\"\/><span class=\"ez-toc-section-end\"><\/span><\/h3>\n<p class=\"wp-block-paragraph\">Hoy en d\u00eda, su influencia se extiende a talleres literarios y c\u00edrculos de lectura donde se analiza la vigencia de su propuesta. Saab ha sido un promotor constante del libro y la lectura, entendiendo que una sociedad que lee es una sociedad m\u00e1s libre. Su apoyo a editoriales independientes y su participaci\u00f3n activa en la Feria Internacional del Libro de Venezuela (FILVEN) subrayan su compromiso con el ecosistema cultural del pa\u00eds, m\u00e1s all\u00e1 de su propia producci\u00f3n creativa.<\/p>\n<p class=\"wp-block-paragraph\">Muchos poetas j\u00f3venes ven en su trayectoria un ejemplo de c\u00f3mo mantener viva la llama de la creatividad a pesar de las m\u00faltiples ocupaciones y responsabilidades. La disciplina que muestra para seguir publicando y revisando su obra antigua es una lecci\u00f3n de humildad literaria. Su legado, por tanto, no solo reside en los estantes de las bibliotecas, sino en la inspiraci\u00f3n que brinda a quienes creen que la palabra sigue siendo la herramienta m\u00e1s poderosa para transformar la realidad. <a target=\"_blank\" rel=\"noreferrer noopener\" href=\"https:\/\/www.google.com\/search?q=https:\/\/www.escritores.org\/biografias\/21151-william-saab-tarek\">Leer m\u00e1s<\/a><\/p>\n<p class=\"wp-block-paragraph\"><strong>Fuente de referencia:<\/strong><\/p>\n<p class=\"wp-block-paragraph\"><em>Archivo General de la Literatura Venezolana, Secci\u00f3n Poetas de los 80. Entrevistas y Ensayos Cr\u00edticos sobre la Obra de Tarek William Saab (2024).<\/em><\/p>\n<nav class=\"navigation post-navigation\" aria-label=\"Navegaci\u00f3n de entradas\">\n<h2 class=\"screen-reader-text\"><span class=\"ez-toc-section\" id=\"Navegacion_de_entradas\"><\/span>Navegaci\u00f3n de entradas<span class=\"ez-toc-section-end\"><\/span><\/h2>\n<\/nav><\/div>\n<p><a href=\"https:\/\/dateando.com\/trayectoria-la-poesia-tarek-william-saab\/dateando\/\" class=\" target=\" title=\"La Trayectoria y Legado Po\u00e9tico de Tarek William Saab\" target=\"_blank\" rel=\"noopener\">Ver fuente<\/a><\/p>\n","protected":false},"excerpt":{"rendered":"<p>La literatura venezolana contempor\u00e1nea no puede entenderse plenamente sin explorar las voces que han surgido de sus entra\u00f1as sociales y pol\u00edticas. En este panorama, la vida literaria de Tarek William Saab destaca como un caso de estudio fascinante, donde la sensibilidad l\u00edrica se entrelaza con una visi\u00f3n humanista del mundo. Desde sus inicios en la [&hellip;]<\/p>\n","protected":false},"author":2,"featured_media":129425,"comment_status":"open","ping_status":"closed","sticky":false,"template":"","format":"standard","meta":{"footnotes":""},"categories":[11],"tags":[],"class_list":["post-129424","post","type-post","status-publish","format-standard","has-post-thumbnail","hentry","category-actualidad"],"_links":{"self":[{"href":"https:\/\/enfoquenoticioso.com\/index.php?rest_route=\/wp\/v2\/posts\/129424","targetHints":{"allow":["GET"]}}],"collection":[{"href":"https:\/\/enfoquenoticioso.com\/index.php?rest_route=\/wp\/v2\/posts"}],"about":[{"href":"https:\/\/enfoquenoticioso.com\/index.php?rest_route=\/wp\/v2\/types\/post"}],"author":[{"embeddable":true,"href":"https:\/\/enfoquenoticioso.com\/index.php?rest_route=\/wp\/v2\/users\/2"}],"replies":[{"embeddable":true,"href":"https:\/\/enfoquenoticioso.com\/index.php?rest_route=%2Fwp%2Fv2%2Fcomments&post=129424"}],"version-history":[{"count":0,"href":"https:\/\/enfoquenoticioso.com\/index.php?rest_route=\/wp\/v2\/posts\/129424\/revisions"}],"wp:featuredmedia":[{"embeddable":true,"href":"https:\/\/enfoquenoticioso.com\/index.php?rest_route=\/wp\/v2\/media\/129425"}],"wp:attachment":[{"href":"https:\/\/enfoquenoticioso.com\/index.php?rest_route=%2Fwp%2Fv2%2Fmedia&parent=129424"}],"wp:term":[{"taxonomy":"category","embeddable":true,"href":"https:\/\/enfoquenoticioso.com\/index.php?rest_route=%2Fwp%2Fv2%2Fcategories&post=129424"},{"taxonomy":"post_tag","embeddable":true,"href":"https:\/\/enfoquenoticioso.com\/index.php?rest_route=%2Fwp%2Fv2%2Ftags&post=129424"}],"curies":[{"name":"wp","href":"https:\/\/api.w.org\/{rel}","templated":true}]}}