{"id":129544,"date":"2026-05-03T10:12:58","date_gmt":"2026-05-03T10:12:58","guid":{"rendered":"https:\/\/enfoquenoticioso.com\/?p=129544"},"modified":"2026-05-03T10:12:58","modified_gmt":"2026-05-03T10:12:58","slug":"a-que-hora-se-estrenan-los-episodios-9-y-10-de-maul-senor-de-las-sombras-el-final-de-la-nueva-serie-de-star-wars","status":"publish","type":"post","link":"https:\/\/enfoquenoticioso.com\/?p=129544","title":{"rendered":"\u00bfA qu\u00e9 hora se estrenan los episodios 9 y 10 de \u2018Maul: Se\u00f1or de las Sombras\u2019, el final de la nueva serie de \u2018Star Wars\u2019?"},"content":{"rendered":"<figure><img loading=\"lazy\" decoding=\"async\" width=\"1024\" height=\"614\" src=\"https:\/\/i0.wp.com\/imgs.hipertextual.com\/wp-content\/uploads\/2026\/04\/Maul-Senor-de-las-Sombras.jpg?fit=1024%2C614&amp;quality=70&amp;strip=all&amp;ssl=1\" class=\"attachment-rss-image-size size-rss-image-size wp-post-image\" alt=\"Maul Se\u00f1or de las Sombras\" \/><\/figure>\n<p><em><strong>Star Wars<\/strong><\/em>&nbsp;ya est\u00e1 lista para poner el punto y final a la primera temporada de su nueva serie,&nbsp;<strong><em><a href=\"https:\/\/hipertextual.com\/cine-television\/maul-senor-de-las-sombras-critica-star-wars\/\" target=\"_blank\" rel=\"noopener\">Maul: Se\u00f1or de las Sombras<\/a><\/em><\/strong>. Se trata del primer proyecto protagonizado por el temible&nbsp;<strong>Darth Maul<\/strong>, villano de&nbsp;<em><a href=\"https:\/\/hipertextual.com\/cine-television\/star-wars-ep-i-la-amenaza-fantasma-cumple-25-anos\/\" target=\"_blank\" rel=\"noopener\">Star Wars: Ep. I &#8211; La amenaza fantasma<\/a><\/em>. El personaje es <a href=\"https:\/\/hipertextual.com\/cine-television\/uno-de-los-mejores-villanos-de-star-wars-vuelve-en-la-proxima-serie-que-ya-tiene-trailer-y-fecha-de-estreno-inminente\/\" target=\"_blank\" rel=\"noopener\">uno de los grandes favoritos de los fans<\/a>&nbsp;y, tras m\u00e1s de 25 a\u00f1os, por fin tiene su propio t\u00edtulo en forma de serie animada. De hecho, ya ha batido r\u00e9cords hist\u00f3ricos en Disney+. Adem\u00e1s, tambi\u00e9n cuenta con el reciente nominado al Oscar <a href=\"https:\/\/hipertextual.com\/cine-television\/entrevista-wagner-moura-star-wars-maul-senor-de-las-sombras\/\" target=\"_blank\" rel=\"noopener\"><strong>Wagner Moura<\/strong> como coprotagonista<\/a>.<\/p>\n<p>Ambientada despu\u00e9s de los acontecimientos de&nbsp;<em><a href=\"https:\/\/hipertextual.com\/cine-television\/the-mandalorian-y-grogu-ficha-jeremy-allen-white-star-wars\/\" target=\"_blank\" rel=\"noopener\">Star Wars: The Clone Wars<\/a><\/em>, esta aventura&nbsp;sigue a&nbsp;<strong>Maul<\/strong>&nbsp;mientras planea reconstruir su sindicato criminal en un planeta que a\u00fan no ha sido alcanzado por el Imperio. All\u00ed se cruza con una joven padawan Jedi desencantada, que podr\u00eda convertirse en la aprendiz que necesita <a href=\"https:\/\/hipertextual.com\/cine-television\/star-wars-anuncia-nueva-serie-darth-maul-trailer-titulo-fecha-de-estreno\/\" target=\"_blank\" rel=\"noopener\">en su incansable b\u00fasqueda de venganza<\/a>.<\/p>\n<p>En cuanto a d\u00f3nde podr\u00e1 verse, a diferencia de otros t\u00edtulos, aqu\u00ed no depende para nada del territorio. En Estados Unidos, Espa\u00f1a, Latinoam\u00e9rica y en el resto del mundo,&nbsp;<strong><em>Maul: Se\u00f1or de las Sombras<\/em>&nbsp;est\u00e1 disponible \u00fanicamente en&nbsp;<a href=\"https:\/\/www.disneyplus.com\/es-es\/browse\/entity-9ba0f41b-6173-4ff1-8967-71cad0620244\" target=\"_blank\" rel=\"noreferrer noopener\">Disney+<\/a><\/strong>. La plataforma alberga los derechos de&nbsp;<a href=\"https:\/\/hipertextual.com\/cine-television\/cual-es-la-proxima-serie-de-star-wars-despues-de-andor\/\" target=\"_blank\" rel=\"noopener\">toda la franquicia Star Wars<\/a>. Y, tal y como ocurre con el resto de proyectos de la saga gal\u00e1ctica, podr\u00e1 verse en exclusiva en la plataforma de streaming de La Casa del Rat\u00f3n. Ahora, se van a estrenar al fin sus dos \u00faltimos episodios.<\/p>\n<figure class=\"wp-block-image alignwide size-large\"><img loading=\"lazy\" decoding=\"async\" data-recalc-dims=\"1\" width=\"780\" height=\"324\" src=\"https:\/\/i0.wp.com\/imgs.hipertextual.com\/wp-content\/uploads\/2026\/04\/Darth-Maul-1500x624.jpg?resize=780%2C324&#038;quality=70&#038;strip=all&#038;ssl=1\" alt=\"Maul Se\u00f1or de las Sombras Star Wars\" class=\"wp-image-1880726\" \/><\/figure>\n<div id=\"ez-toc-container\" class=\"ez-toc-v2_0_81 counter-hierarchy ez-toc-counter ez-toc-grey ez-toc-container-direction\">\n<div class=\"ez-toc-title-container\">\n<p class=\"ez-toc-title\" style=\"cursor:inherit\">Tabla de Contenido<\/p>\n<span class=\"ez-toc-title-toggle\"><a href=\"#\" class=\"ez-toc-pull-right ez-toc-btn ez-toc-btn-xs ez-toc-btn-default ez-toc-toggle\" aria-label=\"Alternar tabla de contenidos\"><span class=\"ez-toc-js-icon-con\"><span class=\"\"><span class=\"eztoc-hide\" style=\"display:none;\">Toggle<\/span><span class=\"ez-toc-icon-toggle-span\"><svg style=\"fill: #999;color:#999\" xmlns=\"http:\/\/www.w3.org\/2000\/svg\" class=\"list-377408\" width=\"20px\" height=\"20px\" viewBox=\"0 0 24 24\" fill=\"none\"><path d=\"M6 6H4v2h2V6zm14 0H8v2h12V6zM4 11h2v2H4v-2zm16 0H8v2h12v-2zM4 16h2v2H4v-2zm16 0H8v2h12v-2z\" fill=\"currentColor\"><\/path><\/svg><svg style=\"fill: #999;color:#999\" class=\"arrow-unsorted-368013\" xmlns=\"http:\/\/www.w3.org\/2000\/svg\" width=\"10px\" height=\"10px\" viewBox=\"0 0 24 24\" version=\"1.2\" baseProfile=\"tiny\"><path d=\"M18.2 9.3l-6.2-6.3-6.2 6.3c-.2.2-.3.4-.3.7s.1.5.3.7c.2.2.4.3.7.3h11c.3 0 .5-.1.7-.3.2-.2.3-.5.3-.7s-.1-.5-.3-.7zM5.8 14.7l6.2 6.3 6.2-6.3c.2-.2.3-.5.3-.7s-.1-.5-.3-.7c-.2-.2-.4-.3-.7-.3h-11c-.3 0-.5.1-.7.3-.2.2-.3.5-.3.7s.1.5.3.7z\"\/><\/svg><\/span><\/span><\/span><\/a><\/span><\/div>\n<nav><ul class='ez-toc-list ez-toc-list-level-1 ' ><li class='ez-toc-page-1 ez-toc-heading-level-2'><a class=\"ez-toc-link ez-toc-heading-1\" href=\"https:\/\/enfoquenoticioso.com\/?p=129544\/#Hora_de_estreno_del_final_de_Maul_Senor_de_las_Sombras\" >Hora de estreno del final de Maul: Se\u00f1or de las Sombras<\/a><\/li><\/ul><\/nav><\/div>\n<h2 class=\"wp-block-heading\" id=\"h-hora-de-estreno-del-final-de-nbsp-maul-senor-de-las-sombras\"><span class=\"ez-toc-section\" id=\"Hora_de_estreno_del_final_de_Maul_Senor_de_las_Sombras\"><\/span>Hora de estreno del final de <em>Maul: Se\u00f1or de las Sombras<\/em><span class=\"ez-toc-section-end\"><\/span><\/h2>\n<p>Como parte de la celebraci\u00f3n del <strong>Star Wars Day<\/strong>, los episodios 9 y 10 de <em>Maul: Se\u00f1or de las Sombras<\/em> van a tener un horario de estreno muy diferente al habitual. Y es que, si normalmente se estrenaban a las 3:00 am ET, esta vez no va a ser as\u00ed. Disney+ y Lucasfilm han decidido que el final de la nueva serie de Star Wars se estrene <strong>el 4 de mayo a las 00:00 AM hora local<\/strong>. Es decir, ver\u00e1n la luz en cada territorio de manera independiente en el momento en el que el reloj d\u00e9 la medianoche y comience el Star Wars Day.<\/p>\n<p>As\u00ed, por ejemplo, pa\u00edses como Nueva Zelanda y Australia ser\u00e1n los primeros en disfrutar de los dos \u00faltimos episodios de <em>Maul: Se\u00f1or de las Sombras<\/em>. Y de esta forma, a Espa\u00f1a y el resto de Europa tambi\u00e9n llegar\u00e1n antes que a Estados Unidos y Am\u00e9rica Latina, quienes tendr\u00e1n que esperar a que sea 4 de mayo en sus respectivos pa\u00edses para poder verlos.<\/p>\n<div class=\"wp-block-group is-style-default has-primary-color has-text-color has-background\" style=\"background-color:#007e941c\">\n<div class=\"wp-block-group__inner-container is-layout-flow wp-block-group-is-layout-flow\">\n<div class=\"wp-block-columns is-layout-flex wp-container-core-columns-is-layout-9d6595d7 wp-block-columns-is-layout-flex\">\n<div class=\"wp-block-column is-vertically-aligned-center is-layout-flow wp-block-column-is-layout-flow\" style=\"flex-basis:30%\">\n<div class=\"wp-block-image\">\n<figure class=\"aligncenter size-full\"><img loading=\"lazy\" decoding=\"async\" data-recalc-dims=\"1\" width=\"377\" height=\"354\" src=\"https:\/\/i0.wp.com\/imgs.hipertextual.com\/wp-content\/uploads\/2024\/03\/new-disney-icon-splash-screen-v0-v5hjilcy4qpc1.jpeg?resize=377%2C354&#038;quality=70&#038;strip=all&#038;ssl=1\" alt=\"\" class=\"wp-image-1785767\" \/><\/figure>\n<\/div>\n<\/div>\n<div class=\"wp-block-column is-layout-flow wp-block-column-is-layout-flow\" style=\"flex-basis:70%\">\n<p class=\"has-text-align-center\" style=\"font-size:17px\">Date de <strong>alta en <a href=\"https:\/\/disneyplus.bn5x.net\/DV0Mzo\" target=\"_blank\" rel=\"noreferrer noopener sponsored nofollow\">Disney+<\/a><\/strong> ahora y <strong>ahorra gracias a la suscripci\u00f3n anual<\/strong>, con la que podr\u00e1s disfrutar de todo su cat\u00e1logo de series y pel\u00edculas. <strong>Acceso a los \u00faltimos estrenos<\/strong>, al cat\u00e1logo de <strong>Star<\/strong> y ESPN* y a los mejores documentales de National Geographic.<\/p>\n<div class=\"wp-block-buttons is-content-justification-center is-layout-flex wp-container-core-buttons-is-layout-16018d1d wp-block-buttons-is-layout-flex\">\n<div class=\"wp-block-button has-custom-width wp-block-button__width-100 is-style-fill\"><a class=\"wp-block-button__link has-white-color has-text-color has-background has-custom-font-size wp-element-button\" href=\"https:\/\/geni.us\/dpromo\" style=\"border-radius:6px;background:linear-gradient(135deg,rgb(0,124,147) 0%,rgb(4,57,78) 51%);font-size:18px\" target=\"_blank\" rel=\"noreferrer noopener sponsored nofollow\">Suscr\u00edbete con descuento<\/a><\/div>\n<\/div>\n<\/div>\n<\/div>\n<p style=\"font-size:11px\"><em>*ESPN solo est\u00e1 disponible en Latinoam\u00e9rica. Ahorro respecto a 12 meses de suscripci\u00f3n mensual.<\/em><\/p>\n<\/div>\n<\/div>\n<p>Se trata de una estrategia muy inusual pero que servir\u00e1 para dar comienzo al d\u00eda de Star Wars de la mejor manera posible. En esta cita anual, la compa\u00f1\u00eda siempre prepara varios eventos y situaciones para que los fans de todo el mundo pasen un d\u00eda lo m\u00e1s gal\u00e1ctico posible. Por supuesto, el final de la exitosa serie ser\u00e1 uno de los platos fuertes en este 2026.<\/p>\n<p>Seguir leyendo: <a href=\"https:\/\/hipertextual.com\/cine-television\/a-que-hora-se-estrenan-episodios-9-y-10-maul-senor-de-las-sombras-final-serie-star-wars\/\" target=\"_blank\" rel=\"noopener\">\u00bfA qu\u00e9 hora se estrenan los episodios 9 y 10 de &#8216;Maul: Se\u00f1or de las Sombras&#8217;, el final de la nueva serie de &#8216;Star Wars&#8217;?<\/a><\/p>\n<p><a href=\"https:\/\/hipertextual.com\/cine-television\/a-que-hora-se-estrenan-episodios-9-y-10-maul-senor-de-las-sombras-final-serie-star-wars\/\" class=\" target=\" title=\"\u00bfA qu\u00e9 hora se estrenan los episodios 9 y 10 de \u2018Maul: Se\u00f1or de las Sombras\u2019, el final de la nueva serie de \u2018Star Wars\u2019?\" target=\"_blank\" rel=\"noopener\">Ver fuente<\/a><\/p>\n","protected":false},"excerpt":{"rendered":"<p>Star Wars&nbsp;ya est\u00e1 lista para poner el punto y final a la primera temporada de su nueva serie,&nbsp;Maul: Se\u00f1or de las Sombras. Se trata del primer proyecto protagonizado por el temible&nbsp;Darth Maul, villano de&nbsp;Star Wars: Ep. I &#8211; La amenaza fantasma. El personaje es uno de los grandes favoritos de los fans&nbsp;y, tras m\u00e1s de [&hellip;]<\/p>\n","protected":false},"author":2,"featured_media":129545,"comment_status":"open","ping_status":"closed","sticky":false,"template":"","format":"standard","meta":{"footnotes":""},"categories":[9],"tags":[],"class_list":["post-129544","post","type-post","status-publish","format-standard","has-post-thumbnail","hentry","category-tecnologia"],"_links":{"self":[{"href":"https:\/\/enfoquenoticioso.com\/index.php?rest_route=\/wp\/v2\/posts\/129544","targetHints":{"allow":["GET"]}}],"collection":[{"href":"https:\/\/enfoquenoticioso.com\/index.php?rest_route=\/wp\/v2\/posts"}],"about":[{"href":"https:\/\/enfoquenoticioso.com\/index.php?rest_route=\/wp\/v2\/types\/post"}],"author":[{"embeddable":true,"href":"https:\/\/enfoquenoticioso.com\/index.php?rest_route=\/wp\/v2\/users\/2"}],"replies":[{"embeddable":true,"href":"https:\/\/enfoquenoticioso.com\/index.php?rest_route=%2Fwp%2Fv2%2Fcomments&post=129544"}],"version-history":[{"count":0,"href":"https:\/\/enfoquenoticioso.com\/index.php?rest_route=\/wp\/v2\/posts\/129544\/revisions"}],"wp:featuredmedia":[{"embeddable":true,"href":"https:\/\/enfoquenoticioso.com\/index.php?rest_route=\/wp\/v2\/media\/129545"}],"wp:attachment":[{"href":"https:\/\/enfoquenoticioso.com\/index.php?rest_route=%2Fwp%2Fv2%2Fmedia&parent=129544"}],"wp:term":[{"taxonomy":"category","embeddable":true,"href":"https:\/\/enfoquenoticioso.com\/index.php?rest_route=%2Fwp%2Fv2%2Fcategories&post=129544"},{"taxonomy":"post_tag","embeddable":true,"href":"https:\/\/enfoquenoticioso.com\/index.php?rest_route=%2Fwp%2Fv2%2Ftags&post=129544"}],"curies":[{"name":"wp","href":"https:\/\/api.w.org\/{rel}","templated":true}]}}