{"id":129546,"date":"2026-05-03T10:27:00","date_gmt":"2026-05-03T10:27:00","guid":{"rendered":"https:\/\/enfoquenoticioso.com\/?p=129546"},"modified":"2026-05-03T10:27:00","modified_gmt":"2026-05-03T10:27:00","slug":"consternada-portuguesa-por-la-muerte-del-joven-medico-vittorio-giany-rodriguez","status":"publish","type":"post","link":"https:\/\/enfoquenoticioso.com\/?p=129546","title":{"rendered":"Consternada Portuguesa por la muerte del joven m\u00e9dico Vittorio Giany Rodr\u00edguez"},"content":{"rendered":"<div>\n<p>Un m\u00e9dico de 29 a\u00f1os perdi\u00f3 a vida este s\u00e1bado luego de que su veh\u00edculo se sali\u00f3 de la carretera y se estrell\u00f3 contra un \u00e1rbol en la autopista Jos\u00e9 Antonio P\u00e1ez. Esto a la altura del sector Las Mar\u00edas, en el municipio Guanare, estado Portuguesa.<\/p>\n<p>La v\u00edctima fue identificada como Vittorio Giany Rodr\u00edguez Scialpi, quien resid\u00eda en el barrio Los Guasimitos de Barinas, donde estudiaba su especializaci\u00f3n en oftalmolog\u00eda.<\/p>\n<p>Seg\u00fan el portal Portuguesa reporta, Rodr\u00edguez Scialpi egres\u00f3 de la Universidad Nacional Experimental Francisco de Miranda, en Coro (Falc\u00f3n), de donde se gradu\u00f3 en el a\u00f1o 2023.<\/p>\n<p>El suceso caus\u00f3 consternaci\u00f3n entre los allegados, especialmente por encontrarse lejos de su familia, que est\u00e1 fuera del pa\u00eds.<\/p>\n<blockquote class=\"instagram-media\" style=\"background: #FFF; border: 0; border-radius: 3px; box-shadow: 0 0 1px 0 rgba(0,0,0,0.5),0 1px 10px 0 rgba(0,0,0,0.15); margin: 1px; max-width: 540px; min-width: 326px; padding: 0; width: calc(100% - 2px);\" data-instgrm-captioned=\"\" data-instgrm-permalink=\"https:\/\/www.instagram.com\/p\/DX2vKi4idlL\/?utm_source=ig_embed&amp;utm_campaign=loading\" data-instgrm-version=\"14\">\n<\/blockquote>\n<p>El reporte policial se\u00f1ala que Rodr\u00edguez Scialpi se desplazaba por la autopista en sentido Guanare-Acarigua, a bordo de un Toyota Corolla, color gris, a\u00f1o 2004, cuando perdi\u00f3 el control del veh\u00edculo.<\/p>\n<p>Luego, termin\u00f3 estrell\u00e1ndose contra un \u00e1rbol. Se conoci\u00f3 que el Cuerpo de Bomberos tuvo que intervenir para sacar el cuerpo que qued\u00f3 atrapado entre Los amasijos de hierro.<\/p>\n<p>Funcionarios de la Divisi\u00f3n de Investigaciones de Accidentes de Tr\u00e1nsito Terrestre de la Polic\u00eda Nacional Bolivariana, iniciaron las averiguaciones del caso para determinar las causas del siniestro.<\/p>\n<p>El cad\u00e1ver del m\u00e9dico lo trasladaron a la morgue del Hospital Universitario Dr. Miguel Or\u00e1a, donde los forenses determinaron que la muerte ocurri\u00f3 por traumatismo craneoencef\u00e1lico severo, entre otras lesiones de gravedad.<\/p>\n<\/p><\/div>\n<p><script async src=\"\/\/www.instagram.com\/embed.js\"><\/script><br \/>\n<br \/><a href=\"https:\/\/noticiasaldiayalahora.co\/sucesos\/consternada-portuguesa-por-la-muerte-del-joven-medico-vittorio-giany-rodriguez\/\" class=\" target=\" title=\"Consternada Portuguesa por la muerte del joven m\u00e9dico Vittorio Giany Rodr\u00edguez\" target=\"_blank\" rel=\"noopener\">Ver fuente<\/a><\/p>\n","protected":false},"excerpt":{"rendered":"<p>Un m\u00e9dico de 29 a\u00f1os perdi\u00f3 a vida este s\u00e1bado luego de que su veh\u00edculo se sali\u00f3 de la carretera y se estrell\u00f3 contra un \u00e1rbol en la autopista Jos\u00e9 Antonio P\u00e1ez. Esto a la altura del sector Las Mar\u00edas, en el municipio Guanare, estado Portuguesa. La v\u00edctima fue identificada como Vittorio Giany Rodr\u00edguez Scialpi, [&hellip;]<\/p>\n","protected":false},"author":2,"featured_media":129547,"comment_status":"open","ping_status":"closed","sticky":false,"template":"","format":"standard","meta":{"footnotes":""},"categories":[5],"tags":[],"class_list":["post-129546","post","type-post","status-publish","format-standard","has-post-thumbnail","hentry","category-sucesos"],"_links":{"self":[{"href":"https:\/\/enfoquenoticioso.com\/index.php?rest_route=\/wp\/v2\/posts\/129546","targetHints":{"allow":["GET"]}}],"collection":[{"href":"https:\/\/enfoquenoticioso.com\/index.php?rest_route=\/wp\/v2\/posts"}],"about":[{"href":"https:\/\/enfoquenoticioso.com\/index.php?rest_route=\/wp\/v2\/types\/post"}],"author":[{"embeddable":true,"href":"https:\/\/enfoquenoticioso.com\/index.php?rest_route=\/wp\/v2\/users\/2"}],"replies":[{"embeddable":true,"href":"https:\/\/enfoquenoticioso.com\/index.php?rest_route=%2Fwp%2Fv2%2Fcomments&post=129546"}],"version-history":[{"count":0,"href":"https:\/\/enfoquenoticioso.com\/index.php?rest_route=\/wp\/v2\/posts\/129546\/revisions"}],"wp:featuredmedia":[{"embeddable":true,"href":"https:\/\/enfoquenoticioso.com\/index.php?rest_route=\/wp\/v2\/media\/129547"}],"wp:attachment":[{"href":"https:\/\/enfoquenoticioso.com\/index.php?rest_route=%2Fwp%2Fv2%2Fmedia&parent=129546"}],"wp:term":[{"taxonomy":"category","embeddable":true,"href":"https:\/\/enfoquenoticioso.com\/index.php?rest_route=%2Fwp%2Fv2%2Fcategories&post=129546"},{"taxonomy":"post_tag","embeddable":true,"href":"https:\/\/enfoquenoticioso.com\/index.php?rest_route=%2Fwp%2Fv2%2Ftags&post=129546"}],"curies":[{"name":"wp","href":"https:\/\/api.w.org\/{rel}","templated":true}]}}