{"id":129548,"date":"2026-05-03T10:30:15","date_gmt":"2026-05-03T10:30:15","guid":{"rendered":"https:\/\/enfoquenoticioso.com\/?p=129548"},"modified":"2026-05-03T10:30:15","modified_gmt":"2026-05-03T10:30:15","slug":"final-inedita-en-el-apertura","status":"publish","type":"post","link":"https:\/\/enfoquenoticioso.com\/?p=129548","title":{"rendered":"\u00bfFinal in\u00e9dita en el Apertura?"},"content":{"rendered":"<div>\n<p>Comienzan los cuadrangulares semifinales de la Liga Futve y viendo el apretado calendario que deben disputar los equipos involucrados en las copas Libertador y Suramericana, con sus largos y desgastantes viajes, escaso tiempo para la recuperaci\u00f3n plena de sus plantillas, ser\u00e1 cuesta arriba que UCV, La Guaira, Carabobo y Academia Puerto Cabello puedan mantener la intensidad, la energ\u00eda y la competitividad en ambos frentes de batalla.<\/p>\n<p>De all\u00ed que el equipo m\u00e1s beneficiado en el Grupo A por esta exigencia internacional que viven sus rivales ser\u00e1 el Portuguesa de Leonardo Gonz\u00e1lez. Acostumbrado a sacar oro debajo de las piedras en los equipos que le ha tocado dirigir, Leo potenci\u00f3 las virtudes de la plantilla rojinegra para sacar m\u00e1ximo provecho a la experiencia de jugadores como Johan Moreno, Carlos Su\u00e1rez y el \u201cMorocho\u201d Rub\u00e9n Rojas, combin\u00e1ndolas con la velocidad de Jes\u00fas Gonz\u00e1lez para atacar por la banda derecha y el aporte goleador del argentino Jonathan Canete, autor de siete tantos en este primer semestre del a\u00f1o.<\/p>\n<p>Con el magn\u00edfico respaldo de la afici\u00f3n, el Penta de Leo ha convertido en estadio Jos\u00e9 Antonio P\u00e1ez de Acarigua en un verdadero fort\u00edn, donde en el Apertura ya cayeron el Deportivo T\u00e1chira, Puerto Cabello y UCV, mientras que sac\u00f3 un empate al Deportivo La Guaira de visitantes. Es decir, el Penta de Leo sali\u00f3 invicto en el torneo Apertura ante los tres oponentes del cuadrangular.<\/p>\n<p>Si puede repetir en esta semifinal la determinaci\u00f3n para presionar a sus rivales, forzarlos a cometer errores en el terreno minado del Jos\u00e9 Antonio P\u00e1ez, donde es muy complicado jugar por bajo con bal\u00f3n dominado como acostumbran UCV, Puerto Cabello y La Guaira, no es impensable que el Portuguesa sea la gran sorpresa de esta llave y avance a una gran final, por primera vez desde 1978, cuando complet\u00f3 sus a\u00f1os dorados de los cinco t\u00edtulos en el f\u00fatbol nacional.<\/p>\n<p>En la otra llave, el Deportivo T\u00e1chira de \u00c1lvaro Recoba parte con ventaja por la profundidad de su plantilla y el hecho de que tampoco sufrir\u00e1 por los viajes. El cuadro aurinegro cuenta con una plantilla repleta de talentos y recorrido, encabezada por Luis \u201cCariaco\u201d Gonz\u00e1lez, Adalberto Pe\u00f1aranda, Brayan Palmezano y Carlos Sosa que pueden derribar a las murallas mejor defendidas en un rapto de genialidad, metiendo un pase entre l\u00edneas, construyendo paredes o driblando para abrir espacios. \u00bfPortuguesa y T\u00e1chira en una final in\u00e9dita? Ser\u00eda un premio para dos soberbias plazas con tradici\u00f3n y solera.<\/p>\n<div id=\"ez-toc-container\" class=\"ez-toc-v2_0_81 counter-hierarchy ez-toc-counter ez-toc-grey ez-toc-container-direction\">\n<div class=\"ez-toc-title-container\">\n<p class=\"ez-toc-title\" style=\"cursor:inherit\">Tabla de Contenido<\/p>\n<span class=\"ez-toc-title-toggle\"><a href=\"#\" class=\"ez-toc-pull-right ez-toc-btn ez-toc-btn-xs ez-toc-btn-default ez-toc-toggle\" aria-label=\"Alternar tabla de contenidos\"><span class=\"ez-toc-js-icon-con\"><span class=\"\"><span class=\"eztoc-hide\" style=\"display:none;\">Toggle<\/span><span class=\"ez-toc-icon-toggle-span\"><svg style=\"fill: #999;color:#999\" xmlns=\"http:\/\/www.w3.org\/2000\/svg\" class=\"list-377408\" width=\"20px\" height=\"20px\" viewBox=\"0 0 24 24\" fill=\"none\"><path d=\"M6 6H4v2h2V6zm14 0H8v2h12V6zM4 11h2v2H4v-2zm16 0H8v2h12v-2zM4 16h2v2H4v-2zm16 0H8v2h12v-2z\" fill=\"currentColor\"><\/path><\/svg><svg style=\"fill: #999;color:#999\" class=\"arrow-unsorted-368013\" xmlns=\"http:\/\/www.w3.org\/2000\/svg\" width=\"10px\" height=\"10px\" viewBox=\"0 0 24 24\" version=\"1.2\" baseProfile=\"tiny\"><path d=\"M18.2 9.3l-6.2-6.3-6.2 6.3c-.2.2-.3.4-.3.7s.1.5.3.7c.2.2.4.3.7.3h11c.3 0 .5-.1.7-.3.2-.2.3-.5.3-.7s-.1-.5-.3-.7zM5.8 14.7l6.2 6.3 6.2-6.3c.2-.2.3-.5.3-.7s-.1-.5-.3-.7c-.2-.2-.4-.3-.7-.3h-11c-.3 0-.5.1-.7.3-.2.2-.3.5-.3.7s.1.5.3.7z\"\/><\/svg><\/span><\/span><\/span><\/a><\/span><\/div>\n<nav><ul class='ez-toc-list ez-toc-list-level-1 ' ><li class='ez-toc-page-1 ez-toc-heading-level-2'><a class=\"ez-toc-link ez-toc-heading-1\" href=\"https:\/\/enfoquenoticioso.com\/?p=129548\/#Cara_y_cruz_en_jornada_de_copas\" >Cara y cruz en jornada de copas<\/a><\/li><li class='ez-toc-page-1 ez-toc-heading-level-2'><a class=\"ez-toc-link ez-toc-heading-2\" href=\"https:\/\/enfoquenoticioso.com\/?p=129548\/#Mundialmatica_2026_una_guia_para_llevar_el_balon_hasta_las_aulas_educativas\" >Mundialm\u00e1tica 2026: una gu\u00eda para llevar el bal\u00f3n hasta las aulas educativas<\/a><\/li><\/ul><\/nav><\/div>\n<h2 id=\"cara-y-cruz-en-jornada-de-copas\" class=\"wp-block-heading\"><span class=\"ez-toc-section\" id=\"Cara_y_cruz_en_jornada_de_copas\"><\/span>Cara y cruz en jornada de copas<span class=\"ez-toc-section-end\"><\/span><\/h2>\n<p>Carabobo y Caracas fueron la cara risue\u00f1a de la moneda, mientras que UCV y Puerto Cabello y el Deportivo La Guiara exhibieron en menor y mayor medida las deficiencias hist\u00f3ricas que condenan a los clubes nacionales a quedar apeados muy pronto de la Copa Libertadores y Suramericana.<\/p>\n<p>El cuadro granate volvi\u00f3 a ser el m\u00e1s destacado de la representaci\u00f3n nacional en la Conmebol consiguiendo un convincente triunfo 2-0 sobre Blooming de Bolivia que con seis unidades lo tiene segundo del Grupo H, a un punto de River Plate, y en puesto de clasificaci\u00f3n a la ronda de 16 de la Copa Suramericana. La gran figura en este segundo triunfo en el torneo fue Edson Tortolero. Heredero de uno de los apellidos m\u00e1s ilustres del f\u00fatbol nacional, Tortolero concret\u00f3 con la educada pegada de pierna derecha y con gran habilidad para rematar de zurda, dos goles que lo consolidan como uno de los mejores de su posici\u00f3n en el pa\u00eds.<\/p>\n<p>El Caracas tambi\u00e9n tuvo la oportunidad de superar a Racing con el que firm\u00f3 empate a un tanto, con otra estupenda actuaci\u00f3n del arquero Frankarlos Ben\u00edtez y un gol de antolog\u00eda de Jes\u00fas Yendis. La falta de efectividad de los delanteros y la velocidad que a\u00fan exhibe \u00c1ngel Di Mar\u00eda condenaron a la UCV 0-3 ante Rosario Central; La Guaira se hundi\u00f3 en sus errores contra Rivadavia, y Puerto Cabello ni existi\u00f3 contra Juventud de Uruguay.<\/p>\n<h2 id=\"mundialm\u00e1tica-2026-una-gu\u00eda-para-llevar-el-bal\u00f3n-hasta-las-aulas-educativas\" class=\"wp-block-heading\"><span class=\"ez-toc-section\" id=\"Mundialmatica_2026_una_guia_para_llevar_el_balon_hasta_las_aulas_educativas\"><\/span>Mundialm\u00e1tica 2026: una gu\u00eda para llevar el bal\u00f3n hasta las aulas educativas<span class=\"ez-toc-section-end\"><\/span><\/h2>\n<p>\u00bfEs posible aprovechar la venidera Copa Mundial de F\u00fatbol para motivar que los estudiantes descifren las matem\u00e1ticas, la historia, la geograf\u00eda y hasta la literatura que hay detr\u00e1s de cada juego o campeonato que se ha disputado desde aquellla primera edici\u00f3n en Uruguay 1930 hasta nuestros d\u00edas?<\/p>\n<p>La respuesta es un rotundo s\u00ed. Esta integraci\u00f3n de f\u00fatbol como pasi\u00f3n de multitudes, que cada cuatro a\u00f1os paraliza al planeta, y el conocimiento son posibles y, adem\u00e1s, est\u00e1n al alcance de cualquier instituci\u00f3n educativa de forma gratuita, con tan solo un click, por la iniciativa de un querido amigo y periodista, al que el f\u00fatbol venezolano siempre estar\u00e1 en deuda por su gran aporte: Edgardo Broner.<\/p>\n<p>Radicado en Venezuela durante buena parte de su vida, Edgardo fue el responsable de formar de manera directa o indirecta a cientos de periodistas con sus cursos en la Universidad Sim\u00f3n Bol\u00edvar, la magn\u00edfica publicaci\u00f3n sobre las alegr\u00edas de nuestras selecciones que cont\u00f3 en \u201cGol de Venezuela\u201d, libro imprescindible en cualquier bilioteca sobre el f\u00fatbol nacional, como columnista del diario \u00daltimas Noticias y su presencia en la cancha para comentar con agudeza y profunda sabidur\u00eda los partidos del f\u00fatbol nacional y de las selecciones.<\/p>\n<p>Para esta nueva fiesta del f\u00fatbol, Edgardo ha publicado \u201cMudialm\u00e1tica 2026\u201d una gu\u00eda de f\u00fatbol pensado para docentes y estudiantes, con el prop\u00f3sito de \u201cdesplegar un abanico de situaciones pedag\u00f3gicas para el aprendizaje interdisciplinario, la formaci\u00f3n en valores y la apropiaci\u00f3n significativa de conocimientos\u201d.La gu\u00eda consta de 52 ejercicios vinculados al Mundial de 2026 para facilitar el aprendizaje en las aulas y se puede descargar en el link: dub.sh\/mundialmatica. Un golazo de Edgardo Broner.<\/p>\n<\/div>\n<p><a href=\"https:\/\/www.liderendeportes.com\/noticias\/opinion\/gerardo_blanco\/final-inedita-en-el-apertura\/\" class=\" target=\" title=\"\u00bfFinal in\u00e9dita en el Apertura?\" target=\"_blank\" rel=\"noopener\">Ver fuente<\/a><\/p>\n","protected":false},"excerpt":{"rendered":"<p>Comienzan los cuadrangulares semifinales de la Liga Futve y viendo el apretado calendario que deben disputar los equipos involucrados en las copas Libertador y Suramericana, con sus largos y desgastantes viajes, escaso tiempo para la recuperaci\u00f3n plena de sus plantillas, ser\u00e1 cuesta arriba que UCV, La Guaira, Carabobo y Academia Puerto Cabello puedan mantener la [&hellip;]<\/p>\n","protected":false},"author":2,"featured_media":129549,"comment_status":"open","ping_status":"closed","sticky":false,"template":"","format":"standard","meta":{"footnotes":""},"categories":[7],"tags":[],"class_list":["post-129548","post","type-post","status-publish","format-standard","has-post-thumbnail","hentry","category-deporte"],"_links":{"self":[{"href":"https:\/\/enfoquenoticioso.com\/index.php?rest_route=\/wp\/v2\/posts\/129548","targetHints":{"allow":["GET"]}}],"collection":[{"href":"https:\/\/enfoquenoticioso.com\/index.php?rest_route=\/wp\/v2\/posts"}],"about":[{"href":"https:\/\/enfoquenoticioso.com\/index.php?rest_route=\/wp\/v2\/types\/post"}],"author":[{"embeddable":true,"href":"https:\/\/enfoquenoticioso.com\/index.php?rest_route=\/wp\/v2\/users\/2"}],"replies":[{"embeddable":true,"href":"https:\/\/enfoquenoticioso.com\/index.php?rest_route=%2Fwp%2Fv2%2Fcomments&post=129548"}],"version-history":[{"count":0,"href":"https:\/\/enfoquenoticioso.com\/index.php?rest_route=\/wp\/v2\/posts\/129548\/revisions"}],"wp:featuredmedia":[{"embeddable":true,"href":"https:\/\/enfoquenoticioso.com\/index.php?rest_route=\/wp\/v2\/media\/129549"}],"wp:attachment":[{"href":"https:\/\/enfoquenoticioso.com\/index.php?rest_route=%2Fwp%2Fv2%2Fmedia&parent=129548"}],"wp:term":[{"taxonomy":"category","embeddable":true,"href":"https:\/\/enfoquenoticioso.com\/index.php?rest_route=%2Fwp%2Fv2%2Fcategories&post=129548"},{"taxonomy":"post_tag","embeddable":true,"href":"https:\/\/enfoquenoticioso.com\/index.php?rest_route=%2Fwp%2Fv2%2Ftags&post=129548"}],"curies":[{"name":"wp","href":"https:\/\/api.w.org\/{rel}","templated":true}]}}