{"id":129550,"date":"2026-05-03T11:15:05","date_gmt":"2026-05-03T11:15:05","guid":{"rendered":"https:\/\/enfoquenoticioso.com\/?p=129550"},"modified":"2026-05-03T11:15:05","modified_gmt":"2026-05-03T11:15:05","slug":"5-peliculas-ambientadas-en-el-mundo-de-la-moda-que-amaras-si-disfrutaste-de-el-diablo-viste-de-prada-2","status":"publish","type":"post","link":"https:\/\/enfoquenoticioso.com\/?p=129550","title":{"rendered":"5 pel\u00edculas ambientadas en el mundo de la moda que amar\u00e1s si disfrutaste de \u2018El diablo viste de Prada\u00a02\u2019"},"content":{"rendered":"<figure><img loading=\"lazy\" decoding=\"async\" width=\"1024\" height=\"614\" src=\"https:\/\/i0.wp.com\/imgs.hipertextual.com\/wp-content\/uploads\/2026\/04\/El-Diablo-Viste-de-Prada-2-pelicula.jpg?fit=1024%2C614&amp;quality=70&amp;strip=all&amp;ssl=1\" class=\"attachment-rss-image-size size-rss-image-size wp-post-image\" alt=\"El Diablo Viste de Prada 2 pel\u00edcula\" \/><\/figure>\n<p><em><a href=\"https:\/\/hipertextual.com\/cine-television\/el-diablo-viste-de-prada-2-todo-lo-que-sabemos-sobre-la-secuela\/\" target=\"_blank\" rel=\"noopener\">El diablo viste de Prada 2<\/a><\/em> se estrena <a href=\"https:\/\/hipertextual.com\/cine-television\/maravilloso-trailer-de-el-diablo-viste-de-prada-2-con-anne-hathaway-meryl-streep-y-mas-regresos\/\" target=\"_blank\" rel=\"noopener\">para demostrar un punto de inter\u00e9s<\/a>. Algunas grandes historias del cine merecen ser exploradas desde nuevos puntos de vista y desde perspectivas mucho m\u00e1s audaces. Que es lo que precisamente hace la cinta, con la habilidad para darle un giro inesperado a su premisa. Por lo que, adem\u00e1s del enfrentamiento entre Miranda (<a href=\"https:\/\/hipertextual.com\/cine-television\/la-jefa-de-universal-confirma-el-regreso-de-meryl-streep-a-mamma-mia-3-encontraremos-la-manera\/\" target=\"_blank\" rel=\"noopener\">Meryl Streep<\/a>), Emily (<a href=\"https:\/\/hipertextual.com\/cine-television\/un-lugar-tranquilo-3-reparto-2027\/\" target=\"_blank\" rel=\"noopener\">Emily Blunt<\/a>) y Andy (<a href=\"https:\/\/hipertextual.com\/cine-television\/tres-razones-para-ver-la-idea-de-tenerte-lo-nuevo-de-anne-hathaway\/\" target=\"_blank\" rel=\"noopener\">Anne Hathaway<\/a>), la cinta se enfoca en un punto intrigante. A saber: capacidad <strong>para diseccionar la evoluci\u00f3n dr\u00e1stica de la industria de la moda y el periodismo en la era digital.&nbsp;<\/strong><\/p>\n<p>Claro est\u00e1, desde el estreno de la pel\u00edcula original en 2006, el mundo de las revistas impresas ha sufrido una metamorfosis radical. Eso, al tener que hacer frente al auge de las redes sociales, los <em>influencers<\/em> y la inmediatez del contenido en l\u00ednea. La secuela explora c\u00f3mo la ic\u00f3nica Miranda se adapta a un mundo donde el prestigio ya no se basa en la calidad editorial. Antes que eso, depende de m\u00e9tricas de interacci\u00f3n y algoritmos. Por lo que, m\u00e1s que un ejercicio de nostalgia, <em>El diablo viste de Prada 2<\/em> es una cr\u00edtica relevante sobre la supervivencia del arte. <strong>Tambi\u00e9n, del criterio profesional.&nbsp;<\/strong><\/p>\n<p>Todo, en un mercado saturado de tendencias ef\u00edmeras y consumo masivo, manteniendo la esencia sat\u00edrica que convirti\u00f3 a la primera en un referente cultural. Eso, en el mundo de la moda. Pero no es la \u00fanica pel\u00edcula que ha logrado una combinaci\u00f3n semejante para profundizar en temas complejos y singulares. Para analizar el punto, te dejamos cinco pel\u00edculas ambientadas en el mundo de la moda que amar\u00e1s si disfrutaste de <em>El diablo viste de Prada 2<\/em>. Desde la reinvenci\u00f3n de un villano de Disney hasta una rareza que combina la alta moda con una historia de fantasmas. <strong>Una selecci\u00f3n ideal para los amantes de lo sofisticado que va m\u00e1s all\u00e1 de la simple est\u00e9tica.&nbsp;<\/strong><\/p>\n<div id=\"ez-toc-container\" class=\"ez-toc-v2_0_81 counter-hierarchy ez-toc-counter ez-toc-grey ez-toc-container-direction\">\n<div class=\"ez-toc-title-container\">\n<p class=\"ez-toc-title\" style=\"cursor:inherit\">Tabla de Contenido<\/p>\n<span class=\"ez-toc-title-toggle\"><a href=\"#\" class=\"ez-toc-pull-right ez-toc-btn ez-toc-btn-xs ez-toc-btn-default ez-toc-toggle\" aria-label=\"Alternar tabla de contenidos\"><span class=\"ez-toc-js-icon-con\"><span class=\"\"><span class=\"eztoc-hide\" style=\"display:none;\">Toggle<\/span><span class=\"ez-toc-icon-toggle-span\"><svg style=\"fill: #999;color:#999\" xmlns=\"http:\/\/www.w3.org\/2000\/svg\" class=\"list-377408\" width=\"20px\" height=\"20px\" viewBox=\"0 0 24 24\" fill=\"none\"><path d=\"M6 6H4v2h2V6zm14 0H8v2h12V6zM4 11h2v2H4v-2zm16 0H8v2h12v-2zM4 16h2v2H4v-2zm16 0H8v2h12v-2z\" fill=\"currentColor\"><\/path><\/svg><svg style=\"fill: #999;color:#999\" class=\"arrow-unsorted-368013\" xmlns=\"http:\/\/www.w3.org\/2000\/svg\" width=\"10px\" height=\"10px\" viewBox=\"0 0 24 24\" version=\"1.2\" baseProfile=\"tiny\"><path d=\"M18.2 9.3l-6.2-6.3-6.2 6.3c-.2.2-.3.4-.3.7s.1.5.3.7c.2.2.4.3.7.3h11c.3 0 .5-.1.7-.3.2-.2.3-.5.3-.7s-.1-.5-.3-.7zM5.8 14.7l6.2 6.3 6.2-6.3c.2-.2.3-.5.3-.7s-.1-.5-.3-.7c-.2-.2-.4-.3-.7-.3h-11c-.3 0-.5.1-.7.3-.2.2-.3.5-.3.7s.1.5.3.7z\"\/><\/svg><\/span><\/span><\/span><\/a><\/span><\/div>\n<nav><ul class='ez-toc-list ez-toc-list-level-1 ' ><li class='ez-toc-page-1 ez-toc-heading-level-2'><a class=\"ez-toc-link ez-toc-heading-1\" href=\"https:\/\/enfoquenoticioso.com\/?p=129550\/#Cruella_Disney\" >Cruella (Disney+)<\/a><\/li><li class='ez-toc-page-1 ez-toc-heading-level-2'><a class=\"ez-toc-link ez-toc-heading-2\" href=\"https:\/\/enfoquenoticioso.com\/?p=129550\/#El_hilo_invisible_para_alquiler_en_Apple_TV\" >El hilo invisible (para alquiler en Apple TV)<\/a><\/li><li class='ez-toc-page-1 ez-toc-heading-level-2'><a class=\"ez-toc-link ez-toc-heading-3\" href=\"https:\/\/enfoquenoticioso.com\/?p=129550\/#La_modista_Movistar\" >La modista (Movistar+)<\/a><\/li><li class='ez-toc-page-1 ez-toc-heading-level-2'><a class=\"ez-toc-link ez-toc-heading-4\" href=\"https:\/\/enfoquenoticioso.com\/?p=129550\/#La_casa_de_Gucci_Prime_Video\" >La casa de Gucci (Prime Video)<\/a><\/li><li class='ez-toc-page-1 ez-toc-heading-level-2'><a class=\"ez-toc-link ez-toc-heading-5\" href=\"https:\/\/enfoquenoticioso.com\/?p=129550\/#Personal_Shopper_MUBI\" >Personal Shopper (MUBI)<\/a><\/li><\/ul><\/nav><\/div>\n<h2 class=\"wp-block-heading has-text-align-center\" id=\"h-cruella-disney-nbsp\"><span class=\"ez-toc-section\" id=\"Cruella_Disney\"><\/span>Cruella (Disney+) <span class=\"ez-toc-section-end\"><\/span><\/h2>\n<figure class=\"wp-block-image alignwide size-large\"><img loading=\"lazy\" decoding=\"async\" data-recalc-dims=\"1\" width=\"780\" height=\"514\" src=\"https:\/\/i0.wp.com\/imgs.hipertextual.com\/wp-content\/uploads\/2026\/04\/Cruella-Hipertrextual-1500x989.jpg?resize=780%2C514&#038;quality=70&#038;strip=all&#038;ssl=1\" alt=\"\" class=\"wp-image-1883438\" \/><\/figure>\n<p>Empezamos con una opci\u00f3n que quiz\u00e1s te sorprender\u00e1 y es un live-action que profundiza en una de las m\u00e1s curiosas villanas Disney: Cruella deVil. Y como si eso no fuera suficiente, interpretada por <a href=\"https:\/\/hipertextual.com\/cine-television\/bugonia-critica-la-pelicula-mas-retorcida-sobre-el-fin-del-mundo-con-emma-stone-calva\/\" target=\"_blank\" rel=\"noopener\">Emma Stone<\/a>. Por lo que, si lo que te fascin\u00f3 de Miranda Priestly fue su autoridad g\u00e9lida, <em>Cruella<\/em> es la evoluci\u00f3n l\u00f3gica. <strong>En particular, por el espect\u00e1culo visual y la rebeli\u00f3n punk en su argumento.&nbsp;<\/strong><\/p>\n<p>Ambientada en el Londres de los a\u00f1os 70, <em>Cruella<\/em> es un homenaje a la vanguardia y al dise\u00f1o de vestuario de alta costura. Para eso, la trama sigue a Estella (Stone), una joven estafadora con un talento innato para la moda, que busca hacerse un nombre. Eso, en un mundo dominado por la Baronesa von Hellman (Emma Thompson). Esta, una figura que lleva la exigencia y la crueldad de la industria a niveles casi oper\u00edsticos. La rivalidad entre ambas no solo se libra con palabras mordaces, <strong>sino a trav\u00e9s de intervenciones de moda disruptivas que roban el aliento.<\/strong><\/p>\n<div class=\"wp-block-group is-style-default has-primary-color has-text-color has-background\" style=\"background-color:#007e941c\">\n<div class=\"wp-block-group__inner-container is-layout-flow wp-block-group-is-layout-flow\">\n<div class=\"wp-block-columns is-layout-flex wp-container-core-columns-is-layout-9d6595d7 wp-block-columns-is-layout-flex\">\n<div class=\"wp-block-column is-vertically-aligned-center is-layout-flow wp-block-column-is-layout-flow\" style=\"flex-basis:30%\">\n<div class=\"wp-block-image\">\n<figure class=\"aligncenter size-full\"><img loading=\"lazy\" decoding=\"async\" data-recalc-dims=\"1\" width=\"377\" height=\"354\" src=\"https:\/\/i0.wp.com\/imgs.hipertextual.com\/wp-content\/uploads\/2024\/03\/new-disney-icon-splash-screen-v0-v5hjilcy4qpc1.jpeg?resize=377%2C354&#038;quality=70&#038;strip=all&#038;ssl=1\" alt=\"\" class=\"wp-image-1785767\" \/><\/figure>\n<\/div>\n<\/div>\n<div class=\"wp-block-column is-layout-flow wp-block-column-is-layout-flow\" style=\"flex-basis:70%\">\n<p class=\"has-text-align-center\" style=\"font-size:17px\">Date de <strong>alta en <a href=\"https:\/\/disneyplus.bn5x.net\/DV0Mzo\" target=\"_blank\" rel=\"noreferrer noopener sponsored nofollow\">Disney+<\/a><\/strong> ahora y <strong>ahorra gracias a la suscripci\u00f3n anual<\/strong>, con la que podr\u00e1s disfrutar de todo su cat\u00e1logo de series y pel\u00edculas. <strong>Acceso a los \u00faltimos estrenos<\/strong>, al cat\u00e1logo de <strong>Star<\/strong> y ESPN* y a los mejores documentales de National Geographic.<\/p>\n<div class=\"wp-block-buttons is-content-justification-center is-layout-flex wp-container-core-buttons-is-layout-16018d1d wp-block-buttons-is-layout-flex\">\n<div class=\"wp-block-button has-custom-width wp-block-button__width-100 is-style-fill\"><a class=\"wp-block-button__link has-white-color has-text-color has-background has-custom-font-size wp-element-button\" href=\"https:\/\/geni.us\/dpromo\" style=\"border-radius:6px;background:linear-gradient(135deg,rgb(0,124,147) 0%,rgb(4,57,78) 51%);font-size:18px\" target=\"_blank\" rel=\"noreferrer noopener sponsored nofollow\">Suscr\u00edbete con descuento<\/a><\/div>\n<\/div>\n<\/div>\n<\/div>\n<p style=\"font-size:11px\"><em>*ESPN solo est\u00e1 disponible en Latinoam\u00e9rica. Ahorro respecto a 12 meses de suscripci\u00f3n mensual.<\/em><\/p>\n<\/div>\n<\/div>\n<p>Lo que hace que esta pel\u00edcula sea imprescindible para los fans de la moda es su capacidad para utilizar la ropa como un arma de guerra. Cada vestido es una declaraci\u00f3n de intenciones y cada desfile es un campo de batalla. Mientras que en <em>El diablo viste de Prada 2<\/em> ve\u00edamos el lado corporativo de las revistas, Cruella se enfoca en creaci\u00f3n visceral. A la vez, el caos creativo de las casas de dise\u00f1o. La interpretaci\u00f3n de Emma Stone y Emma Thompson crea una qu\u00edmica el\u00e9ctrica de mentor\u00eda t\u00f3xica que resuena profundamente con la din\u00e1mica de Andy y Miranda. Pero bajo una lente mucho m\u00e1s estilizada, <strong>g\u00f3tica y audaz que celebra la excentricidad por encima del conformismo empresarial.<\/strong><\/p>\n<h2 class=\"wp-block-heading has-text-align-center\" id=\"h-el-hilo-invisible-para-alquiler-en-apple-nbsp-tv\"><span class=\"ez-toc-section\" id=\"El_hilo_invisible_para_alquiler_en_Apple_TV\"><\/span>El hilo invisible (para alquiler en Apple TV)<span class=\"ez-toc-section-end\"><\/span><\/h2>\n<figure class=\"wp-block-image alignwide size-full\"><img decoding=\"async\" data-recalc-dims=\"1\" loading=\"lazy\" width=\"780\" height=\"439\" src=\"https:\/\/i0.wp.com\/imgs.hipertextual.com\/wp-content\/uploads\/2026\/04\/El-hilo-invisible.jpg?resize=780%2C439&#038;quality=70&#038;strip=all&#038;ssl=1\" alt=\"\" class=\"wp-image-1883439\" \/><\/figure>\n<p>Esta obra maestra de <a href=\"https:\/\/hipertextual.com\/cine-television\/5-peliculas-para-conocer-mejor-a-paul-thomas-anderson-director-de-una-batalla-tras-otra\/\" target=\"_blank\" rel=\"noopener\">Paul Thomas Anderson<\/a> se aleja del glamour comercial para adentrarse en la obsesi\u00f3n casi religiosa por la confecci\u00f3n. Ambientada en el Londres de la posguerra, el argumento se enfoca en Reynolds Woodcock (<a href=\"https:\/\/hipertextual.com\/cine-television\/anemone-asi-es-el-regreso-de-daniel-day-lewis-a-la-actuacion-con-un-reparto-de-lujo\/\" target=\"_blank\" rel=\"noopener\">Daniel Day-Lewis<\/a>), un modisto meticuloso que viste a la realeza y a la alta sociedad. Su vida, perfectamente estructurada y controlada, se ve alterada por la llegada de Alma (Vicky Krieps), <strong>quien se convierte en su musa y amante.&nbsp;<\/strong><\/p>\n<p>La pel\u00edcula es un fest\u00edn para los sentidos y Anderson explora la idea fascinante de la est\u00e9tica de la moda como met\u00e1fora del deseo. A diferencia del ritmo acelerado de Nueva York en <em>El diablo viste de Prada 2<\/em>, <em>El hilo invisible <\/em>da una mirada \u00edntima y silenciosa <strong>al taller de costura. Un lugar en el que el silencio es ley y la elegancia es una armadura.&nbsp;<\/strong><\/p>\n<p>La relaci\u00f3n entre Reynolds y Alma brinda un giro oscuro a la idea de la asistente, mostrando que detr\u00e1s de cada gran dise\u00f1o hay una lucha de poder silenciosa pero feroz. Es una pel\u00edcula para quienes aman la moda como arte puro y entienden <strong>que el estilo puede ser tanto una prisi\u00f3n como una liberaci\u00f3n.<\/strong><\/p>\n<h2 class=\"wp-block-heading has-text-align-center\" id=\"h-la-modista-movistar-nbsp\"><span class=\"ez-toc-section\" id=\"La_modista_Movistar\"><\/span>La modista (Movistar+) <span class=\"ez-toc-section-end\"><\/span><\/h2>\n<figure class=\"wp-block-image alignwide size-full\"><img decoding=\"async\" data-recalc-dims=\"1\" loading=\"lazy\" width=\"780\" height=\"439\" src=\"https:\/\/i0.wp.com\/imgs.hipertextual.com\/wp-content\/uploads\/2026\/04\/La-modista.jpg?resize=780%2C439&#038;quality=70&#038;strip=all&#038;ssl=1\" alt=\"\" class=\"wp-image-1883440\" \/><\/figure>\n<p>Protagonizada por Kate Winslet, la historia nos traslada a un peque\u00f1o y polvoriento pueblo de la Australia de los a\u00f1os 50. En el lugar, Tilly Dunnage (Winslet) regresa tras a\u00f1os de trabajar en las casas de alta costura de Par\u00eds. Su llegada no es solo un reencuentro, sino una venganza estil\u00edstica; armada con su m\u00e1quina de coser Singer, <strong>transforma la apariencia de las mujeres del pueblo mientras busca respuestas sobre su pasado.<\/strong><\/p>\n<p>Lo que hace que esta pel\u00edcula sea ideal para los fans de <em>El diablo viste de Prada 2<\/em> es la representaci\u00f3n de la moda como una herramienta de poder absoluto. En la cinta, la costura no es solo est\u00e9tica, sino una forma de subversi\u00f3n. Tilly utiliza cortes impecables, telas de seda y siluetas sofisticadas para desafiar <strong>la hipocres\u00eda de una comunidad que la desprecia.&nbsp;<\/strong><\/p>\n<div class=\"wp-block-group is-style-default has-primary-color has-text-color has-background\" style=\"background-color:#75757533\">\n<div class=\"wp-block-group__inner-container is-layout-flow wp-block-group-is-layout-flow\">\n<div class=\"wp-block-columns is-layout-flex wp-container-core-columns-is-layout-9d6595d7 wp-block-columns-is-layout-flex\">\n<div class=\"wp-block-column is-vertically-aligned-center is-layout-flow wp-block-column-is-layout-flow\" style=\"flex-basis:30%\">\n<div class=\"wp-block-image\">\n<figure class=\"aligncenter size-full\"><img decoding=\"async\" data-recalc-dims=\"1\" loading=\"lazy\" width=\"200\" height=\"200\" src=\"https:\/\/i0.wp.com\/imgs.hipertextual.com\/wp-content\/uploads\/2025\/02\/movistarplus_logo.jpg?resize=200%2C200&#038;quality=70&#038;strip=all&#038;ssl=1\" alt=\"\" class=\"wp-image-1831820\" \/><\/figure>\n<\/div>\n<\/div>\n<div class=\"wp-block-column is-layout-flow wp-block-column-is-layout-flow\" style=\"flex-basis:70%\">\n<p class=\"has-small-font-size\">Date de <strong><a href=\"https:\/\/clk.tradedoubler.com\/click?p=357743&amp;a=1537310&amp;url=https%3A%2F%2Fwww.movistarplus.es%2Ftarifas%2Ftarifa-anual\" rel=\"nofollow noopener\" target=\"_blank\">alta en Movistar Plus+<\/a> <\/strong>y disfruta de lo <strong>mejor del deporte, f\u00fatbol, cine, series<\/strong>&nbsp;internacionales,&nbsp;<strong>y m\u00e1s de 80 canales.<\/strong>&nbsp; No tiene permanencia e&nbsp;<strong>incluye&nbsp;dos reproducciones simult\u00e1neas<\/strong>, desde smartphone, TV, PC o Tablet.&nbsp;&nbsp;<\/p>\n<div class=\"wp-block-buttons is-content-justification-center is-layout-flex wp-container-core-buttons-is-layout-16018d1d wp-block-buttons-is-layout-flex\">\n<div class=\"wp-block-button has-custom-width wp-block-button__width-100 is-style-fill\"><a class=\"wp-block-button__link has-white-color has-grad-4-gradient-background has-text-color has-background has-custom-font-size wp-element-button\" href=\"https:\/\/clk.tradedoubler.com\/click?p=357743&amp;a=1537310&amp;url=https%3A%2F%2Fwww.movistarplus.es%2Ftarifas%2Ftarifa-anual\" style=\"border-radius:6px;font-size:17px\" rel=\"nofollow noopener\" target=\"_blank\">Suscr\u00edbete a Movistar Plus+ <\/a><\/div>\n<\/div>\n<\/div>\n<\/div>\n<\/div>\n<\/div>\n<p>El contraste visual entre el paisaje \u00e1rido y los vestidos de alta gama crea una tensi\u00f3n \u00fanica que resalta c\u00f3mo el dise\u00f1o puede alterar la percepci\u00f3n de una persona. Si Miranda Priestly usaba el estilo para imponer respeto, Tilly lo usa para desmantelar la estructura social de su entorno. <strong>Adem\u00e1s, el desarrollo del vestuario en esta cinta te impresionar\u00e1 si eres amante de la moda. <\/strong><\/p>\n<h2 class=\"wp-block-heading has-text-align-center\" id=\"h-la-casa-de-gucci-prime-nbsp-video-nbsp\"><span class=\"ez-toc-section\" id=\"La_casa_de_Gucci_Prime_Video\"><\/span>La casa de Gucci (Prime Video) <span class=\"ez-toc-section-end\"><\/span><\/h2>\n<figure class=\"wp-block-image alignwide size-full\"><img decoding=\"async\" data-recalc-dims=\"1\" loading=\"lazy\" width=\"780\" height=\"564\" src=\"https:\/\/i0.wp.com\/imgs.hipertextual.com\/wp-content\/uploads\/2026\/04\/Lasa-Gucci.jpg?resize=780%2C564&#038;quality=70&#038;strip=all&#038;ssl=1\" alt=\"\" class=\"wp-image-1883441\" \/><\/figure>\n<p>Para quienes disfrutaron del drama y las traiciones de oficina en <em>El diablo viste de Prada 2<\/em>, esta cinta de <a href=\"https:\/\/hipertextual.com\/cine-television\/25-anos-de-gladiador-de-ridley-scott-la-pelicula-que-revitalizo-el-drama-historico\/\" target=\"_blank\" rel=\"noopener\">Ridley Scott<\/a> es la opci\u00f3n ideal. La pel\u00edcula narra el ascenso y la ca\u00edda de la familia Gucci, centr\u00e1ndose en la llegada de Patrizia Reggiani (<a href=\"https:\/\/hipertextual.com\/cine-television\/terrorifica-primera-imagen-de-lady-gaga-en-miercoles-wednesday-parte-2\/\" target=\"_blank\" rel=\"noopener\">Lady Gaga<\/a>) a la familia. Tambi\u00e9n, en c\u00f3mo su ambici\u00f3n termina desencadenando una tragedia griega envuelta en cuero italiano y joyas de oro. Es el lado oscuro del imperio: lo que sucede <strong>cuando el apellido en la etiqueta se vuelve m\u00e1s importante que las personas que lo llevan.<\/strong><\/p>\n<p>El atractivo aqu\u00ed reside en la escala de la industria y la pol\u00edtica interna de las casas de lujo. Al igual que en <em>El diablo viste de Prada 2<\/em>, se explora c\u00f3mo toman decisiones que valen millones de d\u00f3lares en salas privadas, <strong>pero con el a\u00f1adido de los lazos de sangre y la venganza personal.&nbsp;<\/strong><\/p>\n<div class=\"wp-block-group is-style-default has-primary-color has-text-color has-background\" style=\"background-color:#f1fbff\">\n<div class=\"wp-block-group__inner-container is-layout-flow wp-block-group-is-layout-flow\">\n<div class=\"wp-block-columns is-layout-flex wp-container-core-columns-is-layout-9d6595d7 wp-block-columns-is-layout-flex\">\n<div class=\"wp-block-column is-vertically-aligned-center is-layout-flow wp-block-column-is-layout-flow\" style=\"flex-basis:30%\">\n<figure class=\"wp-block-image size-large\"><img decoding=\"async\" data-recalc-dims=\"1\" loading=\"lazy\" width=\"740\" height=\"740\" src=\"https:\/\/i0.wp.com\/hipertextual.com\/wp-content\/uploads\/2021\/03\/primevideo-seo-logo-square-740x740.png?resize=740%2C740&#038;quality=70&#038;strip=all&#038;ssl=1\" alt=\"\" class=\"wp-image-1263089\" \/><\/figure>\n<\/div>\n<div class=\"wp-block-column is-layout-flow wp-block-column-is-layout-flow\" style=\"flex-basis:70%\">\n<p class=\"has-text-align-center\" style=\"font-size:17px\"><a href=\"https:\/\/primevideo.com\/?tag=hipertextual-21\" target=\"_blank\" rel=\"noreferrer noopener sponsored nofollow\"><strong>Prueba Amazon Prime Video<\/strong><\/a> totalmente <strong>gratis durante 30 d\u00edas<\/strong> y disfruta del cat\u00e1logo completo de la plataforma sin l\u00edmites. <a href=\"https:\/\/primevideo.com\/?tag=hipertextual-21\" rel=\"noreferrer noopener sponsored nofollow\" target=\"_blank\"><strong>Solo con darte de alta<\/strong><\/a> tendr\u00e1s acceso instant\u00e1neo a las mejores pel\u00edculas y series, adem\u00e1s de <strong>env\u00edos gratis en Amazon<\/strong> y otras ventajas.<\/p>\n<div class=\"wp-block-buttons is-content-justification-center is-layout-flex wp-container-core-buttons-is-layout-16018d1d wp-block-buttons-is-layout-flex\">\n<div class=\"wp-block-button has-custom-width wp-block-button__width-75 has-custom-font-size is-style-fill\" style=\"font-size:18px\"><a class=\"wp-block-button__link has-white-color has-text-color has-background wp-element-button\" href=\"https:\/\/geni.us\/amzprimev\" style=\"border-radius:6px;background:linear-gradient(135deg,rgb(6,147,227) 0%,rgb(1,23,68) 57%)\" target=\"_blank\" rel=\"noreferrer noopener sponsored nofollow\">Prueba gratis Prime Video<\/a><\/div>\n<\/div>\n<\/div>\n<\/div>\n<\/div>\n<\/div>\n<p>El vestuario, que recorre varias d\u00e9cadas de evoluci\u00f3n de la marca, es un personaje por derecho propio, mostrando la transici\u00f3n de una empresa familiar de marroquiner\u00eda a un gigante global del <em>jet set<\/em>. Es una monta\u00f1a rusa de exceso, ambici\u00f3n y estilo que demuestra que, en el mundo de la moda, <strong>la lealtad es un accesorio muy dif\u00edcil de encontrar.<\/strong><\/p>\n<h2 class=\"wp-block-heading has-text-align-center\" id=\"h-personal-shopper-nbsp-mubi\"><span class=\"ez-toc-section\" id=\"Personal_Shopper_MUBI\"><\/span>Personal Shopper (MUBI)<span class=\"ez-toc-section-end\"><\/span><\/h2>\n<figure class=\"wp-block-image alignwide size-large\"><img decoding=\"async\" data-recalc-dims=\"1\" loading=\"lazy\" width=\"780\" height=\"439\" src=\"https:\/\/i0.wp.com\/imgs.hipertextual.com\/wp-content\/uploads\/2026\/04\/Brody-Personal-Shopper-1500x844.jpg?resize=780%2C439&#038;quality=70&#038;strip=all&#038;ssl=1\" alt=\"\" class=\"wp-image-1883442\" \/><\/figure>\n<p>Esta es una recomendaci\u00f3n poco convencional que encantar\u00e1 a quienes disfrutan del aura de exclusividad y el acceso privilegiado que la moda otorga. Kristen Stewart interpreta a Maureen, una joven que trabaja en Par\u00eds seleccionando <strong>ropa y joyas de alta gama para una celebridad exigente que nunca tiene tiempo.&nbsp;<\/strong><\/p>\n<p>Aunque la pel\u00edcula tiene elementos de suspenso y drama psicol\u00f3gico, la cinta est\u00e1 enfocada en otros puntos m\u00e1s sugerentes. En especial, la relaci\u00f3n de la protagonista con los objetos de lujo, como probarse vestidos prohibidos de Chanel, manejar piezas de joyer\u00eda invaluables. Por lo que captura <strong>esa soledad y alienaci\u00f3n que a veces acompa\u00f1a al trabajo en los m\u00e1rgenes del glamour.<\/strong><\/p>\n<p>Lo que conecta a <em>Personal Shopper<\/em> con el esp\u00edritu de <em>El diablo viste de Prada 2<\/em> es la representaci\u00f3n de la moda como un mundo de superficies que ocultan profundidades complejas. Maureen se mueve por los talleres de alta costura y las tiendas de lujo como un fantasma, lidiando con la banalidad de los recados y la trascendencia de la belleza est\u00e9tica. Es una mirada moderna, melanc\u00f3lica y muy estilizada sobre c\u00f3mo consumimos la moda y c\u00f3mo las prendas pueden ser una forma de identidad o un disfraz para nuestras inseguridades m\u00e1s profundas. Una pel\u00edcula <strong>para quienes buscan algo m\u00e1s que solo desfiles: una reflexi\u00f3n sobre el deseo y la presencia.<\/strong><\/p>\n<p>Seguir leyendo: <a href=\"https:\/\/hipertextual.com\/cine-television\/5-peliculas-ambientadas-en-el-mundo-de-la-moda-que-amaras-si-disfrutaste-de-el-diablo-viste-de-prada-2\/\" target=\"_blank\" rel=\"noopener\">5 pel\u00edculas ambientadas en el mundo de la moda que amar\u00e1s si disfrutaste de \u2018El diablo viste de Prada\u00a02\u2019<\/a><\/p>\n<p><a href=\"https:\/\/hipertextual.com\/cine-television\/5-peliculas-ambientadas-en-el-mundo-de-la-moda-que-amaras-si-disfrutaste-de-el-diablo-viste-de-prada-2\/\" class=\" target=\" title=\"5 pel\u00edculas ambientadas en el mundo de la moda que amar\u00e1s si disfrutaste de \u2018El diablo viste de Prada\u00a02\u2019\" target=\"_blank\" rel=\"noopener\">Ver fuente<\/a><\/p>\n","protected":false},"excerpt":{"rendered":"<p>El diablo viste de Prada 2 se estrena para demostrar un punto de inter\u00e9s. Algunas grandes historias del cine merecen ser exploradas desde nuevos puntos de vista y desde perspectivas mucho m\u00e1s audaces. Que es lo que precisamente hace la cinta, con la habilidad para darle un giro inesperado a su premisa. Por lo que, [&hellip;]<\/p>\n","protected":false},"author":2,"featured_media":129551,"comment_status":"open","ping_status":"closed","sticky":false,"template":"","format":"standard","meta":{"footnotes":""},"categories":[9],"tags":[],"class_list":["post-129550","post","type-post","status-publish","format-standard","has-post-thumbnail","hentry","category-tecnologia"],"_links":{"self":[{"href":"https:\/\/enfoquenoticioso.com\/index.php?rest_route=\/wp\/v2\/posts\/129550","targetHints":{"allow":["GET"]}}],"collection":[{"href":"https:\/\/enfoquenoticioso.com\/index.php?rest_route=\/wp\/v2\/posts"}],"about":[{"href":"https:\/\/enfoquenoticioso.com\/index.php?rest_route=\/wp\/v2\/types\/post"}],"author":[{"embeddable":true,"href":"https:\/\/enfoquenoticioso.com\/index.php?rest_route=\/wp\/v2\/users\/2"}],"replies":[{"embeddable":true,"href":"https:\/\/enfoquenoticioso.com\/index.php?rest_route=%2Fwp%2Fv2%2Fcomments&post=129550"}],"version-history":[{"count":0,"href":"https:\/\/enfoquenoticioso.com\/index.php?rest_route=\/wp\/v2\/posts\/129550\/revisions"}],"wp:featuredmedia":[{"embeddable":true,"href":"https:\/\/enfoquenoticioso.com\/index.php?rest_route=\/wp\/v2\/media\/129551"}],"wp:attachment":[{"href":"https:\/\/enfoquenoticioso.com\/index.php?rest_route=%2Fwp%2Fv2%2Fmedia&parent=129550"}],"wp:term":[{"taxonomy":"category","embeddable":true,"href":"https:\/\/enfoquenoticioso.com\/index.php?rest_route=%2Fwp%2Fv2%2Fcategories&post=129550"},{"taxonomy":"post_tag","embeddable":true,"href":"https:\/\/enfoquenoticioso.com\/index.php?rest_route=%2Fwp%2Fv2%2Ftags&post=129550"}],"curies":[{"name":"wp","href":"https:\/\/api.w.org\/{rel}","templated":true}]}}