{"id":129552,"date":"2026-05-03T12:07:11","date_gmt":"2026-05-03T12:07:11","guid":{"rendered":"https:\/\/enfoquenoticioso.com\/?p=129552"},"modified":"2026-05-03T12:07:11","modified_gmt":"2026-05-03T12:07:11","slug":"los-cubanos-y-cubanas-son-los-unicos-duenos-de-su-pais","status":"publish","type":"post","link":"https:\/\/enfoquenoticioso.com\/?p=129552","title":{"rendered":"&#8216;Los cubanos y cubanas son los \u00fanicos due\u00f1os de su pa\u00eds&#8217;"},"content":{"rendered":"<div>\n<p class=\"text-base\" data-type=\"text\">Petro, reaccion\u00f3 en sus redes sociales y<b>\u00a0defendi\u00f3 el gobierno de Miguel D\u00edaz-Canel, seg\u00fan difundi\u00f3 Semana.<\/b><\/p>\n<blockquote>\n<p class=\"text-base\" data-type=\"text\">No estoy de acuerdo con una agresi\u00f3n militar a Cuba porque eso es una agresi\u00f3n militar a Latinoam\u00e9rica. Dijimos que el Caribe es una zona de paz y eso debe respetarse.\u00a0<b>Son los cubanos y cubanas los \u00fanicos due\u00f1os de su pa\u00eds\u201d<\/b>, dijo Petro.<\/p>\n<\/blockquote>\n<p class=\"text-base\" data-type=\"text\">\u201cEl continente americano vivir\u00e1 en paz si nadie propone imponerse sobre los dem\u00e1s. Este continente es el continente de la libertad y no de las invasiones. Honor a Jos\u00e9 Mart\u00ed y a las rep\u00fablicas libres y soberanas de Latinoam\u00e9rica y el Caribe\u201d, asever\u00f3 el mandatario colombiano.<\/p>\n<p class=\"text-base\" data-type=\"text\">Las amenazas de agresi\u00f3n militar de Donald Trump contra Cuba han alcanzado un nivel peligroso y sin precedentes, denunci\u00f3 el s\u00e1bado el presidente cubano, Miguel D\u00edaz-Canel, e hizo un llamado a la comunidad internacional para que reaccione.<\/p>\n<p class=\"text-base\" data-type=\"text\">Trump, que desde principios de a\u00f1o aplica una pol\u00edtica de m\u00e1xima presi\u00f3n contra la isla comunista, considera que Cuba sigue representando una \u201camenaza extraordinaria\u201d para la seguridad nacional de Estados Unidos.<\/p>\n<p class=\"text-base\" data-type=\"text\">Adem\u00e1s del embargo vigente desde 1962, Washington, que no oculta su deseo de un cambio de r\u00e9gimen en La Habana,\u00a0<b>ha impuesto un bloqueo petrolero a la isla desde enero,\u00a0<\/b>permitiendo la entrada al pa\u00eds \u00fanicamente a un petrolero ruso.<\/p>\n<p class=\"text-base\" data-type=\"text\">El viernes, una marcha realizada frente a la Embajada estadounidense en La Habana denunci\u00f3 las amenazas de agresi\u00f3n provenientes del gobierno de Trump.<\/p>\n<p class=\"text-base\" data-type=\"text\">\u201cDe regreso de Ir\u00e1n, haremos que uno de nuestros grandes, tal vez el portaaviones USS Abraham Lincoln, el m\u00e1s grande del mundo, se acerque, se detenga a unos 100 metros de la costa y nos digan:\u00a0<b>\u2018Muchas gracias, nos rendimos\u2019<\/b>\u201d, dijo Trump en alusi\u00f3n a una eventual y supuesta respuesta de las autoridades cubanas.<\/p>\n<p class=\"text-base\" data-type=\"text\">Por su parte, el Gobierno de Cuba rechaz\u00f3 las nuevas sanciones y las ha calificado de medidas \u201ccoercitivas\u201d e \u201cilegales\u201d. A este respecto, el ministro de Exteriores cubano, Bruno Rodr\u00edguez, ha asegurado que estas acciones no tendr\u00e1n efecto disuasorio sobre el pa\u00eds.\u00a0<b>\u201cNo van a amedrentarnos\u201d.<\/b><\/p>\n<p class=\"text-base\" data-type=\"text\"><i>Informaci\u00f3n de <strong>AFP<\/strong> y <strong>Europa Press<\/strong><\/i><\/p>\n<\/div>\n<p><a href=\"https:\/\/noticiasaldiayalahora.co\/internacionales\/gustavo-petro-contra-donald-trump-los-cubanos-y-cubanas-son-los-unicos-duenos-de-su-pais\/\" class=\" target=\" title=\"&#039;Los cubanos y cubanas son los \u00fanicos due\u00f1os de su pa\u00eds&#039;\" target=\"_blank\" rel=\"noopener\">Ver fuente<\/a><\/p>\n","protected":false},"excerpt":{"rendered":"<p>Petro, reaccion\u00f3 en sus redes sociales y\u00a0defendi\u00f3 el gobierno de Miguel D\u00edaz-Canel, seg\u00fan difundi\u00f3 Semana. No estoy de acuerdo con una agresi\u00f3n militar a Cuba porque eso es una agresi\u00f3n militar a Latinoam\u00e9rica. Dijimos que el Caribe es una zona de paz y eso debe respetarse.\u00a0Son los cubanos y cubanas los \u00fanicos due\u00f1os de su [&hellip;]<\/p>\n","protected":false},"author":2,"featured_media":129553,"comment_status":"open","ping_status":"closed","sticky":false,"template":"","format":"standard","meta":{"footnotes":""},"categories":[6],"tags":[],"class_list":["post-129552","post","type-post","status-publish","format-standard","has-post-thumbnail","hentry","category-internacionales"],"_links":{"self":[{"href":"https:\/\/enfoquenoticioso.com\/index.php?rest_route=\/wp\/v2\/posts\/129552","targetHints":{"allow":["GET"]}}],"collection":[{"href":"https:\/\/enfoquenoticioso.com\/index.php?rest_route=\/wp\/v2\/posts"}],"about":[{"href":"https:\/\/enfoquenoticioso.com\/index.php?rest_route=\/wp\/v2\/types\/post"}],"author":[{"embeddable":true,"href":"https:\/\/enfoquenoticioso.com\/index.php?rest_route=\/wp\/v2\/users\/2"}],"replies":[{"embeddable":true,"href":"https:\/\/enfoquenoticioso.com\/index.php?rest_route=%2Fwp%2Fv2%2Fcomments&post=129552"}],"version-history":[{"count":0,"href":"https:\/\/enfoquenoticioso.com\/index.php?rest_route=\/wp\/v2\/posts\/129552\/revisions"}],"wp:featuredmedia":[{"embeddable":true,"href":"https:\/\/enfoquenoticioso.com\/index.php?rest_route=\/wp\/v2\/media\/129553"}],"wp:attachment":[{"href":"https:\/\/enfoquenoticioso.com\/index.php?rest_route=%2Fwp%2Fv2%2Fmedia&parent=129552"}],"wp:term":[{"taxonomy":"category","embeddable":true,"href":"https:\/\/enfoquenoticioso.com\/index.php?rest_route=%2Fwp%2Fv2%2Fcategories&post=129552"},{"taxonomy":"post_tag","embeddable":true,"href":"https:\/\/enfoquenoticioso.com\/index.php?rest_route=%2Fwp%2Fv2%2Ftags&post=129552"}],"curies":[{"name":"wp","href":"https:\/\/api.w.org\/{rel}","templated":true}]}}