{"id":129556,"date":"2026-05-03T12:31:08","date_gmt":"2026-05-03T12:31:08","guid":{"rendered":"https:\/\/enfoquenoticioso.com\/?p=129556"},"modified":"2026-05-03T12:31:08","modified_gmt":"2026-05-03T12:31:08","slug":"denuncian-desaparicion-de-joven-de-22-anos-a-manos-del-eln-en-amazonas","status":"publish","type":"post","link":"https:\/\/enfoquenoticioso.com\/?p=129556","title":{"rendered":"Denuncian desaparici\u00f3n de joven de 22 a\u00f1os a manos del ELN en Amazonas"},"content":{"rendered":"<div>\n<p>Una joven venezolana de 22 a\u00f1os habr\u00eda sido secuestrada por presuntos integrantes del Ej\u00e9rcito de Liberaci\u00f3n Nacional (ELN) en el estado Amazonas, seg\u00fan denuncias difundidas por el periodista independiente Fritz S\u00e1nchez a trav\u00e9s de redes sociales.<\/p>\n<p>De acuerdo con la informaci\u00f3n, la v\u00edctima fue identificada como Reicher del Carmen Morillo, quien sali\u00f3 la noche del pasado 16 de abril desde Puerto Ayacucho en un veh\u00edculo de transporte p\u00fablico, acompa\u00f1ada por dos funcionarios policiales. El hecho se habr\u00eda registrado en la troncal 12, a pocos kil\u00f3metros de la capital amazonense.<\/p>\n<p>S\u00e1nchez detall\u00f3 que, al pasar por una alcabala en el sector Provincial, el veh\u00edculo fue interceptado por hombres armados que se identificaron como miembros del ELN. En el procedimiento, los funcionarios policiales fueron liberados, mientras que la joven fue retenida y trasladada por la fuerza hacia un destino desconocido.<\/p>\n<p>Seg\u00fan una fuente citada por el periodista, que pidi\u00f3 resguardar su identidad por temor a represalias, la joven habr\u00eda sido llevada hacia una zona del eje carretero norte de Galipero, un sector del estado Amazonas donde, asegur\u00f3, existe presencia sostenida de grupos guerrilleros colombianos.<\/p>\n<p>El comunicador advirti\u00f3 que este caso vuelve a evidenciar la presunta influencia del ELN en amplias zonas del sur del pa\u00eds, particularmente en el corredor del Orinoco medio, que abarca territorios desde Caicara del Orinoco, en el estado Bol\u00edvar, hasta Amazonas.<\/p>\n<p>A trav\u00e9s de sus publicaciones, S\u00e1nchez hizo un llamado a las autoridades regionales y a los cuerpos de seguridad del Estado para que se activen las investigaciones y se inicie un operativo de b\u00fasqueda y rescate que permita dar con el paradero de la joven.<\/p>\n<p>Familiares de Morillo, por su parte, aseguraron el viernes primero de mayo que hasta el presente no han recibido informaci\u00f3n sobre su ubicaci\u00f3n ni sobre su estado de salud. Tambi\u00e9n indicaron que, pese a la difusi\u00f3n p\u00fablica del caso, no tienen conocimiento de acciones concretas por parte de organismos de seguridad para su localizaci\u00f3n.<\/p>\n<p>El caso ha generado preocupaci\u00f3n en la regi\u00f3n, mientras se incrementan las exigencias de la familia y de sectores de la sociedad civil para que se garantice la aparici\u00f3n con vida de la joven y se refuercen las medidas de seguridad en la zona.<\/p>\n<\/p><\/div>\n<p><a href=\"https:\/\/noticiasaldiayalahora.co\/sucesos\/denuncian-desaparicion-de-joven-de-22-anos-a-manos-del-eln-en-amazonas\/\" class=\" target=\" title=\"Denuncian desaparici\u00f3n de joven de 22 a\u00f1os a manos del ELN en Amazonas\" target=\"_blank\" rel=\"noopener\">Ver fuente<\/a><\/p>\n","protected":false},"excerpt":{"rendered":"<p>Una joven venezolana de 22 a\u00f1os habr\u00eda sido secuestrada por presuntos integrantes del Ej\u00e9rcito de Liberaci\u00f3n Nacional (ELN) en el estado Amazonas, seg\u00fan denuncias difundidas por el periodista independiente Fritz S\u00e1nchez a trav\u00e9s de redes sociales. De acuerdo con la informaci\u00f3n, la v\u00edctima fue identificada como Reicher del Carmen Morillo, quien sali\u00f3 la noche del [&hellip;]<\/p>\n","protected":false},"author":2,"featured_media":129557,"comment_status":"open","ping_status":"closed","sticky":false,"template":"","format":"standard","meta":{"footnotes":""},"categories":[5],"tags":[],"class_list":["post-129556","post","type-post","status-publish","format-standard","has-post-thumbnail","hentry","category-sucesos"],"_links":{"self":[{"href":"https:\/\/enfoquenoticioso.com\/index.php?rest_route=\/wp\/v2\/posts\/129556","targetHints":{"allow":["GET"]}}],"collection":[{"href":"https:\/\/enfoquenoticioso.com\/index.php?rest_route=\/wp\/v2\/posts"}],"about":[{"href":"https:\/\/enfoquenoticioso.com\/index.php?rest_route=\/wp\/v2\/types\/post"}],"author":[{"embeddable":true,"href":"https:\/\/enfoquenoticioso.com\/index.php?rest_route=\/wp\/v2\/users\/2"}],"replies":[{"embeddable":true,"href":"https:\/\/enfoquenoticioso.com\/index.php?rest_route=%2Fwp%2Fv2%2Fcomments&post=129556"}],"version-history":[{"count":0,"href":"https:\/\/enfoquenoticioso.com\/index.php?rest_route=\/wp\/v2\/posts\/129556\/revisions"}],"wp:featuredmedia":[{"embeddable":true,"href":"https:\/\/enfoquenoticioso.com\/index.php?rest_route=\/wp\/v2\/media\/129557"}],"wp:attachment":[{"href":"https:\/\/enfoquenoticioso.com\/index.php?rest_route=%2Fwp%2Fv2%2Fmedia&parent=129556"}],"wp:term":[{"taxonomy":"category","embeddable":true,"href":"https:\/\/enfoquenoticioso.com\/index.php?rest_route=%2Fwp%2Fv2%2Fcategories&post=129556"},{"taxonomy":"post_tag","embeddable":true,"href":"https:\/\/enfoquenoticioso.com\/index.php?rest_route=%2Fwp%2Fv2%2Ftags&post=129556"}],"curies":[{"name":"wp","href":"https:\/\/api.w.org\/{rel}","templated":true}]}}