{"id":13255,"date":"2024-07-22T12:36:23","date_gmt":"2024-07-22T12:36:23","guid":{"rendered":"https:\/\/enfoquenoticioso.com\/sucesos\/interpol-busca-a-madre-e-hija-desaparecidas-en-margarita\/"},"modified":"2024-07-22T12:36:23","modified_gmt":"2024-07-22T12:36:23","slug":"interpol-busca-a-madre-e-hija-desaparecidas-en-margarita","status":"publish","type":"post","link":"https:\/\/enfoquenoticioso.com\/?p=13255","title":{"rendered":"Interpol busca a madre e hija desaparecidas en Margarita"},"content":{"rendered":"<div id=\"post-533373\">\n<div class=\"entry-thumbnail\">\n<img width=\"747\" height=\"437\" src=\"https:\/\/i0.wp.com\/noticiasaldiayalahora.co\/wp-content\/uploads\/2024\/07\/Desparecidos-Margarita.jpg?resize=747%2C437&amp;ssl=1\" class=\"attachment-content-single size-content-single wp-post-image\" alt=\"\" decoding=\"async\" fetchpriority=\"high\"\/><\/div>\n<p class=\"entry-meta\">\n<span class=\"entry-meta-author vcard author\">Por: <a class=\"fn\" href=\"https:\/\/noticiasaldiayalahora.co\/author\/redaccion\/\" target=\"_blank\" rel=\"noopener\">Redacci\u00f3n Noticias al Dia y a la Hora<\/a><\/span><br \/>\n<span class=\"entry-meta-date updated\">22 julio, 2024<\/span>\n<\/p>\n<div class=\"entry-content clearfix\">\n<p>La odont\u00f3loga Mar\u00eda Catalina Rivas y su hija de siete a\u00f1os fueron incluidas en la lista de los desaparecidos de INTERPOL<span id=\"more-533373\"\/><\/p>\n<p>por <strong>El Universal<\/strong><\/p>\n<p>La p\u00e1gina web que contiene las alertas amarillas de la Organizaci\u00f3n de Polic\u00eda Internacional (Interpol) fue actualizada para dar con el paradero de la odont\u00f3loga Mar\u00eda Catalina Rivas Espinoza y su hija Alejandra Sof\u00eda Rivas (de siete a\u00f1os), desaparecidas el 15 de junio pasado.<\/p>\n<p>La misteriosa desaparici\u00f3n fue denunciada por familiares de la odont\u00f3loga, quienes indicaron que la \u00faltima vez que fueron vistas fue en videos de seguridad, que la grabaron cuando sal\u00eda con su hija. El veh\u00edculo de Mar\u00eda Catalina no fue movido y las autoridades presumen que la persona con quien se fueron de su casa fue la \u00faltima que las vio.<\/p>\n<p>La desaparici\u00f3n fue reportada ante los cuerpos policiales locales y nacionales y ahora, con la publicaci\u00f3n en la web de Interpol, que tiene presencia en casi 200 pa\u00edses, se espera que puedan ser ubicadas.<\/p>\n<blockquote class=\"twitter-tweet\" data-media-max-width=\"560\">\n<p dir=\"ltr\" lang=\"es\">Los familiares de Mar\u00eda Catalina Rivas siguen suplicando que se investigue la desaparici\u00f3n de la odont\u00f3loga y su hija Alejandra de 7 a\u00f1os, que fueron grabadas por \u00faltima vez en compa\u00f1\u00eda de un hombre saliendo de su casa en Nueva Esparta. No se tiene informaci\u00f3n desde el 15\/6. <a href=\"https:\/\/t.co\/c92Day1zyw\">pic.twitter.com\/c92Day1zyw<\/a><\/p>\n<p>\u2014 Lexander L. Loaiza (@Lexloaiza) <a href=\"https:\/\/twitter.com\/Lexloaiza\/status\/1808562338729242942?ref_src=twsrc%5Etfw\" target=\"_blank\" rel=\"noopener\">July 3, 2024<\/a><\/p>\n<\/blockquote>\n<blockquote class=\"twitter-tweet\" data-media-max-width=\"560\">\n<p dir=\"ltr\" lang=\"es\">La Odont\u00f3loga Mar\u00eda Catalina Rivas y su peque\u00f1a hija Alexandra Sof\u00eda Rivas de 7 a\u00f1os de edad,se encuentran desaparecidas desde Margarita, estado Nueva Esparta y sus familiares piden colaboraci\u00f3n a quien pudiera saber de alguna novedad al n\u00famero 04121830393 <a href=\"https:\/\/twitter.com\/DouglasRicoVzla?ref_src=twsrc%5Etfw\" target=\"_blank\" rel=\"noopener\">@DouglasRicoVzla<\/a> <a href=\"https:\/\/t.co\/DAOHpt3YnK\">pic.twitter.com\/DAOHpt3YnK<\/a><\/p>\n<p>\u2014 @LuisSucesos (@LuisSuceso) <a href=\"https:\/\/twitter.com\/LuisSuceso\/status\/1808515085280633012?ref_src=twsrc%5Etfw\" target=\"_blank\" rel=\"noopener\">July 3, 2024<\/a><\/p>\n<\/blockquote>\n<div id=\"ez-toc-container\" class=\"ez-toc-v2_0_81 counter-hierarchy ez-toc-counter ez-toc-grey ez-toc-container-direction\">\n<div class=\"ez-toc-title-container\">\n<p class=\"ez-toc-title\" style=\"cursor:inherit\">Tabla de Contenido<\/p>\n<span class=\"ez-toc-title-toggle\"><a href=\"#\" class=\"ez-toc-pull-right ez-toc-btn ez-toc-btn-xs ez-toc-btn-default ez-toc-toggle\" aria-label=\"Alternar tabla de contenidos\"><span class=\"ez-toc-js-icon-con\"><span class=\"\"><span class=\"eztoc-hide\" style=\"display:none;\">Toggle<\/span><span class=\"ez-toc-icon-toggle-span\"><svg style=\"fill: #999;color:#999\" xmlns=\"http:\/\/www.w3.org\/2000\/svg\" class=\"list-377408\" width=\"20px\" height=\"20px\" viewBox=\"0 0 24 24\" fill=\"none\"><path d=\"M6 6H4v2h2V6zm14 0H8v2h12V6zM4 11h2v2H4v-2zm16 0H8v2h12v-2zM4 16h2v2H4v-2zm16 0H8v2h12v-2z\" fill=\"currentColor\"><\/path><\/svg><svg style=\"fill: #999;color:#999\" class=\"arrow-unsorted-368013\" xmlns=\"http:\/\/www.w3.org\/2000\/svg\" width=\"10px\" height=\"10px\" viewBox=\"0 0 24 24\" version=\"1.2\" baseProfile=\"tiny\"><path d=\"M18.2 9.3l-6.2-6.3-6.2 6.3c-.2.2-.3.4-.3.7s.1.5.3.7c.2.2.4.3.7.3h11c.3 0 .5-.1.7-.3.2-.2.3-.5.3-.7s-.1-.5-.3-.7zM5.8 14.7l6.2 6.3 6.2-6.3c.2-.2.3-.5.3-.7s-.1-.5-.3-.7c-.2-.2-.4-.3-.7-.3h-11c-.3 0-.5.1-.7.3-.2.2-.3.5-.3.7s.1.5.3.7z\"\/><\/svg><\/span><\/span><\/span><\/a><\/span><\/div>\n<nav><ul class='ez-toc-list ez-toc-list-level-1 ' ><li class='ez-toc-page-1 ez-toc-heading-level-4'><a class=\"ez-toc-link ez-toc-heading-1\" href=\"https:\/\/enfoquenoticioso.com\/?p=13255\/#Sigue_al_canal_de_noticias_en_Whatsaap\" >Sigue al canal de noticias en Whatsaap\u00a0<\/a><\/li><\/ul><\/nav><\/div>\n<h4><span class=\"ez-toc-section\" id=\"Sigue_al_canal_de_noticias_en_Whatsaap\"><\/span><strong><a href=\"https:\/\/whatsapp.com\/channel\/0029VaDXFnLId7nFFiDdVI26?fbclid=IwAR1LnVJqcByTELJH4Ht086FYRmdx18pRnV7CrkzmTJ5JaLHYY0igukfL9Yk\" target=\"_blank\" rel=\"noopener\">Sigue al canal de noticias en Whatsaap\u00a0<\/a><\/strong><span class=\"ez-toc-section-end\"><\/span><\/h4>\n<\/div>\n<\/div>\n<p><script async src=\"\/\/platform.twitter.com\/widgets.js\" charset=\"utf-8\"><\/script><br \/>\n<br \/><a href=\"https:\/\/noticiasaldiayalahora.co\/sucesos\/interpol-busca-a-madre-e-hija-desaparecidas-en-margarita\/\" class=\" target=\" title=\"Interpol busca a madre e hija desaparecidas en Margarita\" target=\"_blank\" rel=\"noopener\">Ver fuente<\/a><\/p>\n","protected":false},"excerpt":{"rendered":"<p>Por: Redacci\u00f3n Noticias al Dia y a la Hora 22 julio, 2024 La odont\u00f3loga Mar\u00eda Catalina Rivas y su hija de siete a\u00f1os fueron incluidas en la lista de los desaparecidos de INTERPOL por El Universal La p\u00e1gina web que contiene las alertas amarillas de la Organizaci\u00f3n de Polic\u00eda Internacional (Interpol) fue actualizada para dar [&hellip;]<\/p>\n","protected":false},"author":2,"featured_media":13256,"comment_status":"open","ping_status":"closed","sticky":false,"template":"","format":"standard","meta":{"footnotes":""},"categories":[5],"tags":[],"class_list":["post-13255","post","type-post","status-publish","format-standard","has-post-thumbnail","hentry","category-sucesos"],"_links":{"self":[{"href":"https:\/\/enfoquenoticioso.com\/index.php?rest_route=\/wp\/v2\/posts\/13255","targetHints":{"allow":["GET"]}}],"collection":[{"href":"https:\/\/enfoquenoticioso.com\/index.php?rest_route=\/wp\/v2\/posts"}],"about":[{"href":"https:\/\/enfoquenoticioso.com\/index.php?rest_route=\/wp\/v2\/types\/post"}],"author":[{"embeddable":true,"href":"https:\/\/enfoquenoticioso.com\/index.php?rest_route=\/wp\/v2\/users\/2"}],"replies":[{"embeddable":true,"href":"https:\/\/enfoquenoticioso.com\/index.php?rest_route=%2Fwp%2Fv2%2Fcomments&post=13255"}],"version-history":[{"count":0,"href":"https:\/\/enfoquenoticioso.com\/index.php?rest_route=\/wp\/v2\/posts\/13255\/revisions"}],"wp:featuredmedia":[{"embeddable":true,"href":"https:\/\/enfoquenoticioso.com\/index.php?rest_route=\/wp\/v2\/media\/13256"}],"wp:attachment":[{"href":"https:\/\/enfoquenoticioso.com\/index.php?rest_route=%2Fwp%2Fv2%2Fmedia&parent=13255"}],"wp:term":[{"taxonomy":"category","embeddable":true,"href":"https:\/\/enfoquenoticioso.com\/index.php?rest_route=%2Fwp%2Fv2%2Fcategories&post=13255"},{"taxonomy":"post_tag","embeddable":true,"href":"https:\/\/enfoquenoticioso.com\/index.php?rest_route=%2Fwp%2Fv2%2Ftags&post=13255"}],"curies":[{"name":"wp","href":"https:\/\/api.w.org\/{rel}","templated":true}]}}