{"id":13459,"date":"2024-07-23T10:40:40","date_gmt":"2024-07-23T10:40:40","guid":{"rendered":"https:\/\/enfoquenoticioso.com\/sucesos\/ministerio-publico-ordena-la-captura-de-responsables-de-herir-al-diputado-inacio-da-costa-en-la-ucv\/"},"modified":"2024-07-23T10:40:40","modified_gmt":"2024-07-23T10:40:40","slug":"ministerio-publico-ordena-la-captura-de-responsables-de-herir-al-diputado-inacio-da-costa-en-la-ucv","status":"publish","type":"post","link":"https:\/\/enfoquenoticioso.com\/?p=13459","title":{"rendered":"Ministerio P\u00fablico ordena la captura de responsables de herir al diputado Inacio Da Costa en la UCV"},"content":{"rendered":"<div>\n<p><strong>El Ministerio P\u00fablica (MP)<\/strong> emiti\u00f3 orden de captura contra dos militantes del partido Vente Venezuela por intento de homicidio contra el diputado opositor Inacio Da Costa.<span id=\"more-533436\"\/><\/p>\n<p>As\u00ed lo inform\u00f3 el fiscal de la Rep\u00fablica<strong>, Tarek William Saab<\/strong>, en su cuenta en la red social X, donde precis\u00f3 que la medida es en contra de los dirigentes Anthony Vega, Jhon \u00c1lvarez y Eleyn Echarry.<\/p>\n<p>Por los delitos de Homicidio Calificado en grado de Frustraci\u00f3n, Lesiones personales y Agavillamiento contra Inacio Da Costa y Adrianlis Gil.<\/p>\n<p>Explic\u00f3 que las declaraciones de testigos presenciales \u201cdemostraron la participaci\u00f3n en el hecho de los sujetos investigados\u201d.<\/p>\n<p>\u201cSe logr\u00f3 determinar que Antony Vega, quien profiri\u00f3 amenazas de muerte contra su v\u00edctima tild\u00e1ndolo de \u201calacr\u00e1n\u201d a quien no le importar\u00eda asesinar puesto que ya estuvo encarcelado\u201d, indic\u00f3.<\/p>\n<p>\u201cEfectivamente es un ex presidiario que ha sido condenado por delitos de Robo de Veh\u00edculo, Porte Il\u00edcito de Arma de Fuego y Lesiones\u201d, agreg\u00f3 Saab.<\/p>\n<p>De acuerdo a los reportes, los dirigentes pol\u00edticos agredieron al diputado Inacio Da Costa la noche del 19 de julio de 2024 en el estacionamiento de la UCV.<\/p>\n<p>Las heridas fueron causadas con unas botellas, \u201ccon lo cual procuraron asesinarlo\u201d, revel\u00f3 la investigaci\u00f3n penal.<\/p>\n<blockquote class=\"twitter-tweet\" data-media-max-width=\"560\">\n<p dir=\"ltr\" lang=\"es\"><a href=\"https:\/\/twitter.com\/hashtag\/SOLICITADAS?src=hash&amp;ref_src=twsrc%5Etfw\" target=\"_blank\" rel=\"noopener\">#SOLICITADAS<\/a><br \/>\u00d3RDENES DE APREHENSI\u00d3N CONTRA MIEMBROS DEL EQUIPO DE <a href=\"https:\/\/twitter.com\/hashtag\/VV?src=hash&amp;ref_src=twsrc%5Etfw\" target=\"_blank\" rel=\"noopener\">#VV<\/a> QUE INTENTARON ASESINAR A DIPUTADO OPOSITOR DE <a href=\"https:\/\/twitter.com\/hashtag\/CAMBIEMOS?src=hash&amp;ref_src=twsrc%5Etfw\" target=\"_blank\" rel=\"noopener\">#CAMBIEMOS<\/a>\u2026<\/p>\n<p>1) El <a href=\"https:\/\/twitter.com\/MinpublicoVEN?ref_src=twsrc%5Etfw\" target=\"_blank\" rel=\"noopener\">@MinpublicoVEN<\/a> a trav\u00e9s de la Fiscal\u00eda 9 Nac especializada en Homicidios y Delitos Graves, continuando con la <a href=\"https:\/\/twitter.com\/hashtag\/Investigaci%C3%B3n?src=hash&amp;ref_src=twsrc%5Etfw\" target=\"_blank\" rel=\"noopener\">#Investigaci\u00f3n<\/a> iniciada por\u2026 <a href=\"https:\/\/t.co\/Jr38kuaIOt\">pic.twitter.com\/Jr38kuaIOt<\/a><\/p>\n<p>\u2014 Tarek William Saab (@TarekWiliamSaab) <a href=\"https:\/\/twitter.com\/TarekWiliamSaab\/status\/1815550578434380055?ref_src=twsrc%5Etfw\" target=\"_blank\" rel=\"noopener\">July 23, 2024<\/a><\/p>\n<\/blockquote>\n<div id=\"ez-toc-container\" class=\"ez-toc-v2_0_81 counter-hierarchy ez-toc-counter ez-toc-grey ez-toc-container-direction\">\n<div class=\"ez-toc-title-container\">\n<p class=\"ez-toc-title\" style=\"cursor:inherit\">Tabla de Contenido<\/p>\n<span class=\"ez-toc-title-toggle\"><a href=\"#\" class=\"ez-toc-pull-right ez-toc-btn ez-toc-btn-xs ez-toc-btn-default ez-toc-toggle\" aria-label=\"Alternar tabla de contenidos\"><span class=\"ez-toc-js-icon-con\"><span class=\"\"><span class=\"eztoc-hide\" style=\"display:none;\">Toggle<\/span><span class=\"ez-toc-icon-toggle-span\"><svg style=\"fill: #999;color:#999\" xmlns=\"http:\/\/www.w3.org\/2000\/svg\" class=\"list-377408\" width=\"20px\" height=\"20px\" viewBox=\"0 0 24 24\" fill=\"none\"><path d=\"M6 6H4v2h2V6zm14 0H8v2h12V6zM4 11h2v2H4v-2zm16 0H8v2h12v-2zM4 16h2v2H4v-2zm16 0H8v2h12v-2z\" fill=\"currentColor\"><\/path><\/svg><svg style=\"fill: #999;color:#999\" class=\"arrow-unsorted-368013\" xmlns=\"http:\/\/www.w3.org\/2000\/svg\" width=\"10px\" height=\"10px\" viewBox=\"0 0 24 24\" version=\"1.2\" baseProfile=\"tiny\"><path d=\"M18.2 9.3l-6.2-6.3-6.2 6.3c-.2.2-.3.4-.3.7s.1.5.3.7c.2.2.4.3.7.3h11c.3 0 .5-.1.7-.3.2-.2.3-.5.3-.7s-.1-.5-.3-.7zM5.8 14.7l6.2 6.3 6.2-6.3c.2-.2.3-.5.3-.7s-.1-.5-.3-.7c-.2-.2-.4-.3-.7-.3h-11c-.3 0-.5.1-.7.3-.2.2-.3.5-.3.7s.1.5.3.7z\"\/><\/svg><\/span><\/span><\/span><\/a><\/span><\/div>\n<nav><ul class='ez-toc-list ez-toc-list-level-1 ' ><li class='ez-toc-page-1 ez-toc-heading-level-4'><a class=\"ez-toc-link ez-toc-heading-1\" href=\"https:\/\/enfoquenoticioso.com\/?p=13459\/#Sigue_al_canal_de_noticias_en_Whatsaap\" >Sigue al canal de noticias en Whatsaap\u00a0<\/a><\/li><\/ul><\/nav><\/div>\n<h4><span class=\"ez-toc-section\" id=\"Sigue_al_canal_de_noticias_en_Whatsaap\"><\/span><strong><a href=\"https:\/\/whatsapp.com\/channel\/0029VaDXFnLId7nFFiDdVI26?fbclid=IwAR1LnVJqcByTELJH4Ht086FYRmdx18pRnV7CrkzmTJ5JaLHYY0igukfL9Yk\" target=\"_blank\" rel=\"noopener\">Sigue al canal de noticias en Whatsaap\u00a0<\/a><\/strong><span class=\"ez-toc-section-end\"><\/span><\/h4>\n<\/div>\n<p><script async src=\"\/\/platform.twitter.com\/widgets.js\" charset=\"utf-8\"><\/script><br \/>\n<br \/><a href=\"https:\/\/noticiasaldiayalahora.co\/sucesos\/ministerio-publico-ordena-la-captura-de-responsables-de-herir-al-diputado-inacio-da-costa-en-la-ucv\/\" class=\" target=\" title=\"Ministerio P\u00fablico ordena la captura de responsables de herir al diputado Inacio Da Costa en la UCV\" target=\"_blank\" rel=\"noopener\">Ver fuente<\/a><\/p>\n","protected":false},"excerpt":{"rendered":"<p>El Ministerio P\u00fablica (MP) emiti\u00f3 orden de captura contra dos militantes del partido Vente Venezuela por intento de homicidio contra el diputado opositor Inacio Da Costa. As\u00ed lo inform\u00f3 el fiscal de la Rep\u00fablica, Tarek William Saab, en su cuenta en la red social X, donde precis\u00f3 que la medida es en contra de los [&hellip;]<\/p>\n","protected":false},"author":2,"featured_media":2524,"comment_status":"open","ping_status":"closed","sticky":false,"template":"","format":"standard","meta":{"footnotes":""},"categories":[5],"tags":[],"class_list":["post-13459","post","type-post","status-publish","format-standard","has-post-thumbnail","hentry","category-sucesos"],"_links":{"self":[{"href":"https:\/\/enfoquenoticioso.com\/index.php?rest_route=\/wp\/v2\/posts\/13459","targetHints":{"allow":["GET"]}}],"collection":[{"href":"https:\/\/enfoquenoticioso.com\/index.php?rest_route=\/wp\/v2\/posts"}],"about":[{"href":"https:\/\/enfoquenoticioso.com\/index.php?rest_route=\/wp\/v2\/types\/post"}],"author":[{"embeddable":true,"href":"https:\/\/enfoquenoticioso.com\/index.php?rest_route=\/wp\/v2\/users\/2"}],"replies":[{"embeddable":true,"href":"https:\/\/enfoquenoticioso.com\/index.php?rest_route=%2Fwp%2Fv2%2Fcomments&post=13459"}],"version-history":[{"count":0,"href":"https:\/\/enfoquenoticioso.com\/index.php?rest_route=\/wp\/v2\/posts\/13459\/revisions"}],"wp:featuredmedia":[{"embeddable":true,"href":"https:\/\/enfoquenoticioso.com\/index.php?rest_route=\/wp\/v2\/media\/2524"}],"wp:attachment":[{"href":"https:\/\/enfoquenoticioso.com\/index.php?rest_route=%2Fwp%2Fv2%2Fmedia&parent=13459"}],"wp:term":[{"taxonomy":"category","embeddable":true,"href":"https:\/\/enfoquenoticioso.com\/index.php?rest_route=%2Fwp%2Fv2%2Fcategories&post=13459"},{"taxonomy":"post_tag","embeddable":true,"href":"https:\/\/enfoquenoticioso.com\/index.php?rest_route=%2Fwp%2Fv2%2Ftags&post=13459"}],"curies":[{"name":"wp","href":"https:\/\/api.w.org\/{rel}","templated":true}]}}