{"id":13475,"date":"2024-07-23T12:13:29","date_gmt":"2024-07-23T12:13:29","guid":{"rendered":"https:\/\/enfoquenoticioso.com\/sucesos\/dos-muertos-y-dos-versiones-sobre-los-hechos\/"},"modified":"2024-07-23T12:13:29","modified_gmt":"2024-07-23T12:13:29","slug":"dos-muertos-y-dos-versiones-sobre-los-hechos","status":"publish","type":"post","link":"https:\/\/enfoquenoticioso.com\/?p=13475","title":{"rendered":"Dos muertos y dos versiones sobre los hechos"},"content":{"rendered":"<div>\n<p>Dos personas murieron y una result\u00f3 gravemente herida por la\u00a0explosi\u00f3n de una granada en la localidad de La Toscana, estado Monagas. Las autoridades ya investigan este extra\u00f1o caso acontecido el pasado s\u00e1bado, 20 de julio.<span id=\"more-533443\"\/><\/p>\n<p>Medios regionales indicaron que la tragedia ocurri\u00f3 pasadas las 10 de la ma\u00f1ana. Los vecinos relataron que\u00a0escucharon una fuerte explosi\u00f3n en una vivienda\u00a0y llamaron de inmediato a las autoridades.<\/p>\n<p>Los organismos de emergencias indicaron que dos personas murieron por la explosi\u00f3n, identificados como\u00a0Mois\u00e9s Guzm\u00e1n, alias\u00a0<em>Boleta<\/em>, y una otra conocida como\u00a0<em>Niche<\/em>. Asimismo, una mujer qued\u00f3 gravemente herida.<\/p>\n<p>La joven fue trasladada de emergencia al Hospital Universitario \u2018Dr. Manuel N\u00fa\u00f1ez Tovar\u2019, de Matur\u00edn. Aunque no hay detalles de sus lesiones, fuentes extraoficiales indican que\u00a0est\u00e1 delicada.<\/p>\n<div id=\"ez-toc-container\" class=\"ez-toc-v2_0_81 counter-hierarchy ez-toc-counter ez-toc-grey ez-toc-container-direction\">\n<div class=\"ez-toc-title-container\">\n<p class=\"ez-toc-title\" style=\"cursor:inherit\">Tabla de Contenido<\/p>\n<span class=\"ez-toc-title-toggle\"><a href=\"#\" class=\"ez-toc-pull-right ez-toc-btn ez-toc-btn-xs ez-toc-btn-default ez-toc-toggle\" aria-label=\"Alternar tabla de contenidos\"><span class=\"ez-toc-js-icon-con\"><span class=\"\"><span class=\"eztoc-hide\" style=\"display:none;\">Toggle<\/span><span class=\"ez-toc-icon-toggle-span\"><svg style=\"fill: #999;color:#999\" xmlns=\"http:\/\/www.w3.org\/2000\/svg\" class=\"list-377408\" width=\"20px\" height=\"20px\" viewBox=\"0 0 24 24\" fill=\"none\"><path d=\"M6 6H4v2h2V6zm14 0H8v2h12V6zM4 11h2v2H4v-2zm16 0H8v2h12v-2zM4 16h2v2H4v-2zm16 0H8v2h12v-2z\" fill=\"currentColor\"><\/path><\/svg><svg style=\"fill: #999;color:#999\" class=\"arrow-unsorted-368013\" xmlns=\"http:\/\/www.w3.org\/2000\/svg\" width=\"10px\" height=\"10px\" viewBox=\"0 0 24 24\" version=\"1.2\" baseProfile=\"tiny\"><path d=\"M18.2 9.3l-6.2-6.3-6.2 6.3c-.2.2-.3.4-.3.7s.1.5.3.7c.2.2.4.3.7.3h11c.3 0 .5-.1.7-.3.2-.2.3-.5.3-.7s-.1-.5-.3-.7zM5.8 14.7l6.2 6.3 6.2-6.3c.2-.2.3-.5.3-.7s-.1-.5-.3-.7c-.2-.2-.4-.3-.7-.3h-11c-.3 0-.5.1-.7.3-.2.2-.3.5-.3.7s.1.5.3.7z\"\/><\/svg><\/span><\/span><\/span><\/a><\/span><\/div>\n<nav><ul class='ez-toc-list ez-toc-list-level-1 ' ><li class='ez-toc-page-1 ez-toc-heading-level-3'><a class=\"ez-toc-link ez-toc-heading-1\" href=\"https:\/\/enfoquenoticioso.com\/?p=13475\/#%C2%BFQUE_CAUSO_LA_EXPLOSION\" >\u00bfQU\u00c9 CAUS\u00d3 LA EXPLOSI\u00d3N?<\/a><ul class='ez-toc-list-level-4' ><li class='ez-toc-heading-level-4'><a class=\"ez-toc-link ez-toc-heading-2\" href=\"https:\/\/enfoquenoticioso.com\/?p=13475\/#Sigue_al_canal_de_noticias_en_Whatsaap\" >Sigue al canal de noticias en Whatsaap\u00a0<\/a><\/li><\/ul><\/li><\/ul><\/nav><\/div>\n<h3 id=\"que-causo-la-explosion\" class=\"rb-heading-index-0\"><span class=\"ez-toc-section\" id=\"%C2%BFQUE_CAUSO_LA_EXPLOSION\"><\/span>\u00bfQU\u00c9 CAUS\u00d3 LA EXPLOSI\u00d3N?<span class=\"ez-toc-section-end\"><\/span><\/h3>\n<p>Las autoridades abrieron una investigaci\u00f3n sobre el caso e hicieron las primeras pesquisas, pero todav\u00eda\u00a0no han dado detalles de c\u00f3mo ocurri\u00f3 la explosi\u00f3n. Solamente se han limitado a decir que fue causada por una granada.<\/p>\n<p>La Prensa de Monagas indic\u00f3 que hay dos versiones circulando por las calles de la localidad. La primera de ellas indica que\u00a0las v\u00edctimas ten\u00edan artefactos explosivos ocultos\u00a0en la vivienda y una de las granadas explot\u00f3 accidentalmente.<\/p>\n<p>Por su parte, la otra versi\u00f3n apunt\u00f3 que una organizaci\u00f3n criminal\u00a0lanz\u00f3 la granada hacia la vivienda, causando la explosi\u00f3n. En ese sentido, se podr\u00eda tratar de un caso de extorsi\u00f3n o de enfrentamiento entre bandas.<\/p>\n<p>Hasta el momento, las autoridades no se han pronunciado sobre el caso. Se espera que en los pr\u00f3ximos d\u00edas trasciendan m\u00e1s detalles sobre la explosi\u00f3n.<\/p>\n<h4><span class=\"ez-toc-section\" id=\"Sigue_al_canal_de_noticias_en_Whatsaap\"><\/span><strong><a href=\"https:\/\/whatsapp.com\/channel\/0029VaDXFnLId7nFFiDdVI26?fbclid=IwAR1LnVJqcByTELJH4Ht086FYRmdx18pRnV7CrkzmTJ5JaLHYY0igukfL9Yk\" target=\"_blank\" rel=\"noopener\">Sigue al canal de noticias en Whatsaap\u00a0<\/a><\/strong><span class=\"ez-toc-section-end\"><\/span><\/h4>\n<\/div>\n<p><a href=\"https:\/\/noticiasaldiayalahora.co\/sucesos\/exploto-una-granada-en-una-casa-de-monagas-dos-muertos-y-dos-versiones-sobre-los-hechos\/\" class=\" target=\" title=\"Dos muertos y dos versiones sobre los hechos\" target=\"_blank\" rel=\"noopener\">Ver fuente<\/a><\/p>\n","protected":false},"excerpt":{"rendered":"<p>Dos personas murieron y una result\u00f3 gravemente herida por la\u00a0explosi\u00f3n de una granada en la localidad de La Toscana, estado Monagas. Las autoridades ya investigan este extra\u00f1o caso acontecido el pasado s\u00e1bado, 20 de julio. Medios regionales indicaron que la tragedia ocurri\u00f3 pasadas las 10 de la ma\u00f1ana. Los vecinos relataron que\u00a0escucharon una fuerte explosi\u00f3n [&hellip;]<\/p>\n","protected":false},"author":2,"featured_media":3965,"comment_status":"open","ping_status":"closed","sticky":false,"template":"","format":"standard","meta":{"footnotes":""},"categories":[5],"tags":[],"class_list":["post-13475","post","type-post","status-publish","format-standard","has-post-thumbnail","hentry","category-sucesos"],"_links":{"self":[{"href":"https:\/\/enfoquenoticioso.com\/index.php?rest_route=\/wp\/v2\/posts\/13475","targetHints":{"allow":["GET"]}}],"collection":[{"href":"https:\/\/enfoquenoticioso.com\/index.php?rest_route=\/wp\/v2\/posts"}],"about":[{"href":"https:\/\/enfoquenoticioso.com\/index.php?rest_route=\/wp\/v2\/types\/post"}],"author":[{"embeddable":true,"href":"https:\/\/enfoquenoticioso.com\/index.php?rest_route=\/wp\/v2\/users\/2"}],"replies":[{"embeddable":true,"href":"https:\/\/enfoquenoticioso.com\/index.php?rest_route=%2Fwp%2Fv2%2Fcomments&post=13475"}],"version-history":[{"count":0,"href":"https:\/\/enfoquenoticioso.com\/index.php?rest_route=\/wp\/v2\/posts\/13475\/revisions"}],"wp:featuredmedia":[{"embeddable":true,"href":"https:\/\/enfoquenoticioso.com\/index.php?rest_route=\/wp\/v2\/media\/3965"}],"wp:attachment":[{"href":"https:\/\/enfoquenoticioso.com\/index.php?rest_route=%2Fwp%2Fv2%2Fmedia&parent=13475"}],"wp:term":[{"taxonomy":"category","embeddable":true,"href":"https:\/\/enfoquenoticioso.com\/index.php?rest_route=%2Fwp%2Fv2%2Fcategories&post=13475"},{"taxonomy":"post_tag","embeddable":true,"href":"https:\/\/enfoquenoticioso.com\/index.php?rest_route=%2Fwp%2Fv2%2Ftags&post=13475"}],"curies":[{"name":"wp","href":"https:\/\/api.w.org\/{rel}","templated":true}]}}