{"id":14651,"date":"2024-07-31T14:01:35","date_gmt":"2024-07-31T14:01:35","guid":{"rendered":"https:\/\/enfoquenoticioso.com\/noticias\/el-llamado-que-hizo-deyna-castellanos-al-gobierno-por-las-elecciones\/"},"modified":"2024-07-31T14:01:35","modified_gmt":"2024-07-31T14:01:35","slug":"el-llamado-que-hizo-deyna-castellanos-al-gobierno-por-las-elecciones","status":"publish","type":"post","link":"https:\/\/enfoquenoticioso.com\/?p=14651","title":{"rendered":"El llamado que hizo Deyna Castellanos al gobierno por las elecciones"},"content":{"rendered":"<div>\n<p>La futbolista venezolana, Deyna Castellanos, rompi\u00f3 el silencio y\u00a0pidi\u00f3 a las autoridades dejar a los venezolanos manifestar tras los resultados de las elecciones presidenciales.<span id=\"more-534063\"\/><\/p>\n<p>\u00abHago un llamado a que bajen las armas y dejen al pueblo venezolano manifestar su descontento en paz y en democracia\u00bb, indic\u00f3.<\/p>\n<p>Destac\u00f3 que Venezuela quiere un cambio y lo ratific\u00f3 mediante el voto el pasado 28 de julio.\u00a0\u00abEspero que todas las entidades nacionales e internacionales pertinentes hagan justicia a la verdad\u00bb, dijo.<\/p>\n<p>Adem\u00e1s, sostuvo que siempre alrededor de los atletas hay una opini\u00f3n p\u00fablica muy fuerte con respecto a hablar o no de pol\u00edtica, ya que forman parte de una federaci\u00f3n y representan a un pa\u00eds.<\/p>\n<p>\u00abMuchas veces nos vemos en situaciones que no pedimos, sobre todo cuando somos menores de edad. Siempre puede haber consecuencias, pero estoy dispuesta a asumirlas.\u00a0S\u00ed, soy atleta, pero ante todo venezolana\u00bb, sentenci\u00f3 en sus\u00a0redes.<\/p>\n<p><img loading=\"lazy\" decoding=\"async\" class=\"alignnone size-full wp-image-169424\" src=\"https:\/\/i0.wp.com\/www.caraotadigital.net\/wp-content\/uploads\/2024\/07\/imagedeyna38994.jpg?resize=650%2C430&amp;ssl=1\" alt=\"\" width=\"650\" height=\"430\" data-recalc-dims=\"1\"\/><\/p>\n<div id=\"ez-toc-container\" class=\"ez-toc-v2_0_81 counter-hierarchy ez-toc-counter ez-toc-grey ez-toc-container-direction\">\n<div class=\"ez-toc-title-container\">\n<p class=\"ez-toc-title\" style=\"cursor:inherit\">Tabla de Contenido<\/p>\n<span class=\"ez-toc-title-toggle\"><a href=\"#\" class=\"ez-toc-pull-right ez-toc-btn ez-toc-btn-xs ez-toc-btn-default ez-toc-toggle\" aria-label=\"Alternar tabla de contenidos\"><span class=\"ez-toc-js-icon-con\"><span class=\"\"><span class=\"eztoc-hide\" style=\"display:none;\">Toggle<\/span><span class=\"ez-toc-icon-toggle-span\"><svg style=\"fill: #999;color:#999\" xmlns=\"http:\/\/www.w3.org\/2000\/svg\" class=\"list-377408\" width=\"20px\" height=\"20px\" viewBox=\"0 0 24 24\" fill=\"none\"><path d=\"M6 6H4v2h2V6zm14 0H8v2h12V6zM4 11h2v2H4v-2zm16 0H8v2h12v-2zM4 16h2v2H4v-2zm16 0H8v2h12v-2z\" fill=\"currentColor\"><\/path><\/svg><svg style=\"fill: #999;color:#999\" class=\"arrow-unsorted-368013\" xmlns=\"http:\/\/www.w3.org\/2000\/svg\" width=\"10px\" height=\"10px\" viewBox=\"0 0 24 24\" version=\"1.2\" baseProfile=\"tiny\"><path d=\"M18.2 9.3l-6.2-6.3-6.2 6.3c-.2.2-.3.4-.3.7s.1.5.3.7c.2.2.4.3.7.3h11c.3 0 .5-.1.7-.3.2-.2.3-.5.3-.7s-.1-.5-.3-.7zM5.8 14.7l6.2 6.3 6.2-6.3c.2-.2.3-.5.3-.7s-.1-.5-.3-.7c-.2-.2-.4-.3-.7-.3h-11c-.3 0-.5.1-.7.3-.2.2-.3.5-.3.7s.1.5.3.7z\"\/><\/svg><\/span><\/span><\/span><\/a><\/span><\/div>\n<nav><ul class='ez-toc-list ez-toc-list-level-1 ' ><li class='ez-toc-page-1 ez-toc-heading-level-3'><a class=\"ez-toc-link ez-toc-heading-1\" href=\"https:\/\/enfoquenoticioso.com\/?p=14651\/#DEYNA_CASTELLANOS_SOBRE_LA_FVF\" >DEYNA CASTELLANOS SOBRE LA FVF<\/a><ul class='ez-toc-list-level-4' ><li class='ez-toc-heading-level-4'><a class=\"ez-toc-link ez-toc-heading-2\" href=\"https:\/\/enfoquenoticioso.com\/?p=14651\/#Sigue_al_canal_de_noticias_en_Whatsaap\" >Sigue al canal de noticias en Whatsaap\u00a0<\/a><\/li><\/ul><\/li><\/ul><\/nav><\/div>\n<h3 id=\"deyna-castellanos-sobre-la-fvf\" class=\"rb-heading-index-0\"><span class=\"ez-toc-section\" id=\"DEYNA_CASTELLANOS_SOBRE_LA_FVF\"><\/span>DEYNA CASTELLANOS SOBRE LA FVF<span class=\"ez-toc-section-end\"><\/span><\/h3>\n<p>Deyna Castellanos tambi\u00e9n fue muy cr\u00edtica contra la\u00a0contra la Federaci\u00f3n Venezolana de F\u00fatbol (FVF) en julio del a\u00f1o pasado tras el video que publicaron para dar a conocer el nuevo logo.<\/p>\n<p>Y es que acot\u00f3 que las autoridades del f\u00fatbol venezolano no incluyeron a sus compa\u00f1eras en las im\u00e1genes. As\u00ed como no tomaron en cuenta a otras selecciones que representan al pa\u00eds como las de f\u00fatbol sala y f\u00fatbol playa.<\/p>\n<p>\u00abLo que no me gust\u00f3 es que la Federaci\u00f3n es una instituci\u00f3n que representa a varios equipos como el f\u00fatbol masculino, femenino, de playa, de sala,\u00a0y en esta presentaci\u00f3n tan cool que hicieron dos de esos equipos no salieron\u00bb, coment\u00f3 Deyna Castellanos.<\/p>\n<p>Destac\u00f3 que su mensaje no iba dirigido en contra de la selecci\u00f3n masculina, pero no estaba de acuerdo que en el video solo saliera ella como representante del f\u00fatbol femenino.<\/p>\n<p>\u00abMe sacan a m\u00ed en el video, pero el tema es sacar a las jugadoras del equipo femenino.\u00a0Mis compa\u00f1eras van de mi mano, van a mi lado. Ellas no est\u00e1n detr\u00e1s de m\u00ed, est\u00e1n conmigo y se sudan la camiseta al igual que yo.\u00a0Esto me pareci\u00f3 bastante feo por as\u00ed decirlo\u00bb, expres\u00f3 en un video publicado en sus redes.<\/p>\n<blockquote class=\"twitter-tweet\">\n<p dir=\"ltr\" lang=\"es\">Siempre alrededor de los atletas hay una opini\u00f3n p\u00fablica muy fuerte con respecto a hablar o no de pol\u00edtica, ya que formamos parte de una federaci\u00f3n y representamos a un pa\u00eds y muchas veces nos vemos en situaciones que no pedimos, sobre todo cuando somos menores de edad. Siempre\u2026<\/p>\n<p>\u2014 Deyna Castellanos (@deynac18) <a href=\"https:\/\/twitter.com\/deynac18\/status\/1818310650680230108?ref_src=twsrc%5Etfw\" target=\"_blank\" rel=\"noopener\">July 30, 2024<\/a><\/p>\n<\/blockquote>\n<h4><span class=\"ez-toc-section\" id=\"Sigue_al_canal_de_noticias_en_Whatsaap\"><\/span><strong><a href=\"https:\/\/whatsapp.com\/channel\/0029VaDXFnLId7nFFiDdVI26?fbclid=IwAR1LnVJqcByTELJH4Ht086FYRmdx18pRnV7CrkzmTJ5JaLHYY0igukfL9Yk\" target=\"_blank\" rel=\"noopener\">Sigue al canal de noticias en Whatsaap\u00a0<\/a><\/strong><span class=\"ez-toc-section-end\"><\/span><\/h4>\n<\/div>\n<p><script async src=\"\/\/platform.twitter.com\/widgets.js\" charset=\"utf-8\"><\/script><br \/>\n<br \/><a href=\"https:\/\/noticiasaldiayalahora.co\/deportes\/el-llamado-que-hizo-deyna-castellanos-al-gobierno-por-las-elecciones\/\" class=\" target=\" title=\"El llamado que hizo Deyna Castellanos al gobierno por las elecciones\" target=\"_blank\" rel=\"noopener\">Ver fuente<\/a><\/p>\n","protected":false},"excerpt":{"rendered":"<p>La futbolista venezolana, Deyna Castellanos, rompi\u00f3 el silencio y\u00a0pidi\u00f3 a las autoridades dejar a los venezolanos manifestar tras los resultados de las elecciones presidenciales. \u00abHago un llamado a que bajen las armas y dejen al pueblo venezolano manifestar su descontento en paz y en democracia\u00bb, indic\u00f3. Destac\u00f3 que Venezuela quiere un cambio y lo ratific\u00f3 [&hellip;]<\/p>\n","protected":false},"author":2,"featured_media":14652,"comment_status":"open","ping_status":"closed","sticky":false,"template":"","format":"standard","meta":{"footnotes":""},"categories":[1],"tags":[],"class_list":["post-14651","post","type-post","status-publish","format-standard","has-post-thumbnail","hentry","category-noticias"],"_links":{"self":[{"href":"https:\/\/enfoquenoticioso.com\/index.php?rest_route=\/wp\/v2\/posts\/14651","targetHints":{"allow":["GET"]}}],"collection":[{"href":"https:\/\/enfoquenoticioso.com\/index.php?rest_route=\/wp\/v2\/posts"}],"about":[{"href":"https:\/\/enfoquenoticioso.com\/index.php?rest_route=\/wp\/v2\/types\/post"}],"author":[{"embeddable":true,"href":"https:\/\/enfoquenoticioso.com\/index.php?rest_route=\/wp\/v2\/users\/2"}],"replies":[{"embeddable":true,"href":"https:\/\/enfoquenoticioso.com\/index.php?rest_route=%2Fwp%2Fv2%2Fcomments&post=14651"}],"version-history":[{"count":0,"href":"https:\/\/enfoquenoticioso.com\/index.php?rest_route=\/wp\/v2\/posts\/14651\/revisions"}],"wp:featuredmedia":[{"embeddable":true,"href":"https:\/\/enfoquenoticioso.com\/index.php?rest_route=\/wp\/v2\/media\/14652"}],"wp:attachment":[{"href":"https:\/\/enfoquenoticioso.com\/index.php?rest_route=%2Fwp%2Fv2%2Fmedia&parent=14651"}],"wp:term":[{"taxonomy":"category","embeddable":true,"href":"https:\/\/enfoquenoticioso.com\/index.php?rest_route=%2Fwp%2Fv2%2Fcategories&post=14651"},{"taxonomy":"post_tag","embeddable":true,"href":"https:\/\/enfoquenoticioso.com\/index.php?rest_route=%2Fwp%2Fv2%2Ftags&post=14651"}],"curies":[{"name":"wp","href":"https:\/\/api.w.org\/{rel}","templated":true}]}}