{"id":14890,"date":"2024-08-01T14:48:14","date_gmt":"2024-08-01T14:48:14","guid":{"rendered":"https:\/\/enfoquenoticioso.com\/noticias\/2-medallas-de-oro-y-un-record-olimpico-en-un-dia-extraordinario-para-america-latina-en-paris-2024\/"},"modified":"2024-08-01T14:48:14","modified_gmt":"2024-08-01T14:48:14","slug":"2-medallas-de-oro-y-un-record-olimpico-en-un-dia-extraordinario-para-america-latina-en-paris-2024","status":"publish","type":"post","link":"https:\/\/enfoquenoticioso.com\/?p=14890","title":{"rendered":"2 medallas de oro y un r\u00e9cord ol\u00edmpico en un d\u00eda extraordinario para Am\u00e9rica Latina en Par\u00eds 2024"},"content":{"rendered":"<div id=\"main-content\">\n<nav class=\"breadcrumb\"><span itemscope=\"\" itemtype=\"http:\/\/data-vocabulary.org\/Breadcrumb\"><a href=\"https:\/\/noticiasaldiayalahora.co\" itemprop=\"url\" class=\"bc-home\" target=\"_blank\" rel=\"noopener\"><span itemprop=\"title\">Inicio<\/span><\/a><\/span> <span itemscope=\"\" itemtype=\"http:\/\/data-vocabulary.org\/Breadcrumb\"><a href=\"https:\/\/noticiasaldiayalahora.co\/deportes\/\" itemprop=\"url\" target=\"_blank\" rel=\"noopener\"><span itemprop=\"title\">Deportes<\/span><\/a><\/span><\/nav>\n<article id=\"post-534159\" class=\"post-534159 post type-post status-publish format-standard has-post-thumbnail hentry category-deportes tag-adriana-ruano-oliva tag-juegos-olimpicos-paris-2024\">\n<div class=\"entry-thumbnail\">\n<img width=\"777\" height=\"437\" src=\"https:\/\/i0.wp.com\/noticiasaldiayalahora.co\/wp-content\/uploads\/2024\/08\/Adriana-Ruano-Oliva.jpg?resize=777%2C437&amp;ssl=1\" class=\"attachment-content-single size-content-single wp-post-image\" alt=\"\" decoding=\"async\" fetchpriority=\"high\" srcset=\"https:\/\/i0.wp.com\/noticiasaldiayalahora.co\/wp-content\/uploads\/2024\/08\/Adriana-Ruano-Oliva.jpg?resize=777%2C437&amp;ssl=1 777w, https:\/\/i0.wp.com\/noticiasaldiayalahora.co\/wp-content\/uploads\/2024\/08\/Adriana-Ruano-Oliva.jpg?resize=180%2C101&amp;ssl=1 180w, https:\/\/i0.wp.com\/noticiasaldiayalahora.co\/wp-content\/uploads\/2024\/08\/Adriana-Ruano-Oliva.jpg?resize=260%2C146&amp;ssl=1 260w, https:\/\/i0.wp.com\/noticiasaldiayalahora.co\/wp-content\/uploads\/2024\/08\/Adriana-Ruano-Oliva.jpg?resize=373%2C210&amp;ssl=1 373w, https:\/\/i0.wp.com\/noticiasaldiayalahora.co\/wp-content\/uploads\/2024\/08\/Adriana-Ruano-Oliva.jpg?resize=120%2C67&amp;ssl=1 120w\" sizes=\"(max-width: 777px) 100vw, 777px\"\/><\/div>\n<p class=\"entry-meta\">\n<span class=\"entry-meta-author vcard author\">Por: <a class=\"fn\" href=\"https:\/\/noticiasaldiayalahora.co\/author\/redaccion\/\" target=\"_blank\" rel=\"noopener\">Redacci\u00f3n Noticias al Dia y a la Hora<\/a><\/span><br \/>\n<span class=\"entry-meta-date updated\">1 agosto, 2024<\/span>\n<\/p>\n<div class=\"entry-content clearfix\">\n<div class=\"bbc-19j92fr ebmt73l0\" dir=\"ltr\">\n<p class=\"bbc-hhl7in e17g058b0\" dir=\"ltr\"><b>Guatemala hizo historia en Par\u00eds este mi\u00e9rcoles.<\/b><\/p>\n<\/div>\n<p>por <strong>BBC News Mundo<\/strong><\/p>\n<div class=\"bbc-19j92fr ebmt73l0\" dir=\"ltr\">\n<p class=\"bbc-hhl7in e17g058b0\" dir=\"ltr\">Y con r\u00e9cord ol\u00edmpico incluido.<\/p>\n<\/div>\n<div class=\"bbc-19j92fr ebmt73l0\" dir=\"ltr\">\n<p class=\"bbc-hhl7in e17g058b0\" dir=\"ltr\">Adriana Ruano Oliva inscribi\u00f3 su nombre en las p\u00e1ginas del olimpismo al conseguir la primera medalla de oro para su pa\u00eds en toda la historia.<\/p>\n<\/div>\n<div class=\"bbc-19j92fr ebmt73l0\" dir=\"ltr\">\n<p class=\"bbc-hhl7in e17g058b0\" dir=\"ltr\">Y lo hizo en tiro, en el evento de foso femenino, donde super\u00f3 a todas sus rivales con un puntaje de 45 aciertos, lo que es un nuevo r\u00e9cord ol\u00edmpico para este deporte.<\/p>\n<p dir=\"ltr\">De esta manera consigue la primera medalla dorada para Guatemala en su historia, la tercera en todos los registros, pero sobre todo, la segunda de su pa\u00eds en Par\u00eds 2024, en una actuaci\u00f3n que ha sorprendido a toda la regi\u00f3n.<\/p>\n<div class=\"bbc-19j92fr ebmt73l0\" dir=\"ltr\">\n<p class=\"bbc-hhl7in e17g058b0\" dir=\"ltr\"><b>Guatemala ya hab\u00eda avisado de su capacidad en tiro cuando Jean Pierre Brol se qued\u00f3 con el bronce el martes en el foso masculino.<\/b><\/p>\n<\/div>\n<div class=\"bbc-19j92fr ebmt73l0\" dir=\"ltr\">\n<p class=\"bbc-hhl7in e17g058b0\" dir=\"ltr\">Ruano, quien tiene 29 a\u00f1os, naci\u00f3 en Ciudad de Guatemala y pronto se interes\u00f3 por los deportes.<\/p>\n<\/div>\n<div class=\"bbc-19j92fr ebmt73l0\" dir=\"ltr\">\n<p class=\"bbc-hhl7in e17g058b0\" dir=\"ltr\">Como se\u00f1al\u00f3 en varias entrevistas, su sue\u00f1o era ser gimnasta, pero una grave lesi\u00f3n en la columna hizo que se tuviera que retirar cuando ten\u00eda 16 a\u00f1os.<\/p>\n<\/div>\n<div class=\"bbc-19j92fr ebmt73l0\" dir=\"ltr\">\n<p class=\"bbc-hhl7in e17g058b0\" dir=\"ltr\">Con el deseo de convertirse en deportista de alto nivel, por consejo de un conocido suyo comenz\u00f3 a entrenar tiro, especializandose en foso.<\/p>\n<\/div>\n<div class=\"bbc-19j92fr ebmt73l0\" dir=\"ltr\">\n<p class=\"bbc-hhl7in e17g058b0\" dir=\"ltr\">Esta es su segunda participaci\u00f3n en unos Juegos Ol\u00edmpicos. En Tokio 2020 hab\u00eda quedado en los \u00faltimos lugares de la clasificaci\u00f3n.<\/p>\n<\/div>\n<div class=\"bbc-19j92fr ebmt73l0\" dir=\"ltr\">\n<p class=\"bbc-hhl7in e17g058b0\" dir=\"ltr\">Esta es la tercera medalla ol\u00edmpica para Guatemala, junto a la que consigui\u00f3 Jean Pierre Brol en fosa masculina el martes y la de Erik Barrondo en marcha en Londres 2012.<\/p>\n<\/div>\n<figure class=\"bbc-1qn0xuy\">\n<div class=\"bbc-18ywsw9\"><img loading=\"lazy\" decoding=\"async\" class=\"bbc-139onq\" src=\"https:\/\/i0.wp.com\/ichef.bbci.co.uk\/ace\/ws\/640\/cpsprodpb\/1637\/live\/fac8b0e0-4f4c-11ef-aebc-6de4d31bf5cd.jpg.webp?resize=1024%2C683&amp;ssl=1\" sizes=\"auto, (min-width: 1008px) 760px, 100vw\" srcset=\"https:\/\/ichef.bbci.co.uk\/ace\/ws\/240\/cpsprodpb\/1637\/live\/fac8b0e0-4f4c-11ef-aebc-6de4d31bf5cd.jpg.webp 240w, https:\/\/ichef.bbci.co.uk\/ace\/ws\/320\/cpsprodpb\/1637\/live\/fac8b0e0-4f4c-11ef-aebc-6de4d31bf5cd.jpg.webp 320w, https:\/\/ichef.bbci.co.uk\/ace\/ws\/480\/cpsprodpb\/1637\/live\/fac8b0e0-4f4c-11ef-aebc-6de4d31bf5cd.jpg.webp 480w, https:\/\/ichef.bbci.co.uk\/ace\/ws\/624\/cpsprodpb\/1637\/live\/fac8b0e0-4f4c-11ef-aebc-6de4d31bf5cd.jpg.webp 624w, https:\/\/ichef.bbci.co.uk\/ace\/ws\/800\/cpsprodpb\/1637\/live\/fac8b0e0-4f4c-11ef-aebc-6de4d31bf5cd.jpg.webp 800w\" alt=\"Adriana Ruano Oliva\" width=\"1024\" height=\"683\" data-recalc-dims=\"1\"\/><\/p>\n<p class=\"bbc-by8ykd\" role=\"text\"><span class=\"bbc-m04vo2\">FUENTE DE LA IMAGEN,<\/span><span lang=\"en-GB\">GETTY IMAGES<\/span><\/p>\n<\/div><figcaption class=\"bbc-1jsyunq e6i104o0\" dir=\"ltr\"><span role=\"text\"><span class=\"bbc-m04vo2\">Pie de foto,<\/span><span data-testid=\"caption-paragraph\">Ruano super\u00f3 ampliamente a todas sus rivales en foso femenino.<\/span><\/span><\/figcaption><\/figure>\n<figure class=\"bbc-1qn0xuy\">\n<div class=\"bbc-18ywsw9\"><img loading=\"lazy\" decoding=\"async\" class=\"bbc-139onq\" src=\"https:\/\/i0.wp.com\/ichef.bbci.co.uk\/ace\/ws\/640\/cpsprodpb\/9e61\/live\/16dc9b80-4f4c-11ef-8f0f-0577398c3339.jpg.webp?resize=1024%2C683&amp;ssl=1\" sizes=\"auto, (min-width: 1008px) 760px, 100vw\" srcset=\"https:\/\/ichef.bbci.co.uk\/ace\/ws\/240\/cpsprodpb\/9e61\/live\/16dc9b80-4f4c-11ef-8f0f-0577398c3339.jpg.webp 240w, https:\/\/ichef.bbci.co.uk\/ace\/ws\/320\/cpsprodpb\/9e61\/live\/16dc9b80-4f4c-11ef-8f0f-0577398c3339.jpg.webp 320w, https:\/\/ichef.bbci.co.uk\/ace\/ws\/480\/cpsprodpb\/9e61\/live\/16dc9b80-4f4c-11ef-8f0f-0577398c3339.jpg.webp 480w, https:\/\/ichef.bbci.co.uk\/ace\/ws\/624\/cpsprodpb\/9e61\/live\/16dc9b80-4f4c-11ef-8f0f-0577398c3339.jpg.webp 624w, https:\/\/ichef.bbci.co.uk\/ace\/ws\/800\/cpsprodpb\/9e61\/live\/16dc9b80-4f4c-11ef-8f0f-0577398c3339.jpg.webp 800w\" alt=\"Adriana Ruano Oliva\" width=\"1024\" height=\"683\" data-recalc-dims=\"1\"\/><\/p>\n<p class=\"bbc-by8ykd\" role=\"text\"><span class=\"bbc-m04vo2\">FUENTE DE LA IMAGEN,<\/span><span lang=\"en-GB\">GETTY IMAGES<\/span><\/p>\n<\/div><figcaption class=\"bbc-1jsyunq e6i104o0\" dir=\"ltr\"><span role=\"text\"><span class=\"bbc-m04vo2\">Pie de foto,<\/span><span data-testid=\"caption-paragraph\">El primer sue\u00f1o ol\u00edmpico de Ruano fue ser gimanasta. Pero el tiro le dio la gloria en Par\u00eds 2024.<\/span><\/span><\/figcaption><\/figure>\n<p><div id=\"ez-toc-container\" class=\"ez-toc-v2_0_81 counter-hierarchy ez-toc-counter ez-toc-grey ez-toc-container-direction\">\n<div class=\"ez-toc-title-container\">\n<p class=\"ez-toc-title\" style=\"cursor:inherit\">Tabla de Contenido<\/p>\n<span class=\"ez-toc-title-toggle\"><a href=\"#\" class=\"ez-toc-pull-right ez-toc-btn ez-toc-btn-xs ez-toc-btn-default ez-toc-toggle\" aria-label=\"Alternar tabla de contenidos\"><span class=\"ez-toc-js-icon-con\"><span class=\"\"><span class=\"eztoc-hide\" style=\"display:none;\">Toggle<\/span><span class=\"ez-toc-icon-toggle-span\"><svg style=\"fill: #999;color:#999\" xmlns=\"http:\/\/www.w3.org\/2000\/svg\" class=\"list-377408\" width=\"20px\" height=\"20px\" viewBox=\"0 0 24 24\" fill=\"none\"><path d=\"M6 6H4v2h2V6zm14 0H8v2h12V6zM4 11h2v2H4v-2zm16 0H8v2h12v-2zM4 16h2v2H4v-2zm16 0H8v2h12v-2z\" fill=\"currentColor\"><\/path><\/svg><svg style=\"fill: #999;color:#999\" class=\"arrow-unsorted-368013\" xmlns=\"http:\/\/www.w3.org\/2000\/svg\" width=\"10px\" height=\"10px\" viewBox=\"0 0 24 24\" version=\"1.2\" baseProfile=\"tiny\"><path d=\"M18.2 9.3l-6.2-6.3-6.2 6.3c-.2.2-.3.4-.3.7s.1.5.3.7c.2.2.4.3.7.3h11c.3 0 .5-.1.7-.3.2-.2.3-.5.3-.7s-.1-.5-.3-.7zM5.8 14.7l6.2 6.3 6.2-6.3c.2-.2.3-.5.3-.7s-.1-.5-.3-.7c-.2-.2-.4-.3-.7-.3h-11c-.3 0-.5.1-.7.3-.2.2-.3.5-.3.7s.1.5.3.7z\"\/><\/svg><\/span><\/span><\/span><\/a><\/span><\/div>\n<nav><ul class='ez-toc-list ez-toc-list-level-1 ' ><li class='ez-toc-page-1 ez-toc-heading-level-2'><a class=\"ez-toc-link ez-toc-heading-1\" href=\"https:\/\/enfoquenoticioso.com\/?p=14890\/#Argentina_y_el_Freestyle\" >Argentina y el Freestyle<\/a><\/li><\/ul><\/nav><\/div>\n<h2 id=\"Argentina-y-el-Freestyle\" class=\"bbc-1f03ibc eglt09e0\" tabindex=\"-1\"><span class=\"ez-toc-section\" id=\"Argentina_y_el_Freestyle\"><\/span>Argentina y el Freestyle<span class=\"ez-toc-section-end\"><\/span><\/h2>\n<\/p>\n<div class=\"bbc-19j92fr ebmt73l0\" dir=\"ltr\">\n<p class=\"bbc-hhl7in e17g058b0\" dir=\"ltr\"><b>El d\u00eda hab\u00eda comenzado glorioso para Argentina.<\/b><\/p>\n<\/div>\n<div class=\"bbc-19j92fr ebmt73l0\" dir=\"ltr\">\n<p class=\"bbc-hhl7in e17g058b0\" dir=\"ltr\">Jos\u00e9 Torres Gil tuvo una tarde prodigiosa en el BMX Freestyle este mi\u00e9rcoles y super\u00f3 a los grandes favoritos para quedarse con la presea dorada.<\/p>\n<\/div>\n<div class=\"bbc-19j92fr ebmt73l0\" dir=\"ltr\">\n<p class=\"bbc-hhl7in e17g058b0\" dir=\"ltr\">Con un puntaje de 94.82 en su primer intento se convirti\u00f3 en inalcanzable para los dem\u00e1s rivales y finalmente se qued\u00f3 en la posici\u00f3n m\u00e1s alta del podio.<\/p>\n<\/div>\n<figure class=\"bbc-1qn0xuy\">\n<div class=\"bbc-18ywsw9\"><img loading=\"lazy\" decoding=\"async\" class=\"bbc-139onq\" src=\"https:\/\/i0.wp.com\/ichef.bbci.co.uk\/ace\/ws\/640\/cpsprodpb\/33c9\/live\/cf5a4ee0-4f43-11ef-b2d2-cdb23d5d7c5b.jpg.webp?resize=1024%2C683&amp;ssl=1\" sizes=\"auto, (min-width: 1008px) 760px, 100vw\" srcset=\"https:\/\/ichef.bbci.co.uk\/ace\/ws\/240\/cpsprodpb\/33c9\/live\/cf5a4ee0-4f43-11ef-b2d2-cdb23d5d7c5b.jpg.webp 240w, https:\/\/ichef.bbci.co.uk\/ace\/ws\/320\/cpsprodpb\/33c9\/live\/cf5a4ee0-4f43-11ef-b2d2-cdb23d5d7c5b.jpg.webp 320w, https:\/\/ichef.bbci.co.uk\/ace\/ws\/480\/cpsprodpb\/33c9\/live\/cf5a4ee0-4f43-11ef-b2d2-cdb23d5d7c5b.jpg.webp 480w, https:\/\/ichef.bbci.co.uk\/ace\/ws\/624\/cpsprodpb\/33c9\/live\/cf5a4ee0-4f43-11ef-b2d2-cdb23d5d7c5b.jpg.webp 624w, https:\/\/ichef.bbci.co.uk\/ace\/ws\/800\/cpsprodpb\/33c9\/live\/cf5a4ee0-4f43-11ef-b2d2-cdb23d5d7c5b.jpg.webp 800w\" alt=\"Pruebas.\" width=\"1024\" height=\"683\" data-recalc-dims=\"1\"\/><\/p>\n<p class=\"bbc-by8ykd\" role=\"text\"><span class=\"bbc-m04vo2\">FUENTE DE LA IMAGEN,<\/span><span lang=\"en-GB\">GETTY IMAGES<\/span><\/p>\n<\/div><figcaption class=\"bbc-1jsyunq e6i104o0\" dir=\"ltr\"><span role=\"text\"><span class=\"bbc-m04vo2\">Pie de foto,<\/span><span data-testid=\"caption-paragraph\">Torres ya hab\u00eda mostrado de lo que era capaz en las pruebas de clasificaci\u00f3n.<\/span><\/span><\/figcaption><\/figure>\n<div class=\"bbc-19j92fr ebmt73l0\" dir=\"ltr\">\n<p class=\"bbc-hhl7in e17g058b0\" dir=\"ltr\">Torres Gil, nacido en Santa Cruz de la Sierra (Bolivia) hace 29 a\u00f1os pero residente desde los 7 en Argentina, ya hab\u00eda dado muestras de su talento al ganar la medalla de oro en los Juegos Panamericanos de Santiago en 2023.<\/p>\n<\/div>\n<div class=\"bbc-19j92fr ebmt73l0\" dir=\"ltr\">\n<p class=\"bbc-hhl7in e17g058b0\" dir=\"ltr\">Sin embargo, en esta ocasi\u00f3n se enfrentaba a los campeones del mundo y campeones ol\u00edmpicos como el australiano Logan Martin, quien consigui\u00f3 el oro en Tokio 2020.<\/p>\n<\/div>\n<div class=\"bbc-19j92fr ebmt73l0\" dir=\"ltr\">\n<p class=\"bbc-hhl7in e17g058b0\" dir=\"ltr\">Tambi\u00e9n super\u00f3 al brit\u00e1nico David Reilly, el actual campe\u00f3n del mundo.<\/p>\n<\/div>\n<div class=\"bbc-19j92fr ebmt73l0\" dir=\"ltr\">\n<p class=\"bbc-hhl7in e17g058b0\" dir=\"ltr\">Es adem\u00e1s la primera medalla individual de un argentino en una de las disciplinas del ciclismo en toda la historia de los Juegos.<\/p>\n<\/div>\n<div class=\"bbc-19j92fr ebmt73l0\" dir=\"ltr\">\n<p class=\"bbc-hhl7in e17g058b0\" dir=\"ltr\">\u00abEsto lo hago para que ustedes disfruten y pasen un momento diferente. Lo que suceda ma\u00f1ana, ya no lo s\u00e9. Pero prometo intentar hacer lo mejor que se pueda\u00bb, le hab\u00eda dicho al portal de los Juegos Ol\u00edmpicos sobre su presentaci\u00f3n de este mi\u00e9rcoles.<\/p>\n<\/div>\n<div class=\"bbc-19j92fr ebmt73l0\" dir=\"ltr\">\n<p class=\"bbc-hhl7in e17g058b0\" dir=\"ltr\">Esta fue la primera medalla dorada para Am\u00e9rica Latina en estos Juegos Ol\u00edmpicos (antes de que llegara la de tiro para Guatemala).<\/p>\n<\/div>\n<figure class=\"bbc-1qn0xuy\">\n<div class=\"bbc-18ywsw9\"><img loading=\"lazy\" decoding=\"async\" class=\"bbc-139onq\" src=\"https:\/\/i0.wp.com\/ichef.bbci.co.uk\/ace\/ws\/640\/cpsprodpb\/a50c\/live\/5e89d870-4f43-11ef-aebc-6de4d31bf5cd.jpg.webp?resize=1024%2C683&amp;ssl=1\" sizes=\"auto, (min-width: 1008px) 760px, 100vw\" srcset=\"https:\/\/ichef.bbci.co.uk\/ace\/ws\/240\/cpsprodpb\/a50c\/live\/5e89d870-4f43-11ef-aebc-6de4d31bf5cd.jpg.webp 240w, https:\/\/ichef.bbci.co.uk\/ace\/ws\/320\/cpsprodpb\/a50c\/live\/5e89d870-4f43-11ef-aebc-6de4d31bf5cd.jpg.webp 320w, https:\/\/ichef.bbci.co.uk\/ace\/ws\/480\/cpsprodpb\/a50c\/live\/5e89d870-4f43-11ef-aebc-6de4d31bf5cd.jpg.webp 480w, https:\/\/ichef.bbci.co.uk\/ace\/ws\/624\/cpsprodpb\/a50c\/live\/5e89d870-4f43-11ef-aebc-6de4d31bf5cd.jpg.webp 624w, https:\/\/ichef.bbci.co.uk\/ace\/ws\/800\/cpsprodpb\/a50c\/live\/5e89d870-4f43-11ef-aebc-6de4d31bf5cd.jpg.webp 800w\" alt=\"Torres Gil \" width=\"1024\" height=\"683\" data-recalc-dims=\"1\"\/><\/p>\n<p class=\"bbc-by8ykd\" role=\"text\"><span class=\"bbc-m04vo2\">FUENTE DE LA IMAGEN,<\/span><span lang=\"en-GB\">GETTY IMAGES<\/span><\/p>\n<\/div><figcaption class=\"bbc-1jsyunq e6i104o0\" dir=\"ltr\"><span role=\"text\"><span class=\"bbc-m04vo2\">Pie de foto,<\/span><span data-testid=\"caption-paragraph\">Jos\u00e9 Torres Gil jubiloso tras su gran triunfo en el BMX Freestyle.<br \/>\n<\/span><\/span><\/figcaption><\/figure>\n<\/div>\n<\/div>\n<\/article>\n<nav class=\"post-nav-wrap\" role=\"navigation\">\n<\/nav>\n<\/div>\n<p><a href=\"https:\/\/noticiasaldiayalahora.co\/deportes\/olimpiadas-2-medallas-de-oro-y-un-record-olimpico-en-un-dia-extraordinario-para-america-latina-en-paris-2024\/\" class=\" target=\" title=\"2 medallas de oro y un r\u00e9cord ol\u00edmpico en un d\u00eda extraordinario para Am\u00e9rica Latina en Par\u00eds 2024\" target=\"_blank\" rel=\"noopener\">Ver fuente<\/a><\/p>\n","protected":false},"excerpt":{"rendered":"<p>Inicio Deportes Por: Redacci\u00f3n Noticias al Dia y a la Hora 1 agosto, 2024 Guatemala hizo historia en Par\u00eds este mi\u00e9rcoles. por BBC News Mundo Y con r\u00e9cord ol\u00edmpico incluido. Adriana Ruano Oliva inscribi\u00f3 su nombre en las p\u00e1ginas del olimpismo al conseguir la primera medalla de oro para su pa\u00eds en toda la historia. [&hellip;]<\/p>\n","protected":false},"author":2,"featured_media":14891,"comment_status":"open","ping_status":"closed","sticky":false,"template":"","format":"standard","meta":{"footnotes":""},"categories":[1],"tags":[],"class_list":["post-14890","post","type-post","status-publish","format-standard","has-post-thumbnail","hentry","category-noticias"],"_links":{"self":[{"href":"https:\/\/enfoquenoticioso.com\/index.php?rest_route=\/wp\/v2\/posts\/14890","targetHints":{"allow":["GET"]}}],"collection":[{"href":"https:\/\/enfoquenoticioso.com\/index.php?rest_route=\/wp\/v2\/posts"}],"about":[{"href":"https:\/\/enfoquenoticioso.com\/index.php?rest_route=\/wp\/v2\/types\/post"}],"author":[{"embeddable":true,"href":"https:\/\/enfoquenoticioso.com\/index.php?rest_route=\/wp\/v2\/users\/2"}],"replies":[{"embeddable":true,"href":"https:\/\/enfoquenoticioso.com\/index.php?rest_route=%2Fwp%2Fv2%2Fcomments&post=14890"}],"version-history":[{"count":0,"href":"https:\/\/enfoquenoticioso.com\/index.php?rest_route=\/wp\/v2\/posts\/14890\/revisions"}],"wp:featuredmedia":[{"embeddable":true,"href":"https:\/\/enfoquenoticioso.com\/index.php?rest_route=\/wp\/v2\/media\/14891"}],"wp:attachment":[{"href":"https:\/\/enfoquenoticioso.com\/index.php?rest_route=%2Fwp%2Fv2%2Fmedia&parent=14890"}],"wp:term":[{"taxonomy":"category","embeddable":true,"href":"https:\/\/enfoquenoticioso.com\/index.php?rest_route=%2Fwp%2Fv2%2Fcategories&post=14890"},{"taxonomy":"post_tag","embeddable":true,"href":"https:\/\/enfoquenoticioso.com\/index.php?rest_route=%2Fwp%2Fv2%2Ftags&post=14890"}],"curies":[{"name":"wp","href":"https:\/\/api.w.org\/{rel}","templated":true}]}}