{"id":15151,"date":"2024-08-02T18:47:19","date_gmt":"2024-08-02T18:47:19","guid":{"rendered":"https:\/\/enfoquenoticioso.com\/noticias\/hassan-pasa-a-la-final-de-5-000-m-en-el-inicio-de-su-triptico-olimpico\/"},"modified":"2024-08-02T18:47:19","modified_gmt":"2024-08-02T18:47:19","slug":"hassan-pasa-a-la-final-de-5-000-m-en-el-inicio-de-su-triptico-olimpico","status":"publish","type":"post","link":"https:\/\/enfoquenoticioso.com\/?p=15151","title":{"rendered":"Hassan pasa a la final de 5.000 m en el inicio de su tr\u00edptico ol\u00edmpico"},"content":{"rendered":"<div id=\"post-534282\">\n<div class=\"entry-thumbnail\">\n<img width=\"700\" height=\"437\" src=\"https:\/\/i0.wp.com\/noticiasaldiayalahora.co\/wp-content\/uploads\/2024\/08\/Sifan-Hassan-1.webp?resize=700%2C437&amp;ssl=1\" class=\"attachment-content-single size-content-single wp-post-image\" alt=\"\" decoding=\"async\" fetchpriority=\"high\"\/><\/div>\n<p class=\"entry-meta\">\n<span class=\"entry-meta-author vcard author\">Por: <a class=\"fn\" href=\"https:\/\/noticiasaldiayalahora.co\/author\/noticias\/\" target=\"_blank\" rel=\"noopener\">AL D\u00eda y a la Hora | @Notidiahora<\/a><\/span><br \/>\n<span class=\"entry-meta-date updated\">2 agosto, 2024<\/span>\n<\/p>\n<div class=\"entry-content clearfix\">\n<p>La neerlandesa Sifan Hassan inici\u00f3 su ambicioso tr\u00edo de pruebas ol\u00edmpicas de larga distancia superando las series de 5.000 metros y accediendo a la final, este viernes en el primer d\u00eda de las pruebas de pista del atletismo de Par\u00eds-2024.<\/p>\n<p>Hassan, de 31 a\u00f1os, fue segunda en su serie con un tiempo de 14 minutos, 57 segundos y 65 cent\u00e9simas, justo detr\u00e1s de la keniana Faith Kipyegon (14:57.56). La et\u00edope Gudaf Tsegay, plusmarquista mundial, se clasific\u00f3 tambi\u00e9n para la final, que tendr\u00e1 lugar el lunes, siendo la quinta de las ocho plazas clasificatorias de su serie.<\/p>\n<p>Hassan tiene como misi\u00f3n en Par\u00eds buscar medallas en tres pruebas, los 5.000 y 10.000 metros en el estadio, y luego el marat\u00f3n en el \u00faltimo d\u00eda de la competici\u00f3n.<\/p>\n<p>Podr\u00eda as\u00ed a emular a la leyenda checa Emil Zatopek, campe\u00f3n en esas tres mismas pruebas en Helsinki-1952.<\/p>\n<p>En los Juegos de Tokio, Hassan intent\u00f3 otro triplete de t\u00edtulos diferente. Gan\u00f3 entonces los 5.000 y los 10.000 metros, content\u00e1ndose con el bronce en los 1.500 metros. AFP<\/p>\n<\/div>\n<\/div>\n<p><a href=\"https:\/\/noticiasaldiayalahora.co\/deportes\/hassan-pasa-a-la-final-de-5-000-m-en-el-inicio-de-su-triptico-olimpico\/\" class=\" target=\" title=\"Hassan pasa a la final de 5.000 m en el inicio de su tr\u00edptico ol\u00edmpico\" target=\"_blank\" rel=\"noopener\">Ver fuente<\/a><\/p>\n","protected":false},"excerpt":{"rendered":"<p>Por: AL D\u00eda y a la Hora | @Notidiahora 2 agosto, 2024 La neerlandesa Sifan Hassan inici\u00f3 su ambicioso tr\u00edo de pruebas ol\u00edmpicas de larga distancia superando las series de 5.000 metros y accediendo a la final, este viernes en el primer d\u00eda de las pruebas de pista del atletismo de Par\u00eds-2024. Hassan, de 31 [&hellip;]<\/p>\n","protected":false},"author":2,"featured_media":15152,"comment_status":"open","ping_status":"closed","sticky":false,"template":"","format":"standard","meta":{"footnotes":""},"categories":[1],"tags":[],"class_list":["post-15151","post","type-post","status-publish","format-standard","has-post-thumbnail","hentry","category-noticias"],"_links":{"self":[{"href":"https:\/\/enfoquenoticioso.com\/index.php?rest_route=\/wp\/v2\/posts\/15151","targetHints":{"allow":["GET"]}}],"collection":[{"href":"https:\/\/enfoquenoticioso.com\/index.php?rest_route=\/wp\/v2\/posts"}],"about":[{"href":"https:\/\/enfoquenoticioso.com\/index.php?rest_route=\/wp\/v2\/types\/post"}],"author":[{"embeddable":true,"href":"https:\/\/enfoquenoticioso.com\/index.php?rest_route=\/wp\/v2\/users\/2"}],"replies":[{"embeddable":true,"href":"https:\/\/enfoquenoticioso.com\/index.php?rest_route=%2Fwp%2Fv2%2Fcomments&post=15151"}],"version-history":[{"count":0,"href":"https:\/\/enfoquenoticioso.com\/index.php?rest_route=\/wp\/v2\/posts\/15151\/revisions"}],"wp:featuredmedia":[{"embeddable":true,"href":"https:\/\/enfoquenoticioso.com\/index.php?rest_route=\/wp\/v2\/media\/15152"}],"wp:attachment":[{"href":"https:\/\/enfoquenoticioso.com\/index.php?rest_route=%2Fwp%2Fv2%2Fmedia&parent=15151"}],"wp:term":[{"taxonomy":"category","embeddable":true,"href":"https:\/\/enfoquenoticioso.com\/index.php?rest_route=%2Fwp%2Fv2%2Fcategories&post=15151"},{"taxonomy":"post_tag","embeddable":true,"href":"https:\/\/enfoquenoticioso.com\/index.php?rest_route=%2Fwp%2Fv2%2Ftags&post=15151"}],"curies":[{"name":"wp","href":"https:\/\/api.w.org\/{rel}","templated":true}]}}