{"id":16478,"date":"2024-08-12T19:35:32","date_gmt":"2024-08-12T19:35:32","guid":{"rendered":"https:\/\/enfoquenoticioso.com\/noticias\/empieza-la-carrera-para-suceder-a-thomas-bach-en-la-presidencia\/"},"modified":"2024-08-12T19:35:32","modified_gmt":"2024-08-12T19:35:32","slug":"empieza-la-carrera-para-suceder-a-thomas-bach-en-la-presidencia","status":"publish","type":"post","link":"https:\/\/enfoquenoticioso.com\/?p=16478","title":{"rendered":"Empieza la carrera para suceder a Thomas Bach en la presidencia"},"content":{"rendered":"<div>\n<p>La salida anunciada de Thomas Bach ha iniciado la carrera para su sucesi\u00f3n en la presidencia del Comit\u00e9 Ol\u00edmpico Internacional (COI), que se resolver\u00e1 en marzo de 2025: ya sea el medi\u00e1tico Sebastian Coe u otras favoritas de perfil m\u00e1s bajo, no faltan pretendientes.<\/p>\n<p>No es sorprendente que el brit\u00e1nico Sebastian Coe haya lanzado la primera escaramuza: el patr\u00f3n de World Athletics reconoci\u00f3 el domingo que pensaba en la carrera hacia la presidencia de la instituci\u00f3n ol\u00edmpica.<\/p>\n<p>\u00abSe ha presentado la oportunidad y es evidente que debo reflexionar\u00bb, declar\u00f3 el doble campe\u00f3n ol\u00edmpico en los 1.500 m.<\/p>\n<p>El exdiputado conservador de 67 a\u00f1os, lo que le limitar\u00eda por las reglas del COI a un solo mandato de ocho a\u00f1os, cuenta con un amplio curr\u00edculum: organizador de los Juegos Ol\u00edmpicos de Londres-2012, presidente del Comit\u00e9 Ol\u00edmpico Brit\u00e1nico, patr\u00f3n del \u00abdeporte ol\u00edmpico n\u00famero 1, el atletismo\u00bb\u2026<\/p>\n<p>Adem\u00e1s de su aura deportiva, Coe puede presumir de haber recuperado el rumbo desde 2015 de una instituci\u00f3n deportiva hundida por su predecesor Lamine Diack, condenado por su implicaci\u00f3n en el encubrimiento del dopaje ruso.<\/p>\n<p>Sin embargo, Coe se ha buscado enemistades en el mundo ol\u00edmpico al decidir entregar primas a los atletas que logren medallas de oro en los Juegos Ol\u00edmpicos de Par\u00eds-2024 sin consultarlo con nadie, algo que la gran parte de federaciones internacionales no puede igualar a nivel financiero.<\/p>\n<p>Su posici\u00f3n sin fisuras en el veto a los atletas rusos ha chocado con el equilibrismo de Thomas Bach, que les reintegr\u00f3 bajo bandera neutra luego de la petici\u00f3n de una parte del mundo ol\u00edmpico.<\/p>\n<div id=\"ez-toc-container\" class=\"ez-toc-v2_0_81 counter-hierarchy ez-toc-counter ez-toc-grey ez-toc-container-direction\">\n<div class=\"ez-toc-title-container\">\n<p class=\"ez-toc-title\" style=\"cursor:inherit\">Tabla de Contenido<\/p>\n<span class=\"ez-toc-title-toggle\"><a href=\"#\" class=\"ez-toc-pull-right ez-toc-btn ez-toc-btn-xs ez-toc-btn-default ez-toc-toggle\" aria-label=\"Alternar tabla de contenidos\"><span class=\"ez-toc-js-icon-con\"><span class=\"\"><span class=\"eztoc-hide\" style=\"display:none;\">Toggle<\/span><span class=\"ez-toc-icon-toggle-span\"><svg style=\"fill: #999;color:#999\" xmlns=\"http:\/\/www.w3.org\/2000\/svg\" class=\"list-377408\" width=\"20px\" height=\"20px\" viewBox=\"0 0 24 24\" fill=\"none\"><path d=\"M6 6H4v2h2V6zm14 0H8v2h12V6zM4 11h2v2H4v-2zm16 0H8v2h12v-2zM4 16h2v2H4v-2zm16 0H8v2h12v-2z\" fill=\"currentColor\"><\/path><\/svg><svg style=\"fill: #999;color:#999\" class=\"arrow-unsorted-368013\" xmlns=\"http:\/\/www.w3.org\/2000\/svg\" width=\"10px\" height=\"10px\" viewBox=\"0 0 24 24\" version=\"1.2\" baseProfile=\"tiny\"><path d=\"M18.2 9.3l-6.2-6.3-6.2 6.3c-.2.2-.3.4-.3.7s.1.5.3.7c.2.2.4.3.7.3h11c.3 0 .5-.1.7-.3.2-.2.3-.5.3-.7s-.1-.5-.3-.7zM5.8 14.7l6.2 6.3 6.2-6.3c.2-.2.3-.5.3-.7s-.1-.5-.3-.7c-.2-.2-.4-.3-.7-.3h-11c-.3 0-.5.1-.7.3-.2.2-.3.5-.3.7s.1.5.3.7z\"\/><\/svg><\/span><\/span><\/span><\/a><\/span><\/div>\n<nav><ul class='ez-toc-list ez-toc-list-level-1 ' ><li class='ez-toc-page-1 ez-toc-heading-level-2'><a class=\"ez-toc-link ez-toc-heading-1\" href=\"https:\/\/enfoquenoticioso.com\/?p=16478\/#Hoevertz-Coventry_reemplazo_natural\" >Hoevertz-Coventry, reemplazo natural<\/a><\/li><\/ul><\/nav><\/div>\n<h2><span class=\"ez-toc-section\" id=\"Hoevertz-Coventry_reemplazo_natural\"><\/span>Hoevertz-Coventry, reemplazo natural<span class=\"ez-toc-section-end\"><\/span><\/h2>\n<p>Si algo han demostrado las elecciones precedentes al COI, es que raramente se elige a un candidato externo y se suele optar por aquellos que cumplen una serie de criterios: adhesi\u00f3n a la comisi\u00f3n ejecutiva, a puestos expuestos como la supervisi\u00f3n de una edici\u00f3n de los Juegos y ganan m\u00e1s puntos aquellos exdeportistas que han participado en unos Juegos.<\/p>\n<p>El COI nunca ha sido dirigido por una mujer, pero son dos las favoritas entre los expertos de Lausana: Nicole Hoevertz, de 60 a\u00f1os, neerlandesa de la isla antillana de Aruba, y Kirsty Coventry, de 40 a\u00f1os, ministra de Deportes de Zimbabwe.<\/p>\n<p>Las dos dirigentes, miembros de la ejecutiva del COI, estuvieron muy presentes en la 142 sesi\u00f3n que precedi\u00f3 a los Juegos de Par\u00eds, ya que Hoevertz preside la comisi\u00f3n de coordinaci\u00f3n de los Juegos de Los Angeles-2028 y Coventry la de Brisbane-2032.<\/p>\n<p>La vicepresidenta del COI Nicole Hoevertz es pol\u00edglota y jurista, como Bach, represent\u00f3 a Aruba en nataci\u00f3n sincronizada en los Juegos de Los Angeles-1984 y ha pasado por todas las comisiones clave, en especial la encargada de validar la pasada primavera boreal a los deportistas rusos y bielorrusos bajo bandera neutral.<\/p>\n<p>La exnadadora Kirsty Coventry cuenta con un palmar\u00e9s m\u00e1s impresionante (7 medallas, 2 de ellas de oro tras haber participado en cinco ediciones), presidi\u00f3 la comisi\u00f3n de deportistas del COI y cuenta con experiencia gubernamental, pero ha estado menos implicada en servicios ol\u00edmpicos. AFP<\/p>\n<p>\u00a0<\/p>\n<\/div>\n<p><a href=\"https:\/\/noticiasaldiayalahora.co\/deportes\/comite-olimpico-internacional-empieza-la-carrera-para-suceder-a-thomas-bach-en-la-presidencia\/\" class=\" target=\" title=\"Empieza la carrera para suceder a Thomas Bach en la presidencia\" target=\"_blank\" rel=\"noopener\">Ver fuente<\/a><\/p>\n","protected":false},"excerpt":{"rendered":"<p>La salida anunciada de Thomas Bach ha iniciado la carrera para su sucesi\u00f3n en la presidencia del Comit\u00e9 Ol\u00edmpico Internacional (COI), que se resolver\u00e1 en marzo de 2025: ya sea el medi\u00e1tico Sebastian Coe u otras favoritas de perfil m\u00e1s bajo, no faltan pretendientes. No es sorprendente que el brit\u00e1nico Sebastian Coe haya lanzado la [&hellip;]<\/p>\n","protected":false},"author":2,"featured_media":16479,"comment_status":"open","ping_status":"closed","sticky":false,"template":"","format":"standard","meta":{"footnotes":""},"categories":[1],"tags":[],"class_list":["post-16478","post","type-post","status-publish","format-standard","has-post-thumbnail","hentry","category-noticias"],"_links":{"self":[{"href":"https:\/\/enfoquenoticioso.com\/index.php?rest_route=\/wp\/v2\/posts\/16478","targetHints":{"allow":["GET"]}}],"collection":[{"href":"https:\/\/enfoquenoticioso.com\/index.php?rest_route=\/wp\/v2\/posts"}],"about":[{"href":"https:\/\/enfoquenoticioso.com\/index.php?rest_route=\/wp\/v2\/types\/post"}],"author":[{"embeddable":true,"href":"https:\/\/enfoquenoticioso.com\/index.php?rest_route=\/wp\/v2\/users\/2"}],"replies":[{"embeddable":true,"href":"https:\/\/enfoquenoticioso.com\/index.php?rest_route=%2Fwp%2Fv2%2Fcomments&post=16478"}],"version-history":[{"count":0,"href":"https:\/\/enfoquenoticioso.com\/index.php?rest_route=\/wp\/v2\/posts\/16478\/revisions"}],"wp:featuredmedia":[{"embeddable":true,"href":"https:\/\/enfoquenoticioso.com\/index.php?rest_route=\/wp\/v2\/media\/16479"}],"wp:attachment":[{"href":"https:\/\/enfoquenoticioso.com\/index.php?rest_route=%2Fwp%2Fv2%2Fmedia&parent=16478"}],"wp:term":[{"taxonomy":"category","embeddable":true,"href":"https:\/\/enfoquenoticioso.com\/index.php?rest_route=%2Fwp%2Fv2%2Fcategories&post=16478"},{"taxonomy":"post_tag","embeddable":true,"href":"https:\/\/enfoquenoticioso.com\/index.php?rest_route=%2Fwp%2Fv2%2Ftags&post=16478"}],"curies":[{"name":"wp","href":"https:\/\/api.w.org\/{rel}","templated":true}]}}