{"id":16692,"date":"2024-08-14T12:03:28","date_gmt":"2024-08-14T12:03:28","guid":{"rendered":"https:\/\/enfoquenoticioso.com\/noticias\/fiscalia-francesa-anuncia-investigacion-por-ciberacoso-contra-la-campeona-olimpica-imane-khelif\/"},"modified":"2024-08-14T12:03:28","modified_gmt":"2024-08-14T12:03:28","slug":"fiscalia-francesa-anuncia-investigacion-por-ciberacoso-contra-la-campeona-olimpica-imane-khelif","status":"publish","type":"post","link":"https:\/\/enfoquenoticioso.com\/?p=16692","title":{"rendered":"Fiscal\u00eda francesa anuncia investigaci\u00f3n por ciberacoso contra la campeona ol\u00edmpica Imane Khelif"},"content":{"rendered":"<div>\n<p>Las autoridades francesas abrieron el martes una investigaci\u00f3n tras la denuncia por ciberacoso agravado presentada por la boxeadora argelina Imane Khelif, medalla de oro en los Juegos Ol\u00edmpicos de Par\u00eds 2024, v\u00edctima de una pol\u00e9mica de g\u00e9nero, indic\u00f3 el mi\u00e9rcoles la fiscal\u00eda de la capital francesa.<span id=\"more-535085\"\/><\/p>\n<p>El servicio nacional franc\u00e9s de lucha contra el odio en l\u00ednea abri\u00f3 la investigaci\u00f3n por \u201cciberacoso debido al g\u00e9nero, injuria p\u00fablica debido al g\u00e9nero, provocaci\u00f3n p\u00fablica a la discriminaci\u00f3n e injuria p\u00fablica debido al origen\u201d, precis\u00f3 la fiscal\u00eda a <strong>AFP<\/strong>.<\/p>\n<p>La investigaci\u00f3n ha sido encargada a la oficina central de lucha contra cr\u00edmenes contra la humanidad y cr\u00edmenes de odio.<\/p>\n<p>\u201cLa boxeadora Imane Khelif, que acaba de ganar la medalla de oro en los Juegos Ol\u00edmpicos de Par\u00eds 2024, decidi\u00f3 librar un nuevo combate: el de la justicia, la dignidad y el honor\u201d, afirm\u00f3 el s\u00e1bado en un comunicado su abogado Nabil Boudi, que anunci\u00f3 haber depositado la denuncia la v\u00edspera.<\/p>\n<p>La fiscal\u00eda confirm\u00f3 el lunes haber recibido esta denuncia.<\/p>\n<p>\u201cLa investigaci\u00f3n penal determinar\u00e1 qui\u00e9n estuvo al frente de esta campa\u00f1a mis\u00f3gina, racista y sexista pero tambi\u00e9n deber\u00e1 centrarse en aquellas y aquellos que han alimentado este linchamiento digital\u201d, a\u00f1adi\u00f3 el abogado.<\/p>\n<p>Seg\u00fan la revista estadounidense Variety, el multimillonario Elon Musk, propietario de la red social X (ex-Twitter) y la escritora brit\u00e1nica JK Rowling, autora de la saga Harry Potter, aparecen citados en la denuncia.<\/p>\n<p>Para el abogado, \u201cel acoso inicuo sufrido por la campeona de boxeo quedar\u00e1 como la mayor mancha de estos Juegos Ol\u00edmpicos\u201d.<\/p>\n<p>Khelif gan\u00f3 el viernes la final en peso w\u00e9lter (-66 kg) que se celebr\u00f3 en Roland Garros.<\/p>\n<p>Tras competir sin hacer ruido en Tokio-2020, Khelif se vio envuelta en Par\u00eds a su pesar en una pol\u00e9mica sobre el g\u00e9nero liderada por los c\u00edrculos conservadores, con el Comit\u00e9 Ol\u00edmpico Internacional (COI) y la Federaci\u00f3n Internacional de Boxeo (IBA) enfrentados sobre el tema.<\/p>\n<p>La controversia comenz\u00f3 el a\u00f1o pasado, cuando Khelif y la boxeadora taiwanesa Lin Yu-Ting, tambi\u00e9n en la mira por la misma cuesti\u00f3n, hab\u00edan sido descalificadas del Mundial femenino de Nueva Delhi, en marzo de 2023.<\/p>\n<p>Seg\u00fan la IBA, Khelif no super\u00f3 un test destinado a establecer su g\u00e9nero. La Federaci\u00f3n rechaz\u00f3 precisar qu\u00e9 tipo de prueba le hab\u00eda realizado.<\/p>\n<p>El COI sostiene que la argelina puede participar en las competiciones ol\u00edmpicas en la modalidad femenina.<\/p>\n<p>La pol\u00e9mica resurgi\u00f3 en Par\u00eds cuando su contrincante en la primera ronda, la italiana Angela Carini, abandon\u00f3 el combate en el primer minuto.<\/p>\n<p>En las redes sociales, la boxeadora argelina fue v\u00edctima de una campa\u00f1a de odio y de desinformaci\u00f3n, que la present\u00f3 como \u201cun hombre que combate mujeres\u201d.<\/p>\n<p>\u201cSoy una mujer fuerte con poderes especiales. Desde el ring, envi\u00e9 un mensaje a quienes estaban contra m\u00ed\u201d, declar\u00f3 Khelif a los medios tras conquistar el oro.<\/p>\n<p>\u00a0<\/p>\n<\/div>\n<p><a href=\"https:\/\/noticiasaldiayalahora.co\/deportes\/fiscalia-francesa-anuncia-investigacion-por-ciberacoso-contra-la-campeona-olimpica-imane-khelif\/\" class=\" target=\" title=\"Fiscal\u00eda francesa anuncia investigaci\u00f3n por ciberacoso contra la campeona ol\u00edmpica Imane Khelif\" target=\"_blank\" rel=\"noopener\">Ver fuente<\/a><\/p>\n","protected":false},"excerpt":{"rendered":"<p>Las autoridades francesas abrieron el martes una investigaci\u00f3n tras la denuncia por ciberacoso agravado presentada por la boxeadora argelina Imane Khelif, medalla de oro en los Juegos Ol\u00edmpicos de Par\u00eds 2024, v\u00edctima de una pol\u00e9mica de g\u00e9nero, indic\u00f3 el mi\u00e9rcoles la fiscal\u00eda de la capital francesa. El servicio nacional franc\u00e9s de lucha contra el odio [&hellip;]<\/p>\n","protected":false},"author":2,"featured_media":16693,"comment_status":"open","ping_status":"closed","sticky":false,"template":"","format":"standard","meta":{"footnotes":""},"categories":[1],"tags":[],"class_list":["post-16692","post","type-post","status-publish","format-standard","has-post-thumbnail","hentry","category-noticias"],"_links":{"self":[{"href":"https:\/\/enfoquenoticioso.com\/index.php?rest_route=\/wp\/v2\/posts\/16692","targetHints":{"allow":["GET"]}}],"collection":[{"href":"https:\/\/enfoquenoticioso.com\/index.php?rest_route=\/wp\/v2\/posts"}],"about":[{"href":"https:\/\/enfoquenoticioso.com\/index.php?rest_route=\/wp\/v2\/types\/post"}],"author":[{"embeddable":true,"href":"https:\/\/enfoquenoticioso.com\/index.php?rest_route=\/wp\/v2\/users\/2"}],"replies":[{"embeddable":true,"href":"https:\/\/enfoquenoticioso.com\/index.php?rest_route=%2Fwp%2Fv2%2Fcomments&post=16692"}],"version-history":[{"count":0,"href":"https:\/\/enfoquenoticioso.com\/index.php?rest_route=\/wp\/v2\/posts\/16692\/revisions"}],"wp:featuredmedia":[{"embeddable":true,"href":"https:\/\/enfoquenoticioso.com\/index.php?rest_route=\/wp\/v2\/media\/16693"}],"wp:attachment":[{"href":"https:\/\/enfoquenoticioso.com\/index.php?rest_route=%2Fwp%2Fv2%2Fmedia&parent=16692"}],"wp:term":[{"taxonomy":"category","embeddable":true,"href":"https:\/\/enfoquenoticioso.com\/index.php?rest_route=%2Fwp%2Fv2%2Fcategories&post=16692"},{"taxonomy":"post_tag","embeddable":true,"href":"https:\/\/enfoquenoticioso.com\/index.php?rest_route=%2Fwp%2Fv2%2Ftags&post=16692"}],"curies":[{"name":"wp","href":"https:\/\/api.w.org\/{rel}","templated":true}]}}