{"id":18277,"date":"2024-08-24T13:53:38","date_gmt":"2024-08-24T13:53:38","guid":{"rendered":"https:\/\/enfoquenoticioso.com\/noticias\/la-vinotinto-femenina-sub-20-arrancara-el-mundial-contra-alemania-el-proximo-1-de-septiembre-lista-de-convocadas\/"},"modified":"2024-08-24T13:53:38","modified_gmt":"2024-08-24T13:53:38","slug":"la-vinotinto-femenina-sub-20-arrancara-el-mundial-contra-alemania-el-proximo-1-de-septiembre-lista-de-convocadas","status":"publish","type":"post","link":"https:\/\/enfoquenoticioso.com\/?p=18277","title":{"rendered":"La Vinotinto femenina Sub 20 arrancar\u00e1 el Mundial contra Alemania el pr\u00f3ximo 1\u00b0 de septiembre (Lista de Convocadas)"},"content":{"rendered":"<div>\n<p>La Vinotinto femenina Sub-20 anunci\u00f3 este jueves a sus 21 jugadoras convocadas para lo que ser\u00e1 su participaci\u00f3n en la Copa del Mundo de la categor\u00eda a celebrarse en Colombia a partir del 31 de agosto.<\/p>\n<p>Destaca por supuesto la presencia de la atacante Francelis Graterol, quien anot\u00f3 dos goles en tres partidos amistosos en Bogot\u00e1, donde las muchachas al mando de Pamela Conti han estado concentradas desde el pasado domingo 4 de agosto como parte de la fase final de su preparaci\u00f3n para la cita mundialista Sub-20.<\/p>\n<p>Adem\u00e1s de Francelis, G\u00e9nesis Hern\u00e1ndez tambi\u00e9n acumula par de tantos en la gira por suelo bogotano, mientras que nombres como Floriangel Ap\u00f3stol y Rebecca Vega; que tambi\u00e9n figuran en la lista definitiva, batieron las redes en los amistosos frente a La Equidad y la selecci\u00f3n de Bogot\u00e1, el viernes 9 y mi\u00e9rcoles 14 de agosto, respectivamente.<\/p>\n<p><a href=\"https:\/\/i0.wp.com\/noticiasaldiayalahora.co\/wp-content\/uploads\/2024\/08\/calendario-mundial-sub-20-femenino-La-Vinotinto-scaled.jpeg?ssl=1\" target=\"_blank\" rel=\"noopener\"><img loading=\"lazy\" decoding=\"async\" class=\"alignnone size-large wp-image-535944\" src=\"https:\/\/i0.wp.com\/noticiasaldiayalahora.co\/wp-content\/uploads\/2024\/08\/calendario-mundial-sub-20-femenino-La-Vinotinto.jpeg?resize=819%2C1024&amp;ssl=1\" alt=\"\" width=\"819\" height=\"1024\" srcset=\"https:\/\/i0.wp.com\/noticiasaldiayalahora.co\/wp-content\/uploads\/2024\/08\/calendario-mundial-sub-20-femenino-La-Vinotinto-scaled.jpeg?resize=819%2C1024&amp;ssl=1 819w, https:\/\/i0.wp.com\/noticiasaldiayalahora.co\/wp-content\/uploads\/2024\/08\/calendario-mundial-sub-20-femenino-La-Vinotinto-scaled.jpeg?resize=240%2C300&amp;ssl=1 240w, https:\/\/i0.wp.com\/noticiasaldiayalahora.co\/wp-content\/uploads\/2024\/08\/calendario-mundial-sub-20-femenino-La-Vinotinto-scaled.jpeg?resize=768%2C960&amp;ssl=1 768w, https:\/\/i0.wp.com\/noticiasaldiayalahora.co\/wp-content\/uploads\/2024\/08\/calendario-mundial-sub-20-femenino-La-Vinotinto-scaled.jpeg?w=1024&amp;ssl=1 1024w\" sizes=\"auto, (max-width: 819px) 100vw, 819px\" data-recalc-dims=\"1\"\/><\/a><\/p>\n<div id=\"ez-toc-container\" class=\"ez-toc-v2_0_81 counter-hierarchy ez-toc-counter ez-toc-grey ez-toc-container-direction\">\n<div class=\"ez-toc-title-container\">\n<p class=\"ez-toc-title\" style=\"cursor:inherit\">Tabla de Contenido<\/p>\n<span class=\"ez-toc-title-toggle\"><a href=\"#\" class=\"ez-toc-pull-right ez-toc-btn ez-toc-btn-xs ez-toc-btn-default ez-toc-toggle\" aria-label=\"Alternar tabla de contenidos\"><span class=\"ez-toc-js-icon-con\"><span class=\"\"><span class=\"eztoc-hide\" style=\"display:none;\">Toggle<\/span><span class=\"ez-toc-icon-toggle-span\"><svg style=\"fill: #999;color:#999\" xmlns=\"http:\/\/www.w3.org\/2000\/svg\" class=\"list-377408\" width=\"20px\" height=\"20px\" viewBox=\"0 0 24 24\" fill=\"none\"><path d=\"M6 6H4v2h2V6zm14 0H8v2h12V6zM4 11h2v2H4v-2zm16 0H8v2h12v-2zM4 16h2v2H4v-2zm16 0H8v2h12v-2z\" fill=\"currentColor\"><\/path><\/svg><svg style=\"fill: #999;color:#999\" class=\"arrow-unsorted-368013\" xmlns=\"http:\/\/www.w3.org\/2000\/svg\" width=\"10px\" height=\"10px\" viewBox=\"0 0 24 24\" version=\"1.2\" baseProfile=\"tiny\"><path d=\"M18.2 9.3l-6.2-6.3-6.2 6.3c-.2.2-.3.4-.3.7s.1.5.3.7c.2.2.4.3.7.3h11c.3 0 .5-.1.7-.3.2-.2.3-.5.3-.7s-.1-.5-.3-.7zM5.8 14.7l6.2 6.3 6.2-6.3c.2-.2.3-.5.3-.7s-.1-.5-.3-.7c-.2-.2-.4-.3-.7-.3h-11c-.3 0-.5.1-.7.3-.2.2-.3.5-.3.7s.1.5.3.7z\"\/><\/svg><\/span><\/span><\/span><\/a><\/span><\/div>\n<nav><ul class='ez-toc-list ez-toc-list-level-1 ' ><li class='ez-toc-page-1 ez-toc-heading-level-2'><a class=\"ez-toc-link ez-toc-heading-1\" href=\"https:\/\/enfoquenoticioso.com\/?p=18277\/#Esta_es_la_lista_de_21_convocadas\" >Esta es la lista de 21 convocadas<\/a><\/li><\/ul><\/nav><\/div>\n<h2><span class=\"ez-toc-section\" id=\"Esta_es_la_lista_de_21_convocadas\"><\/span>Esta es la lista de 21 convocadas<span class=\"ez-toc-section-end\"><\/span><\/h2>\n<p><strong>Porteras<\/strong>: Hilary Azuaje, Yusnireth Rodr\u00edguez, Tibayre Rodr\u00edguez.<br \/><strong>Defensoras<\/strong>: Cristina Rivas, Nazly S\u00e1nchez, Sabrina Araujo-Elorza, Gabriela Angulo, Mar\u00eda Le\u00f3n.<br \/><strong>Mediocampistas<\/strong>: Andrea Cova, Claudia P\u00e9rez, Melanie Chirinos, Amanda Gugliota, Fabiana V\u00e1squez, Gabriela Gonz\u00e1lez, Marianyela Jim\u00e9nez, Floriangel Ap\u00f3stol, Karelis Alvarado.<br \/><strong>Delanteras<\/strong>: Mariana Barreto, Francelis Graterol, G\u00e9nesis Hern\u00e1ndez, Rebbeca Vega.<\/p>\n<p><a href=\"https:\/\/i0.wp.com\/noticiasaldiayalahora.co\/wp-content\/uploads\/2024\/08\/vinotinto-femenina-sub-20-mundial-scaled.jpeg?ssl=1\" target=\"_blank\" rel=\"noopener\"><img loading=\"lazy\" decoding=\"async\" class=\"alignnone size-large wp-image-535943\" src=\"https:\/\/i0.wp.com\/noticiasaldiayalahora.co\/wp-content\/uploads\/2024\/08\/vinotinto-femenina-sub-20-mundial.jpeg?resize=819%2C1024&amp;ssl=1\" alt=\"\" width=\"819\" height=\"1024\" srcset=\"https:\/\/i0.wp.com\/noticiasaldiayalahora.co\/wp-content\/uploads\/2024\/08\/vinotinto-femenina-sub-20-mundial-scaled.jpeg?resize=819%2C1024&amp;ssl=1 819w, https:\/\/i0.wp.com\/noticiasaldiayalahora.co\/wp-content\/uploads\/2024\/08\/vinotinto-femenina-sub-20-mundial-scaled.jpeg?resize=240%2C300&amp;ssl=1 240w, https:\/\/i0.wp.com\/noticiasaldiayalahora.co\/wp-content\/uploads\/2024\/08\/vinotinto-femenina-sub-20-mundial-scaled.jpeg?resize=768%2C960&amp;ssl=1 768w, https:\/\/i0.wp.com\/noticiasaldiayalahora.co\/wp-content\/uploads\/2024\/08\/vinotinto-femenina-sub-20-mundial-scaled.jpeg?w=1024&amp;ssl=1 1024w\" sizes=\"auto, (max-width: 819px) 100vw, 819px\" data-recalc-dims=\"1\"\/><\/a><\/p>\n<\/div>\n<p><a href=\"https:\/\/noticiasaldiayalahora.co\/deportes\/la-vinotinto-femenina-sub-20-arrancara-el-mundial-contra-alemania-el-proximo-1-de-septiembre-lista-de-convocadas\/\" class=\" target=\" title=\"La Vinotinto femenina Sub 20 arrancar\u00e1 el Mundial contra Alemania el pr\u00f3ximo 1\u00b0 de septiembre (Lista de Convocadas)\" target=\"_blank\" rel=\"noopener\">Ver fuente<\/a><\/p>\n","protected":false},"excerpt":{"rendered":"<p>La Vinotinto femenina Sub-20 anunci\u00f3 este jueves a sus 21 jugadoras convocadas para lo que ser\u00e1 su participaci\u00f3n en la Copa del Mundo de la categor\u00eda a celebrarse en Colombia a partir del 31 de agosto. Destaca por supuesto la presencia de la atacante Francelis Graterol, quien anot\u00f3 dos goles en tres partidos amistosos en [&hellip;]<\/p>\n","protected":false},"author":2,"featured_media":18278,"comment_status":"open","ping_status":"closed","sticky":false,"template":"","format":"standard","meta":{"footnotes":""},"categories":[1],"tags":[],"class_list":["post-18277","post","type-post","status-publish","format-standard","has-post-thumbnail","hentry","category-noticias"],"_links":{"self":[{"href":"https:\/\/enfoquenoticioso.com\/index.php?rest_route=\/wp\/v2\/posts\/18277","targetHints":{"allow":["GET"]}}],"collection":[{"href":"https:\/\/enfoquenoticioso.com\/index.php?rest_route=\/wp\/v2\/posts"}],"about":[{"href":"https:\/\/enfoquenoticioso.com\/index.php?rest_route=\/wp\/v2\/types\/post"}],"author":[{"embeddable":true,"href":"https:\/\/enfoquenoticioso.com\/index.php?rest_route=\/wp\/v2\/users\/2"}],"replies":[{"embeddable":true,"href":"https:\/\/enfoquenoticioso.com\/index.php?rest_route=%2Fwp%2Fv2%2Fcomments&post=18277"}],"version-history":[{"count":0,"href":"https:\/\/enfoquenoticioso.com\/index.php?rest_route=\/wp\/v2\/posts\/18277\/revisions"}],"wp:featuredmedia":[{"embeddable":true,"href":"https:\/\/enfoquenoticioso.com\/index.php?rest_route=\/wp\/v2\/media\/18278"}],"wp:attachment":[{"href":"https:\/\/enfoquenoticioso.com\/index.php?rest_route=%2Fwp%2Fv2%2Fmedia&parent=18277"}],"wp:term":[{"taxonomy":"category","embeddable":true,"href":"https:\/\/enfoquenoticioso.com\/index.php?rest_route=%2Fwp%2Fv2%2Fcategories&post=18277"},{"taxonomy":"post_tag","embeddable":true,"href":"https:\/\/enfoquenoticioso.com\/index.php?rest_route=%2Fwp%2Fv2%2Ftags&post=18277"}],"curies":[{"name":"wp","href":"https:\/\/api.w.org\/{rel}","templated":true}]}}