{"id":18497,"date":"2024-08-26T12:52:59","date_gmt":"2024-08-26T12:52:59","guid":{"rendered":"https:\/\/enfoquenoticioso.com\/noticias\/dirigio-a-la-seleccion-de-inglaterra-al-manchester-city-y-roma\/"},"modified":"2024-08-26T12:52:59","modified_gmt":"2024-08-26T12:52:59","slug":"dirigio-a-la-seleccion-de-inglaterra-al-manchester-city-y-roma","status":"publish","type":"post","link":"https:\/\/enfoquenoticioso.com\/?p=18497","title":{"rendered":"Dirigi\u00f3 a la selecci\u00f3n de Inglaterra al Manchester City y Roma"},"content":{"rendered":"<div>\n<p>El sueco, que dirigi\u00f3 a la selecci\u00f3n de Inglaterra y a clubes como el Manchester City y la Roma, falleci\u00f3 luego de luchar contra un c\u00e1ncer terminal<span id=\"more-536076\"\/><\/p>\n<p>por <strong>INFOBAE<\/strong><\/p>\n<p class=\"paragraph\" data-mrf-recirculation=\"Links inline\">El mundo del f\u00fatbol est\u00e1 de luto por el fallecimiento de<b>\u00a0Sven-G\u00f6ran Eriksson,<\/b> exentrenador sueco que marc\u00f3 una era tanto en el f\u00fatbol europeo como internacional. Nacido en Sunne en 1948, Eriksson falleci\u00f3 a los 76 a\u00f1os tras una ardua batalla contra el c\u00e1ncer de p\u00e1ncreas, diagnosticado en enero de 2024.<\/p>\n<p class=\"paragraph\" data-mrf-recirculation=\"Links inline\">\u201cLuego de una larga enfermedad,\u00a0<b>SGE falleci\u00f3 durante la ma\u00f1ana en su casa rodeada de familiares.\u00a0<\/b>Los dolientes m\u00e1s cercanos son la hija Lina; su hijo Johan con su esposa Amana y su nieta Sky; padre Sven; su novia Yanisette con su hijo Alcides; hermano Lars-Erik con su esposa Jumnong. La familia pide respeto por su deseo de guardar luto en privado y no ser contactados\u201d, fue el comunicado oficial que se public\u00f3 tras la tr\u00e1gica noticia.<\/p>\n<p class=\"paragraph\" data-mrf-recirculation=\"Links inline\">En enero de 2024, Eriksson anunci\u00f3 p\u00fablicamente en la radio sueca<i>\u00a0P1\u00a0<\/i>que<b>\u00a0hab\u00eda sido diagnosticado con un c\u00e1ncer de p\u00e1ncreas inoperable<\/b> y que los m\u00e9dicos le hab\u00edan dado aproximadamente un a\u00f1o de vida. En sus propias palabras, declar\u00f3: \u201cTodo el mundo puede ver que tengo una enfermedad que no es buena, y todo el mundo supone que es c\u00e1ncer, y lo es, pero tengo que luchar contra ella el mayor tiempo posible.\u201d<\/p>\n<p class=\"paragraph\" data-mrf-recirculation=\"Links inline\">A pesar de su diagn\u00f3stico,\u00a0<b>Eriksson mantuvo una actitud positiva hasta el final.<\/b>\u00a0En declaraciones recogidas por el peri\u00f3dico brit\u00e1nico\u00a0<i>Mirror<\/i>, expres\u00f3:\u00a0<b>\u201cEspero que me recuerden como un tipo positivo\u00a0<\/b>que intentaba hacer todo lo que pod\u00eda. No lo lamenten, sonr\u00edan. Gracias por todo, entrenadores, jugadores, p\u00fablico, ha sido fant\u00e1stico. Cu\u00eddate y cuida tu vida, y v\u00edvela, adi\u00f3s.\u201d<\/p>\n<p class=\"paragraph\" data-mrf-recirculation=\"Links inline\">\u201c<b>La vida no es 100%.<\/b>\u00a0He tenido inyecciones durante muchos meses, ahora (los m\u00e9dicos) cambian a pastillas. Hay muchos efectos grandes en la garganta y la nariz, pero eso es parte de ello y puedo vivir con eso.\u00a0<b>S\u00e9 que la vida no durar\u00e1 para siempre. Pero estoy bien<\/b>\u201d, relat\u00f3 crudamente en el documental biogr\u00e1fico\u00a0<i>SVEN\u00a0<\/i>de\u00a0<i>Amazon Prime Video<\/i><\/p>\n<div class=\"visual__image\"><img loading=\"lazy\" decoding=\"async\" class=\"\" sizes=\"auto, (min-width: 1560px) 856px, (min-width: 1000px) calc(74.63vw - 293px), (min-width: 780px) calc(100vw - 376px), (min-width: 580px) calc(100vw - 32px), 100vw\" srcset=\"https:\/\/www.infobae.com\/new-resizer\/N3C-4sSy2J9z1DUBpzDHPL3untA=\/420x236\/filters:format(webp):quality(85)\/cloudfront-us-east-1.images.arcpublishing.com\/infobae\/3P247DEGIVELFGDUABPFGD3ORQ 420w,https:\/\/www.infobae.com\/new-resizer\/i1ersYqpfelPUMQOT5AEZhgmr0w=\/768x432\/filters:format(webp):quality(85)\/cloudfront-us-east-1.images.arcpublishing.com\/infobae\/3P247DEGIVELFGDUABPFGD3ORQ 768w,https:\/\/www.infobae.com\/new-resizer\/SDIZvYsjk6ERRtb601KWJy-qcds=\/992x558\/filters:format(webp):quality(85)\/cloudfront-us-east-1.images.arcpublishing.com\/infobae\/3P247DEGIVELFGDUABPFGD3ORQ 992w,https:\/\/www.infobae.com\/new-resizer\/DlU4tknCXQy6LFB2SLNOJl-AsNM=\/1200x675\/filters:format(webp):quality(85)\/cloudfront-us-east-1.images.arcpublishing.com\/infobae\/3P247DEGIVELFGDUABPFGD3ORQ 1200w,https:\/\/www.infobae.com\/new-resizer\/zlpJJIXkmHhQiuNB6U8g6sRmHOY=\/1440x810\/filters:format(webp):quality(85)\/cloudfront-us-east-1.images.arcpublishing.com\/infobae\/3P247DEGIVELFGDUABPFGD3ORQ 1440w\" alt=\"El ex t\u00e9cnico dirigi\u00f3 un partido del Liverpool amistoso en una de sus \u00faltimas apariciones (Reuters)\" width=\"3040\" height=\"1710\" src=\"https:\/\/www.infobae.com\/new-resizer\/N3C-4sSy2J9z1DUBpzDHPL3untA=\/420x236\/filters:format(webp):quality(85)\/cloudfront-us-east-1.images.arcpublishing.com\/infobae\/3P247DEGIVELFGDUABPFGD3ORQ 420w\"\/>El ex t\u00e9cnico dirigi\u00f3 un partido del Liverpool amistoso en una de sus \u00faltimas apariciones (Reuters)<\/div>\n<p class=\"paragraph\" data-mrf-recirculation=\"Links inline\">\u201cNos entristece profundamente enterarnos del fallecimiento del exentrenador de Inglaterra y del Manchester City, Sven-Goran Eriksson .\u00a0<b>Nuestro m\u00e1s sentido p\u00e9same a la familia y amigos de Sven\u201d<\/b>, public\u00f3 la cuenta oficial de la Premier League. \u201cEstamos profundamente tristes por el fallecimiento de Sven-G\u00f6ran Eriksson , quien dirigi\u00f3 a los Three Lions de 2001 a 2006, a los 76 a\u00f1os. Nuestros pensamientos est\u00e1n con su familia y amigos en este momento. Descansa en paz, Sven. Te extra\u00f1aremos mucho\u201d, escribi\u00f3 por su parte la selecci\u00f3n inglesa en\u00a0<i>X<\/i>\u00a0(ex\u00a0<i>Twitter<\/i>)<\/p>\n<p class=\"paragraph\" data-mrf-recirculation=\"Links inline\">La detecci\u00f3n de esta enfermedad\u00a0lo llev\u00f3 a pasar casi la totalidad de su tiempo bajo la calma de su casa en la ciudad sueca de Sunne\u00a0<b>junto\u00a0<\/b>a sus hijos y su pareja desde hace 15 a\u00f1os,\u00a0<b>Yaniseth Bravo<\/b>. \u201cSunne es un muy buen lugar al que regresar. Se ha reasentado y creo que ha encontrado paz\u201d, expres\u00f3 su amigo cercano,\u00a0<b>Anders Runebjer<\/b>.<\/p>\n<p class=\"paragraph\" data-mrf-recirculation=\"Links inline\"><b>Una de las \u00faltimas apariciones p\u00fablicas de Eriksson fue en Anfield<\/b>, el estadio del Liverpool, equipo del que fue un ferviente seguidor durante toda su vida. El 23 de marzo, durante un partido ben\u00e9fico que enfrent\u00f3 a las leyendas de los\u00a0<i>Reds<\/i>\u00a0contra las leyendas del Ajax, Eriksson tuvo la oportunidad de dirigir a ex jugadores del calibre de<b>\u00a0Ian Rush, John Barnes y Jerzy Dudek, ante\u00a0<\/b>m\u00e1s de\u00a0<b>60.000<\/b>\u00a0espectadores presentes.<\/p>\n<p class=\"paragraph\" data-mrf-recirculation=\"Links inline\"><b>J\u00fcrgen Klopp<\/b>, t\u00e9cnico del Liverpool, mostr\u00f3 su respeto y admiraci\u00f3n por Eriksson, declarando que\u00a0<b>estar\u00eda encantado de recibirlo en Anfield<\/b>\u00a0y permitirle sentarse en su despacho y \u2018hacer su trabajo durante un d\u00eda\u2019. Este gesto subray\u00f3 el profundo impacto que el DT dej\u00f3 en el mundo del f\u00fatbol.<\/p>\n<p class=\"paragraph\" data-mrf-recirculation=\"Links inline\">\u201cEstar en este encuentro es un sue\u00f1o y\u00a0<b>nunca podr\u00eda haber so\u00f1ado con tanto<\/b>, pero cuando fui entrenador siempre quise ir al Liverpool y nunca pas\u00f3. Estuve cerca una vez y hubo conversaciones. Fue hace muchos a\u00f1os y nunca lleg\u00f3 a ocurrir\u201d, hab\u00eda manifestado en aquella oportunidad.<\/p>\n<p class=\"paragraph\" data-mrf-recirculation=\"Links inline\">Eriksson\u00a0<b>comenz\u00f3 su carrera como entrenador a finales de la d\u00e9cada de 1970\u00a0<\/b>en Suecia. Su primer gran \u00e9xito lo obtuvo con el\u00a0<b>IFK Goteborg<\/b>, equipo con el que gan\u00f3 la liga sueca y la Copa de la UEFA en la temporada 1981-1982. Estos \u00e9xitos le abrieron las puertas a una brillante carrera que lo llev\u00f3 a pasar por clubes de renombre en Italia como\u00a0<b>Roma, Fiorentina, Sampdoria y Lazio.<\/b><\/p>\n<p class=\"paragraph\" data-mrf-recirculation=\"Links inline\">Con las\u00a0<i>\u00c1guilas<\/i>, Eriksson vivi\u00f3 momentos inolvidables, llev\u00e1ndolos a<b>\u00a0ganar el\u00a0<\/b><i><b>Scudetto\u00a0<\/b><\/i><b>en la temporada\u00a0<\/b>1999-2000, junto a una Supercopa de Europa y una Coppa Italia. Adem\u00e1s, Eriksson coleccion\u00f3 victorias en Portugal, d\u00f3nde entrenando al\u00a0<b>Benfica\u00a0<\/b>gan\u00f3 tres ligas, una Ta\u00e7a de Portugal y una Supercopa Portuguesa.<\/p>\n<p class=\"paragraph\" data-mrf-recirculation=\"Links inline\">Sin embargo, en el recuerdo de todos los fan\u00e1ticos quedar\u00e1 el hecho de que Eriksson rompi\u00f3 barreras al convertirse en 2001 en\u00a0<b>el primer seleccionador extranjero de la selecci\u00f3n inglesa<\/b>, los\u00a0<i>Three Lions<\/i>. Bajo su mandato, Inglaterra alcanz\u00f3 los cuartos de final en el Mundial de 2002, la Eurocopa de 2004 y el Mundial de 2006. Durante su tiempo con el equipo ingl\u00e9s, Eriksson fue reconocido por su estilo t\u00e1ctico y su habilidad para gestionar a jugadores de talla mundial.<\/p>\n<\/div>\n<p><a href=\"https:\/\/noticiasaldiayalahora.co\/deportes\/fallecio-el-entrenador-sueco-sven-goran-eriksson-dirigio-a-la-seleccion-de-inglaterra-al-manchester-city-y-roma\/\" class=\" target=\" title=\"Dirigi\u00f3 a la selecci\u00f3n de Inglaterra al Manchester City y Roma\" target=\"_blank\" rel=\"noopener\">Ver fuente<\/a><\/p>\n","protected":false},"excerpt":{"rendered":"<p>El sueco, que dirigi\u00f3 a la selecci\u00f3n de Inglaterra y a clubes como el Manchester City y la Roma, falleci\u00f3 luego de luchar contra un c\u00e1ncer terminal por INFOBAE El mundo del f\u00fatbol est\u00e1 de luto por el fallecimiento de\u00a0Sven-G\u00f6ran Eriksson, exentrenador sueco que marc\u00f3 una era tanto en el f\u00fatbol europeo como internacional. Nacido [&hellip;]<\/p>\n","protected":false},"author":2,"featured_media":18498,"comment_status":"open","ping_status":"closed","sticky":false,"template":"","format":"standard","meta":{"footnotes":""},"categories":[1],"tags":[],"class_list":["post-18497","post","type-post","status-publish","format-standard","has-post-thumbnail","hentry","category-noticias"],"_links":{"self":[{"href":"https:\/\/enfoquenoticioso.com\/index.php?rest_route=\/wp\/v2\/posts\/18497","targetHints":{"allow":["GET"]}}],"collection":[{"href":"https:\/\/enfoquenoticioso.com\/index.php?rest_route=\/wp\/v2\/posts"}],"about":[{"href":"https:\/\/enfoquenoticioso.com\/index.php?rest_route=\/wp\/v2\/types\/post"}],"author":[{"embeddable":true,"href":"https:\/\/enfoquenoticioso.com\/index.php?rest_route=\/wp\/v2\/users\/2"}],"replies":[{"embeddable":true,"href":"https:\/\/enfoquenoticioso.com\/index.php?rest_route=%2Fwp%2Fv2%2Fcomments&post=18497"}],"version-history":[{"count":0,"href":"https:\/\/enfoquenoticioso.com\/index.php?rest_route=\/wp\/v2\/posts\/18497\/revisions"}],"wp:featuredmedia":[{"embeddable":true,"href":"https:\/\/enfoquenoticioso.com\/index.php?rest_route=\/wp\/v2\/media\/18498"}],"wp:attachment":[{"href":"https:\/\/enfoquenoticioso.com\/index.php?rest_route=%2Fwp%2Fv2%2Fmedia&parent=18497"}],"wp:term":[{"taxonomy":"category","embeddable":true,"href":"https:\/\/enfoquenoticioso.com\/index.php?rest_route=%2Fwp%2Fv2%2Fcategories&post=18497"},{"taxonomy":"post_tag","embeddable":true,"href":"https:\/\/enfoquenoticioso.com\/index.php?rest_route=%2Fwp%2Fv2%2Ftags&post=18497"}],"curies":[{"name":"wp","href":"https:\/\/api.w.org\/{rel}","templated":true}]}}