{"id":18673,"date":"2024-08-27T12:30:07","date_gmt":"2024-08-27T12:30:07","guid":{"rendered":"https:\/\/enfoquenoticioso.com\/noticias\/salvador-perez-mete-a-kansas-city-en-la-pelea-para-la-postemporada\/"},"modified":"2024-08-27T12:30:07","modified_gmt":"2024-08-27T12:30:07","slug":"salvador-perez-mete-a-kansas-city-en-la-pelea-para-la-postemporada","status":"publish","type":"post","link":"https:\/\/enfoquenoticioso.com\/?p=18673","title":{"rendered":"Salvador P\u00e9rez mete a Kansas City en la pelea para la Postemporada"},"content":{"rendered":"<div>\n<p>Salvador P\u00e9rez contin\u00faa como uno de los referentes ofensivos que tiene Reales de Kansas City en sus aspiraciones para obtener un cupo a la Postemporada como uno de los comodines de la Liga Americana.<span id=\"more-536157\"\/><\/p>\n<p>Este lunes 26 de agosto, \u201cSalvy\u201d arranc\u00f3 la semana desempe\u00f1\u00e1ndose como bateador designado en el encuentro que midi\u00f3 a su equipo, Reales, contra Guardianes de Cleveland, el cual de ganarlo, se acercar\u00edan en la diferencia que hay dentro de la Divisi\u00f3n Central.<\/p>\n<p>As\u00ed fue como, en el tercer cap\u00edtulo remolc\u00f3 una tras conectar un rodado por el campocorto defendido por Brayan Rocchio, que permiti\u00f3 que anote Maikel Garc\u00eda desde la antesala. Pero su primer hit se dio en el quinto inning, cuando el encuentro estaba igualado 4-4. All\u00ed, el venezolano, en cuenta de 3-2, se la sac\u00f3 por el jard\u00edn central al lanzador Logan Allen, d\u00e1ndole la ventaja parcial de Kansas City.<\/p>\n<p><strong>Salvador P\u00e9rez rompi\u00f3 marcas en 2024<\/strong><\/p>\n<p>Pero esa brecha se aument\u00f3 gracias al accionar de Salvador P\u00e9rez, que volvi\u00f3 a tomar turno en el sexto, entrada en la que se par\u00f3 a batear con las bases llenas, par de outs Tim Herrin como pitcher contrario.<\/p>\n<p>El receptor se puso en cuenta favorable de 3-1, lo que oblig\u00f3 a que Herrin pruebe enga\u00f1arlo con una curva a 82.1 millas. Sin embargo, esto no fue suficiente, ya que el veterano pelotero de 34 a\u00f1os la conect\u00f3 de manera s\u00f3lida, para llevarla a 457 pies por el jard\u00edn central, poni\u00e9ndose el juego 9-4.<\/p>\n<p>Para Salvador P\u00e9rez, este signific\u00f3 su sexto grand slam en Grandes Ligas. Adem\u00e1s, lleg\u00f3 a 25 bambinazos en 2024, a\u00f1o en el que tambi\u00e9n suma 26 dobletes, 94 remolcadas, 54 anotadas y un average de .283. Tambi\u00e9n fue su primer juego del a\u00f1o con m\u00e1s de un jonr\u00f3n y seis rayitas empujadas.<\/p>\n<div id=\"ez-toc-container\" class=\"ez-toc-v2_0_81 counter-hierarchy ez-toc-counter ez-toc-grey ez-toc-container-direction\">\n<div class=\"ez-toc-title-container\">\n<p class=\"ez-toc-title\" style=\"cursor:inherit\">Tabla de Contenido<\/p>\n<span class=\"ez-toc-title-toggle\"><a href=\"#\" class=\"ez-toc-pull-right ez-toc-btn ez-toc-btn-xs ez-toc-btn-default ez-toc-toggle\" aria-label=\"Alternar tabla de contenidos\"><span class=\"ez-toc-js-icon-con\"><span class=\"\"><span class=\"eztoc-hide\" style=\"display:none;\">Toggle<\/span><span class=\"ez-toc-icon-toggle-span\"><svg style=\"fill: #999;color:#999\" xmlns=\"http:\/\/www.w3.org\/2000\/svg\" class=\"list-377408\" width=\"20px\" height=\"20px\" viewBox=\"0 0 24 24\" fill=\"none\"><path d=\"M6 6H4v2h2V6zm14 0H8v2h12V6zM4 11h2v2H4v-2zm16 0H8v2h12v-2zM4 16h2v2H4v-2zm16 0H8v2h12v-2z\" fill=\"currentColor\"><\/path><\/svg><svg style=\"fill: #999;color:#999\" class=\"arrow-unsorted-368013\" xmlns=\"http:\/\/www.w3.org\/2000\/svg\" width=\"10px\" height=\"10px\" viewBox=\"0 0 24 24\" version=\"1.2\" baseProfile=\"tiny\"><path d=\"M18.2 9.3l-6.2-6.3-6.2 6.3c-.2.2-.3.4-.3.7s.1.5.3.7c.2.2.4.3.7.3h11c.3 0 .5-.1.7-.3.2-.2.3-.5.3-.7s-.1-.5-.3-.7zM5.8 14.7l6.2 6.3 6.2-6.3c.2-.2.3-.5.3-.7s-.1-.5-.3-.7c-.2-.2-.4-.3-.7-.3h-11c-.3 0-.5.1-.7.3-.2.2-.3.5-.3.7s.1.5.3.7z\"\/><\/svg><\/span><\/span><\/span><\/a><\/span><\/div>\n<nav><ul class='ez-toc-list ez-toc-list-level-1 ' ><li class='ez-toc-page-1 ez-toc-heading-level-4'><a class=\"ez-toc-link ez-toc-heading-1\" href=\"https:\/\/enfoquenoticioso.com\/?p=18673\/#Sigue_al_canal_de_noticias_en_Whatsaap\" >Sigue al canal de noticias en Whatsaap\u00a0<\/a><\/li><\/ul><\/nav><\/div>\n<h4><span class=\"ez-toc-section\" id=\"Sigue_al_canal_de_noticias_en_Whatsaap\"><\/span><strong><a href=\"https:\/\/whatsapp.com\/channel\/0029VaDXFnLId7nFFiDdVI26?fbclid=IwAR1LnVJqcByTELJH4Ht086FYRmdx18pRnV7CrkzmTJ5JaLHYY0igukfL9Yk\" target=\"_blank\" rel=\"noopener\">Sigue al canal de noticias en Whatsaap\u00a0<\/a><\/strong><span class=\"ez-toc-section-end\"><\/span><\/h4>\n<\/div>\n<p><a href=\"https:\/\/noticiasaldiayalahora.co\/deportes\/salvador-perez-mete-a-kansas-city-en-la-pelea-para-la-postemporada\/\" class=\" target=\" title=\"Salvador P\u00e9rez mete a Kansas City en la pelea para la Postemporada\" target=\"_blank\" rel=\"noopener\">Ver fuente<\/a><\/p>\n","protected":false},"excerpt":{"rendered":"<p>Salvador P\u00e9rez contin\u00faa como uno de los referentes ofensivos que tiene Reales de Kansas City en sus aspiraciones para obtener un cupo a la Postemporada como uno de los comodines de la Liga Americana. Este lunes 26 de agosto, \u201cSalvy\u201d arranc\u00f3 la semana desempe\u00f1\u00e1ndose como bateador designado en el encuentro que midi\u00f3 a su equipo, [&hellip;]<\/p>\n","protected":false},"author":2,"featured_media":18674,"comment_status":"open","ping_status":"closed","sticky":false,"template":"","format":"standard","meta":{"footnotes":""},"categories":[1],"tags":[],"class_list":["post-18673","post","type-post","status-publish","format-standard","has-post-thumbnail","hentry","category-noticias"],"_links":{"self":[{"href":"https:\/\/enfoquenoticioso.com\/index.php?rest_route=\/wp\/v2\/posts\/18673","targetHints":{"allow":["GET"]}}],"collection":[{"href":"https:\/\/enfoquenoticioso.com\/index.php?rest_route=\/wp\/v2\/posts"}],"about":[{"href":"https:\/\/enfoquenoticioso.com\/index.php?rest_route=\/wp\/v2\/types\/post"}],"author":[{"embeddable":true,"href":"https:\/\/enfoquenoticioso.com\/index.php?rest_route=\/wp\/v2\/users\/2"}],"replies":[{"embeddable":true,"href":"https:\/\/enfoquenoticioso.com\/index.php?rest_route=%2Fwp%2Fv2%2Fcomments&post=18673"}],"version-history":[{"count":0,"href":"https:\/\/enfoquenoticioso.com\/index.php?rest_route=\/wp\/v2\/posts\/18673\/revisions"}],"wp:featuredmedia":[{"embeddable":true,"href":"https:\/\/enfoquenoticioso.com\/index.php?rest_route=\/wp\/v2\/media\/18674"}],"wp:attachment":[{"href":"https:\/\/enfoquenoticioso.com\/index.php?rest_route=%2Fwp%2Fv2%2Fmedia&parent=18673"}],"wp:term":[{"taxonomy":"category","embeddable":true,"href":"https:\/\/enfoquenoticioso.com\/index.php?rest_route=%2Fwp%2Fv2%2Fcategories&post=18673"},{"taxonomy":"post_tag","embeddable":true,"href":"https:\/\/enfoquenoticioso.com\/index.php?rest_route=%2Fwp%2Fv2%2Ftags&post=18673"}],"curies":[{"name":"wp","href":"https:\/\/api.w.org\/{rel}","templated":true}]}}