{"id":19023,"date":"2024-08-29T13:59:17","date_gmt":"2024-08-29T13:59:17","guid":{"rendered":"https:\/\/enfoquenoticioso.com\/noticias\/conmebol-sanciono-a-jugadores-de-uruguay-y-se-la-pone-facil-a-la-vinotinto\/"},"modified":"2024-08-29T13:59:17","modified_gmt":"2024-08-29T13:59:17","slug":"conmebol-sanciono-a-jugadores-de-uruguay-y-se-la-pone-facil-a-la-vinotinto","status":"publish","type":"post","link":"https:\/\/enfoquenoticioso.com\/?p=19023","title":{"rendered":"Conmebol sancion\u00f3 a jugadores de Uruguay y se la pone f\u00e1cil a La Vinotinto"},"content":{"rendered":"<div id=\"post-536358\">\n<div class=\"entry-thumbnail\">\n<img width=\"777\" height=\"417\" src=\"https:\/\/i0.wp.com\/noticiasaldiayalahora.co\/wp-content\/uploads\/2024\/08\/Uruguay.jpg?resize=777%2C417&amp;ssl=1\" class=\"attachment-content-single size-content-single wp-post-image\" alt=\"\" decoding=\"async\" fetchpriority=\"high\"\/><\/div>\n<p class=\"entry-meta\">\n<span class=\"entry-meta-author vcard author\">Por: <a class=\"fn\" href=\"https:\/\/noticiasaldiayalahora.co\/author\/redaccion\/\" target=\"_blank\" rel=\"noopener\">Redacci\u00f3n Noticias al Dia y a la Hora<\/a><\/span><br \/>\n<span class=\"entry-meta-date updated\">29 agosto, 2024<\/span>\n<\/p>\n<div class=\"entry-content clearfix\">\n<p>La Conmebol anunci\u00f3 este mi\u00e9rcoles 28 de agosto de 2024, los siguientes jugadores uruguayos suspendidos para las pr\u00f3ximas fechas FIFA donde se perder\u00e1n el encuentro ante Venezuela en Matur\u00edn.<span id=\"more-536358\"\/><\/p>\n<p>Cabe destacar que los cinco jugadores que fueron sancionados con partidos forman parte del esquema titular que maneja Marcelo Bielsa en Uruguay. Venezuela junto al Bocha tendr\u00e1 que evaluar la situaci\u00f3n para ser efectivos en Matur\u00edn.<\/p>\n<p>Estas sanciones son por las semifinales de Copa Am\u00e9rica entre Uruguay y Colombia donde al ep\u00edlogo del compromiso, jugadores de Uruguay se enfrentaron con el p\u00fablico colombiano.<\/p>\n<ol>\n<li>Darwin N\u00fa\u00f1ez<\/li>\n<li>Rodrigo Bentancur<\/li>\n<li>Math\u00edas Olivera<\/li>\n<li>Ronald Araujo<\/li>\n<li>Jos\u00e9 Mar\u00eda Gim\u00e9nez.<\/li>\n<\/ol>\n<p>Adem\u00e1s, estos jugadores recibieron una multa econ\u00f3mica: Sebasti\u00e1n C\u00e1ceres, Mat\u00edas Vi\u00f1a, Emiliano Mart\u00ednez, Brian Rodr\u00edguez, Santiago Mele y Facundo Pellistri deber\u00e1n pagar una multa de 5 mil d\u00f3lares cada uno.<\/p>\n<p>A su vez, el dirigente Marcelo Garc\u00eda no podr\u00e1 ingresar a competiciones CONMEBOL por seis meses y la AUF fue multada con 20.000 d\u00f3lares.<\/p>\n<p><iframe loading=\"lazy\" style=\"border: none; overflow: hidden;\" src=\"https:\/\/www.facebook.com\/plugins\/post.php?href=https%3A%2F%2Fwww.facebook.com%2Fphoto.php%3Ffbid%3D909526894545050%26set%3Da.641997071298035%26type%3D3&amp;show_text=true&amp;width=500\" width=\"500\" height=\"625\" frameborder=\"0\" scrolling=\"no\" allowfullscreen=\"allowfullscreen\"><\/iframe><\/p>\n<p>\u00a0<\/p>\n<\/div>\n<\/div>\n<p><a href=\"https:\/\/noticiasaldiayalahora.co\/deportes\/conmebol-sanciono-a-jugadores-de-uruguay-y-se-la-pone-facil-a-la-vinotinto\/\" class=\" target=\" title=\"Conmebol sancion\u00f3 a jugadores de Uruguay y se la pone f\u00e1cil a La Vinotinto\" target=\"_blank\" rel=\"noopener\">Ver fuente<\/a><\/p>\n","protected":false},"excerpt":{"rendered":"<p>Por: Redacci\u00f3n Noticias al Dia y a la Hora 29 agosto, 2024 La Conmebol anunci\u00f3 este mi\u00e9rcoles 28 de agosto de 2024, los siguientes jugadores uruguayos suspendidos para las pr\u00f3ximas fechas FIFA donde se perder\u00e1n el encuentro ante Venezuela en Matur\u00edn. Cabe destacar que los cinco jugadores que fueron sancionados con partidos forman parte del [&hellip;]<\/p>\n","protected":false},"author":2,"featured_media":19024,"comment_status":"open","ping_status":"closed","sticky":false,"template":"","format":"standard","meta":{"footnotes":""},"categories":[1],"tags":[],"class_list":["post-19023","post","type-post","status-publish","format-standard","has-post-thumbnail","hentry","category-noticias"],"_links":{"self":[{"href":"https:\/\/enfoquenoticioso.com\/index.php?rest_route=\/wp\/v2\/posts\/19023","targetHints":{"allow":["GET"]}}],"collection":[{"href":"https:\/\/enfoquenoticioso.com\/index.php?rest_route=\/wp\/v2\/posts"}],"about":[{"href":"https:\/\/enfoquenoticioso.com\/index.php?rest_route=\/wp\/v2\/types\/post"}],"author":[{"embeddable":true,"href":"https:\/\/enfoquenoticioso.com\/index.php?rest_route=\/wp\/v2\/users\/2"}],"replies":[{"embeddable":true,"href":"https:\/\/enfoquenoticioso.com\/index.php?rest_route=%2Fwp%2Fv2%2Fcomments&post=19023"}],"version-history":[{"count":0,"href":"https:\/\/enfoquenoticioso.com\/index.php?rest_route=\/wp\/v2\/posts\/19023\/revisions"}],"wp:featuredmedia":[{"embeddable":true,"href":"https:\/\/enfoquenoticioso.com\/index.php?rest_route=\/wp\/v2\/media\/19024"}],"wp:attachment":[{"href":"https:\/\/enfoquenoticioso.com\/index.php?rest_route=%2Fwp%2Fv2%2Fmedia&parent=19023"}],"wp:term":[{"taxonomy":"category","embeddable":true,"href":"https:\/\/enfoquenoticioso.com\/index.php?rest_route=%2Fwp%2Fv2%2Fcategories&post=19023"},{"taxonomy":"post_tag","embeddable":true,"href":"https:\/\/enfoquenoticioso.com\/index.php?rest_route=%2Fwp%2Fv2%2Ftags&post=19023"}],"curies":[{"name":"wp","href":"https:\/\/api.w.org\/{rel}","templated":true}]}}