{"id":19395,"date":"2024-08-31T20:07:16","date_gmt":"2024-08-31T20:07:16","guid":{"rendered":"https:\/\/enfoquenoticioso.com\/noticias\/franyeli-vargas-brilla-y-consigue-diploma-paralimpico-2\/"},"modified":"2024-08-31T20:07:16","modified_gmt":"2024-08-31T20:07:16","slug":"franyeli-vargas-brilla-y-consigue-diploma-paralimpico-2","status":"publish","type":"post","link":"https:\/\/enfoquenoticioso.com\/?p=19395","title":{"rendered":"Franyeli Vargas brilla y consigue diploma paral\u00edmpico"},"content":{"rendered":"<div id=\"post-536484\">\n<div class=\"entry-thumbnail\">\n<img width=\"777\" height=\"437\" src=\"https:\/\/i0.wp.com\/noticiasaldiayalahora.co\/wp-content\/uploads\/2024\/08\/Franyeli-Vargas-juegos-Paralimpicos.jpg?resize=777%2C437&amp;ssl=1\" class=\"attachment-content-single size-content-single wp-post-image\" alt=\"\" decoding=\"async\" fetchpriority=\"high\" srcset=\"https:\/\/i0.wp.com\/noticiasaldiayalahora.co\/wp-content\/uploads\/2024\/08\/Franyeli-Vargas-juegos-Paralimpicos.jpg?w=900&amp;ssl=1 900w, https:\/\/i0.wp.com\/noticiasaldiayalahora.co\/wp-content\/uploads\/2024\/08\/Franyeli-Vargas-juegos-Paralimpicos.jpg?resize=300%2C169&amp;ssl=1 300w, https:\/\/i0.wp.com\/noticiasaldiayalahora.co\/wp-content\/uploads\/2024\/08\/Franyeli-Vargas-juegos-Paralimpicos.jpg?resize=768%2C432&amp;ssl=1 768w, https:\/\/i0.wp.com\/noticiasaldiayalahora.co\/wp-content\/uploads\/2024\/08\/Franyeli-Vargas-juegos-Paralimpicos.jpg?resize=777%2C437&amp;ssl=1 777w, https:\/\/i0.wp.com\/noticiasaldiayalahora.co\/wp-content\/uploads\/2024\/08\/Franyeli-Vargas-juegos-Paralimpicos.jpg?resize=180%2C101&amp;ssl=1 180w, https:\/\/i0.wp.com\/noticiasaldiayalahora.co\/wp-content\/uploads\/2024\/08\/Franyeli-Vargas-juegos-Paralimpicos.jpg?resize=260%2C146&amp;ssl=1 260w, https:\/\/i0.wp.com\/noticiasaldiayalahora.co\/wp-content\/uploads\/2024\/08\/Franyeli-Vargas-juegos-Paralimpicos.jpg?resize=373%2C210&amp;ssl=1 373w, https:\/\/i0.wp.com\/noticiasaldiayalahora.co\/wp-content\/uploads\/2024\/08\/Franyeli-Vargas-juegos-Paralimpicos.jpg?resize=120%2C67&amp;ssl=1 120w\" sizes=\"(max-width: 777px) 100vw, 777px\"\/><\/div>\n<p class=\"entry-meta\">\n<span class=\"entry-meta-author vcard author\">Por: <a class=\"fn\" href=\"https:\/\/noticiasaldiayalahora.co\/author\/noticias\/\" target=\"_blank\" rel=\"noopener\">AL D\u00eda y a la Hora | @Notidiahora<\/a><\/span><br \/>\n<span class=\"entry-meta-date updated\">31 agosto, 2024<\/span>\n<\/p>\n<div class=\"entry-content clearfix\">\n<p>Franyeli Vargas (clase T11) obtuvo el primer diploma ol\u00edmpico en la cita de los Juegos Paral\u00edmpicos Par\u00eds 2024, en la prueba de Salto Largo en las competencias realizadas este viernes.<\/p>\n<p>La atleta venezolana logr\u00f3 ubicarse en la s\u00e9ptima posici\u00f3n de la tabla general, dejando marca de 4,18 metros.<\/p>\n<blockquote class=\"instagram-media\" data-instgrm-captioned=\"\" data-instgrm-permalink=\"https:\/\/www.instagram.com\/p\/C_Vud9tO5R5\/?utm_source=ig_embed&amp;utm_campaign=loading\" data-instgrm-version=\"14\" style=\" background:#FFF; border:0; border-radius:3px; box-shadow:0 0 1px 0 rgba(0,0,0,0.5),0 1px 10px 0 rgba(0,0,0,0.15); margin: 1px; max-width:500px; min-width:326px; padding:0; width:99.375%; width:-webkit-calc(100% - 2px); width:calc(100% - 2px);\">\n<\/blockquote>\n<p>La zuliana y quien es la abanderada de la delegaci\u00f3n criolla en tierras galas en sus seis saltos correspondientes alcanz\u00f3 la marc\u00e1 de los 4,18m para quedar ubicada entre las ocho mejores de su categor\u00eda.<\/p>\n<p>Por su parte Rosibel Colmenares, vi\u00f3 acci\u00f3n en la misma prueba y se posicion\u00f3 en la novena casilla.<\/p>\n<\/div>\n<\/div>\n<p><script async src=\"\/\/www.instagram.com\/embed.js\"><\/script><br \/>\n<br \/><a href=\"https:\/\/noticiasaldiayalahora.co\/deportes\/franyeli-vargas-brilla-y-consigue-diploma-paralimpico\/\" class=\" target=\" title=\"Franyeli Vargas brilla y consigue diploma paral\u00edmpico\" target=\"_blank\" rel=\"noopener\">Ver fuente<\/a><\/p>\n","protected":false},"excerpt":{"rendered":"<p>Por: AL D\u00eda y a la Hora | @Notidiahora 31 agosto, 2024 Franyeli Vargas (clase T11) obtuvo el primer diploma ol\u00edmpico en la cita de los Juegos Paral\u00edmpicos Par\u00eds 2024, en la prueba de Salto Largo en las competencias realizadas este viernes. La atleta venezolana logr\u00f3 ubicarse en la s\u00e9ptima posici\u00f3n de la tabla general, [&hellip;]<\/p>\n","protected":false},"author":2,"featured_media":19396,"comment_status":"open","ping_status":"closed","sticky":false,"template":"","format":"standard","meta":{"footnotes":""},"categories":[1],"tags":[],"class_list":["post-19395","post","type-post","status-publish","format-standard","has-post-thumbnail","hentry","category-noticias"],"_links":{"self":[{"href":"https:\/\/enfoquenoticioso.com\/index.php?rest_route=\/wp\/v2\/posts\/19395","targetHints":{"allow":["GET"]}}],"collection":[{"href":"https:\/\/enfoquenoticioso.com\/index.php?rest_route=\/wp\/v2\/posts"}],"about":[{"href":"https:\/\/enfoquenoticioso.com\/index.php?rest_route=\/wp\/v2\/types\/post"}],"author":[{"embeddable":true,"href":"https:\/\/enfoquenoticioso.com\/index.php?rest_route=\/wp\/v2\/users\/2"}],"replies":[{"embeddable":true,"href":"https:\/\/enfoquenoticioso.com\/index.php?rest_route=%2Fwp%2Fv2%2Fcomments&post=19395"}],"version-history":[{"count":0,"href":"https:\/\/enfoquenoticioso.com\/index.php?rest_route=\/wp\/v2\/posts\/19395\/revisions"}],"wp:featuredmedia":[{"embeddable":true,"href":"https:\/\/enfoquenoticioso.com\/index.php?rest_route=\/wp\/v2\/media\/19396"}],"wp:attachment":[{"href":"https:\/\/enfoquenoticioso.com\/index.php?rest_route=%2Fwp%2Fv2%2Fmedia&parent=19395"}],"wp:term":[{"taxonomy":"category","embeddable":true,"href":"https:\/\/enfoquenoticioso.com\/index.php?rest_route=%2Fwp%2Fv2%2Fcategories&post=19395"},{"taxonomy":"post_tag","embeddable":true,"href":"https:\/\/enfoquenoticioso.com\/index.php?rest_route=%2Fwp%2Fv2%2Ftags&post=19395"}],"curies":[{"name":"wp","href":"https:\/\/api.w.org\/{rel}","templated":true}]}}