{"id":19537,"date":"2024-09-01T17:28:32","date_gmt":"2024-09-01T17:28:32","guid":{"rendered":"https:\/\/enfoquenoticioso.com\/noticias\/mi-sueno-maximo-es-llevar-a-la-vinotinto-al-mundial-2026\/"},"modified":"2024-09-01T17:28:32","modified_gmt":"2024-09-01T17:28:32","slug":"mi-sueno-maximo-es-llevar-a-la-vinotinto-al-mundial-2026","status":"publish","type":"post","link":"https:\/\/enfoquenoticioso.com\/?p=19537","title":{"rendered":"&#8216;Mi sue\u00f1o m\u00e1ximo es llevar a La Vinotinto al Mundial 2026&#8217;"},"content":{"rendered":"<div id=\"post-536542\">\n<div class=\"entry-thumbnail\">\n<img width=\"777\" height=\"437\" src=\"https:\/\/i0.wp.com\/noticiasaldiayalahora.co\/wp-content\/uploads\/2024\/09\/Fernando-Batista.jpg?resize=777%2C437&amp;ssl=1\" class=\"attachment-content-single size-content-single wp-post-image\" alt=\"\" decoding=\"async\" fetchpriority=\"high\" srcset=\"https:\/\/i0.wp.com\/noticiasaldiayalahora.co\/wp-content\/uploads\/2024\/09\/Fernando-Batista.jpg?resize=777%2C437&amp;ssl=1 777w, https:\/\/i0.wp.com\/noticiasaldiayalahora.co\/wp-content\/uploads\/2024\/09\/Fernando-Batista.jpg?resize=180%2C101&amp;ssl=1 180w, https:\/\/i0.wp.com\/noticiasaldiayalahora.co\/wp-content\/uploads\/2024\/09\/Fernando-Batista.jpg?resize=260%2C146&amp;ssl=1 260w, https:\/\/i0.wp.com\/noticiasaldiayalahora.co\/wp-content\/uploads\/2024\/09\/Fernando-Batista.jpg?resize=373%2C210&amp;ssl=1 373w, https:\/\/i0.wp.com\/noticiasaldiayalahora.co\/wp-content\/uploads\/2024\/09\/Fernando-Batista.jpg?resize=120%2C67&amp;ssl=1 120w\" sizes=\"(max-width: 777px) 100vw, 777px\"\/><\/div>\n<p class=\"entry-meta\">\n<span class=\"entry-meta-author vcard author\">Por: <a class=\"fn\" href=\"https:\/\/noticiasaldiayalahora.co\/author\/redaccion\/\" target=\"_blank\" rel=\"noopener\">Redacci\u00f3n Noticias al Dia y a la Hora<\/a><\/span><br \/>\n<span class=\"entry-meta-date updated\">1 septiembre, 2024<\/span>\n<\/p>\n<div class=\"entry-content clearfix\">\n<p>Venezuela est\u00e1 atravesando uno de los mejores momentos de la historia, al ocupar un expectante cuarto puesto, lo que lo clasifica directamente al pr\u00f3ximo mundial a disputarse en Estados Unidos, M\u00e9xico y Canad\u00e1 en 2026 y Fernando Batista, su entrenador, es uno de los principales responsables.<span id=\"more-536542\"\/><\/p>\n<p>En un di\u00e1logo en exclusiva con el sitio de DSports, el seleccionador analiz\u00f3 todos los puntos claves pertinentes a su ciclo al mando del equipo nacional, y tambi\u00e9n ahond\u00f3 temas relacionados a su primera tarea en el f\u00fatbol, como formador.<\/p>\n<p><iframe loading=\"lazy\" style=\"border: none; overflow: hidden;\" src=\"https:\/\/www.facebook.com\/plugins\/post.php?href=https%3A%2F%2Fwww.facebook.com%2Fliderendeportes%2Fposts%2Fpfbid02RsKSDzgqNxfrP1qoC4LZcnrggCrnTnYT8SAuxRPhECvZc4FrEDfbdrdAGvUxsydGl&amp;show_text=true&amp;width=500\" width=\"500\" height=\"678\" frameborder=\"0\" scrolling=\"no\" allowfullscreen=\"allowfullscreen\"><\/iframe><\/p>\n<p><strong>Su llegada al primer equipo<\/strong><\/p>\n<p>Batista escal\u00f3 paulatinamente dentro de la Federaci\u00f3n de F\u00fatbol de Venezuela, ya que transit\u00f3 por cada uno de los sectores del f\u00fatbol: desde la formaci\u00f3n, al dirigir los equipos juveniles, hasta la l\u00ednea de cal, donde antes de asumir como entrenador fue ayudante de campo de Jos\u00e9 P\u00e9kerman.<\/p>\n<p>Consultado sobre c\u00f3mo repercuti\u00f3 esta etapa al momento de ser cabeza de grupo, expres\u00f3: \u201cA m\u00ed me ayud\u00f3 haber estado en los procesos juveniles de la Selecci\u00f3n y haber sido ayudante de campo de Jos\u00e9 P\u00e9kerman anteriormente, por lo que en rasgos generales no me lleve una sorpresa con los chicos del seleccionado. A la mayor\u00eda ya los conoc\u00eda, y fui recibido de muy buena manera\u201d.<\/p>\n<\/div>\n<\/div>\n<p><a href=\"https:\/\/noticiasaldiayalahora.co\/deportes\/fernando-batista-mi-sueno-maximo-es-llevar-a-la-vinotinto-al-mundial-2026\/\" class=\" target=\" title=\"&#039;Mi sue\u00f1o m\u00e1ximo es llevar a La Vinotinto al Mundial 2026&#039;\" target=\"_blank\" rel=\"noopener\">Ver fuente<\/a><\/p>\n","protected":false},"excerpt":{"rendered":"<p>Por: Redacci\u00f3n Noticias al Dia y a la Hora 1 septiembre, 2024 Venezuela est\u00e1 atravesando uno de los mejores momentos de la historia, al ocupar un expectante cuarto puesto, lo que lo clasifica directamente al pr\u00f3ximo mundial a disputarse en Estados Unidos, M\u00e9xico y Canad\u00e1 en 2026 y Fernando Batista, su entrenador, es uno de [&hellip;]<\/p>\n","protected":false},"author":2,"featured_media":19538,"comment_status":"open","ping_status":"closed","sticky":false,"template":"","format":"standard","meta":{"footnotes":""},"categories":[1],"tags":[],"class_list":["post-19537","post","type-post","status-publish","format-standard","has-post-thumbnail","hentry","category-noticias"],"_links":{"self":[{"href":"https:\/\/enfoquenoticioso.com\/index.php?rest_route=\/wp\/v2\/posts\/19537","targetHints":{"allow":["GET"]}}],"collection":[{"href":"https:\/\/enfoquenoticioso.com\/index.php?rest_route=\/wp\/v2\/posts"}],"about":[{"href":"https:\/\/enfoquenoticioso.com\/index.php?rest_route=\/wp\/v2\/types\/post"}],"author":[{"embeddable":true,"href":"https:\/\/enfoquenoticioso.com\/index.php?rest_route=\/wp\/v2\/users\/2"}],"replies":[{"embeddable":true,"href":"https:\/\/enfoquenoticioso.com\/index.php?rest_route=%2Fwp%2Fv2%2Fcomments&post=19537"}],"version-history":[{"count":0,"href":"https:\/\/enfoquenoticioso.com\/index.php?rest_route=\/wp\/v2\/posts\/19537\/revisions"}],"wp:featuredmedia":[{"embeddable":true,"href":"https:\/\/enfoquenoticioso.com\/index.php?rest_route=\/wp\/v2\/media\/19538"}],"wp:attachment":[{"href":"https:\/\/enfoquenoticioso.com\/index.php?rest_route=%2Fwp%2Fv2%2Fmedia&parent=19537"}],"wp:term":[{"taxonomy":"category","embeddable":true,"href":"https:\/\/enfoquenoticioso.com\/index.php?rest_route=%2Fwp%2Fv2%2Fcategories&post=19537"},{"taxonomy":"post_tag","embeddable":true,"href":"https:\/\/enfoquenoticioso.com\/index.php?rest_route=%2Fwp%2Fv2%2Ftags&post=19537"}],"curies":[{"name":"wp","href":"https:\/\/api.w.org\/{rel}","templated":true}]}}