{"id":19873,"date":"2024-09-03T12:42:53","date_gmt":"2024-09-03T12:42:53","guid":{"rendered":"https:\/\/enfoquenoticioso.com\/noticias\/el-del-viernes-sera-mi-ultimo-partido\/"},"modified":"2024-09-03T12:42:53","modified_gmt":"2024-09-03T12:42:53","slug":"el-del-viernes-sera-mi-ultimo-partido","status":"publish","type":"post","link":"https:\/\/enfoquenoticioso.com\/?p=19873","title":{"rendered":"\u201cEl del viernes ser\u00e1 mi \u00faltimo partido\u201d"},"content":{"rendered":"<div>\n<p>Entre l\u00e1grimas, el hist\u00f3rico delantero de la Celeste comunic\u00f3 su decisi\u00f3n en una conferencia brindada en el Estadio Centenario de Montevideo<span id=\"more-536671\"\/><\/p>\n<p class=\"paragraph\" data-mrf-recirculation=\"Links inline\">Finalmente, este lunes en el m\u00edtico Estadio Centenario de Montevideo,\u00a0<b>Luis Su\u00e1rez dio la noticia que nadie quer\u00eda o\u00edr:\u00a0<\/b>su<b>\u00a0<\/b>retiro de la selecci\u00f3n uruguaya. Tras un inicio en el que envi\u00f3 sus condolencias a la familia y amigos de Juan Izquierdo, el futbolista de Nacional recientemente fallecido, el\u00a0<i>Pistolero\u00a0<\/i>comunic\u00f3: \u201cMe hubiese encantado que se enteren por m\u00ed, por eso era la conferencia. Quiero que sepan que el d\u00eda viernes y me cuesta decirlo, ser\u00e1 mi \u00faltimo partido con la selecci\u00f3n de mi pa\u00eds. Es algo que lo ven\u00eda pensando y analizando. Es el momento indicado y tengo mis razones.\u00a0<b>Es una decisi\u00f3n dif\u00edcil que tomamos con mi familia\u201d.<\/b><\/p>\n<p class=\"paragraph\" data-mrf-recirculation=\"Links inline\"><b><br \/><iframe loading=\"lazy\" style=\"border: none; overflow: hidden;\" src=\"https:\/\/www.facebook.com\/plugins\/video.php?height=476&amp;href=https%3A%2F%2Fwww.facebook.com%2Faufoficial%2Fvideos%2F1570800960494314%2F&amp;show_text=true&amp;width=476&amp;t=0\" width=\"476\" height=\"591\" frameborder=\"0\" scrolling=\"no\" allowfullscreen=\"allowfullscreen\"><\/iframe><\/b><\/p>\n<p>\u201cEs el momento en el cual\u00a0<b>puedo jugar el \u00faltimo partido con la selecci\u00f3n tranquilo, lo voy a disputar con la misma ilusi\u00f3n del primero que jugu\u00e9\u00a0<\/b>en 2007, con las mismas ganas que ten\u00eda ese ni\u00f1o que comenz\u00f3 con 19 a\u00f1os. Y ese ya jugador veterano, viejo o como se lo quiera llamar, con una trayectoria incre\u00edble en la selecci\u00f3n,\u00a0<b>va a dejar la vida el d\u00eda viernes porque me ense\u00f1aron todo eso\u201d.<\/b><\/p>\n<p class=\"paragraph\" data-mrf-recirculation=\"Links inline\">Durante la tarde del domingo, los fan\u00e1ticos de la selecci\u00f3n de Uruguay se sorprendieron con la noticia que se public\u00f3 en la cuenta oficial del combinado en sus redes sociales. \u201c<b>Su\u00e1rez tiene algo que decir<\/b>. El m\u00e1ximo goleador de la historia de La Celeste dar\u00e1 una conferencia de prensa el lunes desde el Estadio Centenario\u201d, fue el anuncio que estuvo acompa\u00f1ado por el formulario de acreditaci\u00f3n para la prensa y las coordenadas.<\/p>\n<p class=\"paragraph\" data-mrf-recirculation=\"Links inline\">Un d\u00eda despu\u00e9s, el\u00a0<i>Pistolero<\/i>\u00a0se present\u00f3 frente a los micr\u00f3fonos y dio el anuncio entre l\u00e1grimas. La novedad gener\u00f3 gran expectativa en el pueblo uruguayo. Tras confirmarse los rumores, ya es un hecho que\u00a0<b>el \u00faltimo partido de Lucho Su\u00e1rez con el equipo ser\u00e1 el del pr\u00f3ximo viernes 6 de septiembre ante Paraguay<\/b> por las Eliminatorias Sudamericanas camino al Mundial 2026.<\/p>\n<p class=\"paragraph\" data-mrf-recirculation=\"Links inline\">Este anuncio no solo marca el final de una era para Su\u00e1rez en la selecci\u00f3n, sino que tambi\u00e9n le permitir\u00eda despedirse frente al p\u00fablico en lo que ser\u00e1 un colmado Centenario de Montevideo. Asimismo,\u00a0<b>el m\u00e1ximo goleador en la historia de la Celeste con 69 goles\u00a0<\/b>tambi\u00e9n comunic\u00f3 que no ser\u00e1 de la partida el martes 10 de septiembre, en el duelo ante Venezuela en la ciudad de Matur\u00edn, por lo que el juego de local servir\u00e1 como despedida final.<\/p>\n<p class=\"paragraph\" data-mrf-recirculation=\"Links inline\">Es importante mencionar que de cara al pr\u00f3ximo enfrentamiento contra el combinado guaran\u00ed,\u00a0<b>Su\u00e1rez tiene grandes posibilidades de ser titular debido a la suspensi\u00f3n de Darwin N\u00fa\u00f1ez<\/b>. El atacante del Liverpool, de Inglaterra, un jugador clave para Marcelo Bielsa en el once inicial de Uruguay, est\u00e1 sancionado por Conmebol a ra\u00edz de incidentes ocurridos tras el partido contra Colombia por las semifinales de la \u00faltima Copa Am\u00e9rica que se jug\u00f3 en Estados Unidos.<\/p>\n<p class=\"paragraph\" data-mrf-recirculation=\"Links inline\">Hace algunos d\u00edas,\u00a0Conmebol confirm\u00f3 las sanciones tras el cruce entre varios jugadores del equipo de Bielsa y aficionados colombianos\u00a0en las gradas del estadio en Charlotte. N\u00fa\u00f1ez fue el que recibi\u00f3 el castigo m\u00e1s severo con cinco fechas, seguido por el mediocampista\u00a0<b>Rodrigo Bentancur, quien estar\u00e1 cuatro jornadas<\/b>\u00a0sin tener actividad oficial.\u00a0<b>Math\u00edas Olivera, Roland Ara\u00fajo, Jos\u00e9 Mar\u00eda Gim\u00e9nez, Sebasti\u00e1n C\u00e1ceres, Mat\u00edas Vi\u00f1a, Emiliano Mart\u00ednez Toranza, Brian Rodr\u00edguez, Facundo Pellistri y Santiago Mele fueron suspendidos por tres fechas<\/b>.<\/p>\n<p class=\"paragraph\" data-mrf-recirculation=\"Links inline\">Su\u00e1rez no solo es el m\u00e1ximo anotador de la historia de la selecci\u00f3n uruguaya, sino tambi\u00e9n<b>\u00a0el segundo jugador con m\u00e1s partidos disputados, acumulando 142 participaciones, solo por detr\u00e1s de Diego God\u00edn<\/b>. La trayectoria del delantero ha sido fundamental para la Celeste, y su retiro implica un cambio significativo en la estructura del equipo nacional y la salida de uno de los emblemas del conjunto que alcanz\u00f3 las semifinales de la Copa del Mundo 2010 en Sud\u00e1frica y que se consagr\u00f3 campe\u00f3n de Am\u00e9rica en la cita de Argentina 2011.<\/p>\n<p class=\"paragraph\" data-mrf-recirculation=\"Links inline\"><b>El atacante con un hist\u00f3rico paso por el Barcelona atraviesa un gran presente en el Inter Miami<\/b>. Su\u00e1rez fue decisivo en la abultada victoria de Las Garzas frente al Chicago Fire por 4-1: forz\u00f3 el primer gol en el minuto 25 con un disparo que, parado por el meta Chris Brady, acab\u00f3 en un tanto en propia puerta de Andrew Gutman.<\/p>\n<p class=\"paragraph\" data-mrf-recirculation=\"Links inline\">Adem\u00e1s, el delantero de 37 a\u00f1os convirti\u00f3 el 2-0 a los 50 segundos del complemento con un disparo raso de pierna zurda que fulmin\u00f3 a Brady. El ex jugador de Nacional de Montevideo complet\u00f3 su doblete en el minuto 66 al rematar tras un centro de Jordi Alba. El\u00a0<i>Pistolero\u00a0<\/i>ya\u00a0<b>suma 16 goles en esta temporada de la MLS<\/b>, que tiene al Inter Miami afianzado en la cima de la Conferencia Este de la competici\u00f3n.<\/p>\n<\/div>\n<p><a href=\"https:\/\/noticiasaldiayalahora.co\/deportes\/luis-suarez-anuncia-su-retiro-de-la-seleccion-uruguaya-el-del-viernes-sera-mi-ultimo-partido\/\" class=\" target=\" title=\"\u201cEl del viernes ser\u00e1 mi \u00faltimo partido\u201d\" target=\"_blank\" rel=\"noopener\">Ver fuente<\/a><\/p>\n","protected":false},"excerpt":{"rendered":"<p>Entre l\u00e1grimas, el hist\u00f3rico delantero de la Celeste comunic\u00f3 su decisi\u00f3n en una conferencia brindada en el Estadio Centenario de Montevideo Finalmente, este lunes en el m\u00edtico Estadio Centenario de Montevideo,\u00a0Luis Su\u00e1rez dio la noticia que nadie quer\u00eda o\u00edr:\u00a0su\u00a0retiro de la selecci\u00f3n uruguaya. Tras un inicio en el que envi\u00f3 sus condolencias a la familia [&hellip;]<\/p>\n","protected":false},"author":2,"featured_media":19874,"comment_status":"open","ping_status":"closed","sticky":false,"template":"","format":"standard","meta":{"footnotes":""},"categories":[1],"tags":[],"class_list":["post-19873","post","type-post","status-publish","format-standard","has-post-thumbnail","hentry","category-noticias"],"_links":{"self":[{"href":"https:\/\/enfoquenoticioso.com\/index.php?rest_route=\/wp\/v2\/posts\/19873","targetHints":{"allow":["GET"]}}],"collection":[{"href":"https:\/\/enfoquenoticioso.com\/index.php?rest_route=\/wp\/v2\/posts"}],"about":[{"href":"https:\/\/enfoquenoticioso.com\/index.php?rest_route=\/wp\/v2\/types\/post"}],"author":[{"embeddable":true,"href":"https:\/\/enfoquenoticioso.com\/index.php?rest_route=\/wp\/v2\/users\/2"}],"replies":[{"embeddable":true,"href":"https:\/\/enfoquenoticioso.com\/index.php?rest_route=%2Fwp%2Fv2%2Fcomments&post=19873"}],"version-history":[{"count":0,"href":"https:\/\/enfoquenoticioso.com\/index.php?rest_route=\/wp\/v2\/posts\/19873\/revisions"}],"wp:featuredmedia":[{"embeddable":true,"href":"https:\/\/enfoquenoticioso.com\/index.php?rest_route=\/wp\/v2\/media\/19874"}],"wp:attachment":[{"href":"https:\/\/enfoquenoticioso.com\/index.php?rest_route=%2Fwp%2Fv2%2Fmedia&parent=19873"}],"wp:term":[{"taxonomy":"category","embeddable":true,"href":"https:\/\/enfoquenoticioso.com\/index.php?rest_route=%2Fwp%2Fv2%2Fcategories&post=19873"},{"taxonomy":"post_tag","embeddable":true,"href":"https:\/\/enfoquenoticioso.com\/index.php?rest_route=%2Fwp%2Fv2%2Ftags&post=19873"}],"curies":[{"name":"wp","href":"https:\/\/api.w.org\/{rel}","templated":true}]}}