{"id":21966,"date":"2024-09-15T13:40:25","date_gmt":"2024-09-15T13:40:25","guid":{"rendered":"https:\/\/enfoquenoticioso.com\/noticias\/canelo-alvarez-vencio-a-edgar-berlanga-por-decision-unanime\/"},"modified":"2024-09-15T13:40:25","modified_gmt":"2024-09-15T13:40:25","slug":"canelo-alvarez-vencio-a-edgar-berlanga-por-decision-unanime","status":"publish","type":"post","link":"https:\/\/enfoquenoticioso.com\/?p=21966","title":{"rendered":"Canelo \u00c1lvarez venci\u00f3 a Edgar Berlanga por decisi\u00f3n un\u00e1nime"},"content":{"rendered":"<div id=\"post-537674\">\n<div class=\"entry-thumbnail\">\n<img width=\"593\" height=\"395\" src=\"https:\/\/i0.wp.com\/noticiasaldiayalahora.co\/wp-content\/uploads\/2024\/09\/Canelo-Alvarez.jpg?resize=593%2C395&amp;ssl=1\" class=\"attachment-content-single size-content-single wp-post-image\" alt=\"\" decoding=\"async\" fetchpriority=\"high\" srcset=\"https:\/\/i0.wp.com\/noticiasaldiayalahora.co\/wp-content\/uploads\/2024\/09\/Canelo-Alvarez.jpg?w=593&amp;ssl=1 593w, https:\/\/i0.wp.com\/noticiasaldiayalahora.co\/wp-content\/uploads\/2024\/09\/Canelo-Alvarez.jpg?resize=300%2C200&amp;ssl=1 300w\" sizes=\"(max-width: 593px) 100vw, 593px\"\/><\/div>\n<p class=\"entry-meta\">\n<span class=\"entry-meta-author vcard author\">Por: <a class=\"fn\" href=\"https:\/\/noticiasaldiayalahora.co\/author\/redaccion\/\" target=\"_blank\" rel=\"noopener\">Redacci\u00f3n Noticias al Dia y a la Hora<\/a><\/span><br \/>\n<span class=\"entry-meta-date updated\">15 septiembre, 2024<\/span>\n<\/p>\n<div class=\"entry-content clearfix\">\n<p>El mexicano sigue como campe\u00f3n de los Supermedianos tras derrotar al puertorrique\u00f1o en Las Vegas<span id=\"more-537674\"\/><\/p>\n<p>Canelo \u00c1lvarez venci\u00f3 por decisi\u00f3n un\u00e1nime de los jueces a Edgar Berlanga y mantuvo\u00a0los t\u00edtulos de peso supermediano de la Asociaci\u00f3n Mundial de Boxeo (AMB), la Organizaci\u00f3n Mundial de Boxeo (OMB) y el Consejo Mundial de Boxeo (CMB) en el T-Mobile Arena de Las Vegas, Nevada.<\/p>\n<p>El mexicano tuvo un arranque cauteloso, pero firme para demostrar su poder\u00edo en la categor\u00eda de peso supermediano y aunque tambi\u00e9n el puertorrique\u00f1o comenz\u00f3 a dejar ver sus jabs desde el arranque,\u00a0Canelo lo desestabiliz\u00f3 en el tercer round para mandarlo a la lona de manera temprana. Sin embargo, r\u00e1pidamente logr\u00f3 incorporarse y seguir en pelea.<\/p>\n<p>Ante los intentos de mantener distancia de Berlanga, el experimentado boxeador de 34 a\u00f1os se mantuvo firme durante la primera mitad del combate, vi\u00e9ndose beneficiado con el achique de los espacios y acorralando a su contrincante a las cuerdas.<\/p>\n<p><iframe loading=\"lazy\" style=\"border: none; overflow: hidden;\" src=\"https:\/\/www.facebook.com\/plugins\/post.php?href=https%3A%2F%2Fwww.facebook.com%2Fphoto.php%3Ffbid%3D1069848598483117%26set%3Da.709702237831090%26type%3D3&amp;show_text=true&amp;width=500\" width=\"500\" height=\"727\" frameborder=\"0\" scrolling=\"no\" allowfullscreen=\"allowfullscreen\"><\/iframe><\/p>\n<p>En el s\u00e9ptimo asalto, el nacido en Puerto Rico cay\u00f3 nuevamente, pero esta vez se trat\u00f3 de un resbal\u00f3n. El juez fren\u00f3 la pelea para que se reincorpore sin problemas. A partir de all\u00ed, con\u00a0enojo por considerar que el de M\u00e9xico lanz\u00f3 golpes ilegales para adherirle picante al evento, el puertorrique\u00f1o comenz\u00f3 a arriesgar m\u00e1s ya sabiendo que las tarjetas se estaban inclinando a su oponente.<\/p>\n<p>Sin embargo, ya dejando ver su cansancio, no pudo destacarse y fue Canelo quien logr\u00f3 mantenerse hasta el final firmemente para que\u00a0las tarjetas fueron a su favor con un contundente 117-110, 118-109 y 118-109.<\/p>\n<p><iframe loading=\"lazy\" style=\"border: none; overflow: hidden;\" src=\"https:\/\/www.facebook.com\/plugins\/video.php?height=476&amp;href=https%3A%2F%2Fwww.facebook.com%2Faztecadeportes%2Fvideos%2F845839901068430%2F&amp;show_text=true&amp;width=267&amp;t=0\" width=\"267\" height=\"591\" frameborder=\"0\" scrolling=\"no\" allowfullscreen=\"allowfullscreen\"><\/iframe><\/p>\n<p>\u00a0<\/p>\n<\/div>\n<\/div>\n<p><a href=\"https:\/\/noticiasaldiayalahora.co\/deportes\/canelo-alvarez-vencio-a-edgar-berlanga-por-decision-unanime\/\" class=\" target=\" title=\"Canelo \u00c1lvarez venci\u00f3 a Edgar Berlanga por decisi\u00f3n un\u00e1nime\" target=\"_blank\" rel=\"noopener\">Ver fuente<\/a><\/p>\n","protected":false},"excerpt":{"rendered":"<p>Por: Redacci\u00f3n Noticias al Dia y a la Hora 15 septiembre, 2024 El mexicano sigue como campe\u00f3n de los Supermedianos tras derrotar al puertorrique\u00f1o en Las Vegas Canelo \u00c1lvarez venci\u00f3 por decisi\u00f3n un\u00e1nime de los jueces a Edgar Berlanga y mantuvo\u00a0los t\u00edtulos de peso supermediano de la Asociaci\u00f3n Mundial de Boxeo (AMB), la Organizaci\u00f3n Mundial [&hellip;]<\/p>\n","protected":false},"author":2,"featured_media":21967,"comment_status":"open","ping_status":"closed","sticky":false,"template":"","format":"standard","meta":{"footnotes":""},"categories":[1],"tags":[],"class_list":["post-21966","post","type-post","status-publish","format-standard","has-post-thumbnail","hentry","category-noticias"],"_links":{"self":[{"href":"https:\/\/enfoquenoticioso.com\/index.php?rest_route=\/wp\/v2\/posts\/21966","targetHints":{"allow":["GET"]}}],"collection":[{"href":"https:\/\/enfoquenoticioso.com\/index.php?rest_route=\/wp\/v2\/posts"}],"about":[{"href":"https:\/\/enfoquenoticioso.com\/index.php?rest_route=\/wp\/v2\/types\/post"}],"author":[{"embeddable":true,"href":"https:\/\/enfoquenoticioso.com\/index.php?rest_route=\/wp\/v2\/users\/2"}],"replies":[{"embeddable":true,"href":"https:\/\/enfoquenoticioso.com\/index.php?rest_route=%2Fwp%2Fv2%2Fcomments&post=21966"}],"version-history":[{"count":0,"href":"https:\/\/enfoquenoticioso.com\/index.php?rest_route=\/wp\/v2\/posts\/21966\/revisions"}],"wp:featuredmedia":[{"embeddable":true,"href":"https:\/\/enfoquenoticioso.com\/index.php?rest_route=\/wp\/v2\/media\/21967"}],"wp:attachment":[{"href":"https:\/\/enfoquenoticioso.com\/index.php?rest_route=%2Fwp%2Fv2%2Fmedia&parent=21966"}],"wp:term":[{"taxonomy":"category","embeddable":true,"href":"https:\/\/enfoquenoticioso.com\/index.php?rest_route=%2Fwp%2Fv2%2Fcategories&post=21966"},{"taxonomy":"post_tag","embeddable":true,"href":"https:\/\/enfoquenoticioso.com\/index.php?rest_route=%2Fwp%2Fv2%2Ftags&post=21966"}],"curies":[{"name":"wp","href":"https:\/\/api.w.org\/{rel}","templated":true}]}}