{"id":2278,"date":"2024-05-10T15:16:01","date_gmt":"2024-05-10T15:16:01","guid":{"rendered":"https:\/\/enfoquenoticioso.com\/entretenimiento\/la-actriz-venezolana-que-perdio-a-su-hijo-en-un-incendio\/"},"modified":"2024-05-10T15:16:01","modified_gmt":"2024-05-10T15:16:01","slug":"la-actriz-venezolana-que-perdio-a-su-hijo-en-un-incendio","status":"publish","type":"post","link":"https:\/\/enfoquenoticioso.com\/?p=2278","title":{"rendered":"La actriz venezolana que perdi\u00f3 a su hijo en un incendio"},"content":{"rendered":"<div id=\"post-528227\">\n<div class=\"entry-thumbnail\">\n<img width=\"777\" height=\"437\" src=\"https:\/\/i0.wp.com\/noticiasaldiayalahora.co\/wp-content\/uploads\/2024\/05\/Mariana-Derderian-1-scaled.jpg?resize=777%2C437&amp;ssl=1\" class=\"attachment-content-single size-content-single wp-post-image\" alt=\"\" decoding=\"async\" fetchpriority=\"high\" srcset=\"https:\/\/i0.wp.com\/noticiasaldiayalahora.co\/wp-content\/uploads\/2024\/05\/Mariana-Derderian-1-scaled.jpg?w=1280&amp;ssl=1 1280w, https:\/\/i0.wp.com\/noticiasaldiayalahora.co\/wp-content\/uploads\/2024\/05\/Mariana-Derderian-1-scaled.jpg?resize=300%2C169&amp;ssl=1 300w, https:\/\/i0.wp.com\/noticiasaldiayalahora.co\/wp-content\/uploads\/2024\/05\/Mariana-Derderian-1-scaled.jpg?resize=1024%2C576&amp;ssl=1 1024w, https:\/\/i0.wp.com\/noticiasaldiayalahora.co\/wp-content\/uploads\/2024\/05\/Mariana-Derderian-1-scaled.jpg?resize=768%2C432&amp;ssl=1 768w, https:\/\/i0.wp.com\/noticiasaldiayalahora.co\/wp-content\/uploads\/2024\/05\/Mariana-Derderian-1-scaled.jpg?resize=1536%2C864&amp;ssl=1 1536w, https:\/\/i0.wp.com\/noticiasaldiayalahora.co\/wp-content\/uploads\/2024\/05\/Mariana-Derderian-1-scaled.jpg?resize=777%2C437&amp;ssl=1 777w, https:\/\/i0.wp.com\/noticiasaldiayalahora.co\/wp-content\/uploads\/2024\/05\/Mariana-Derderian-1-scaled.jpg?resize=180%2C101&amp;ssl=1 180w, https:\/\/i0.wp.com\/noticiasaldiayalahora.co\/wp-content\/uploads\/2024\/05\/Mariana-Derderian-1-scaled.jpg?resize=260%2C146&amp;ssl=1 260w, https:\/\/i0.wp.com\/noticiasaldiayalahora.co\/wp-content\/uploads\/2024\/05\/Mariana-Derderian-1-scaled.jpg?resize=373%2C210&amp;ssl=1 373w, https:\/\/i0.wp.com\/noticiasaldiayalahora.co\/wp-content\/uploads\/2024\/05\/Mariana-Derderian-1-scaled.jpg?resize=120%2C67&amp;ssl=1 120w\" sizes=\"(max-width: 777px) 100vw, 777px\"\/><\/div>\n<p class=\"entry-meta\">\n<span class=\"entry-meta-author vcard author\">Por: <a class=\"fn\" href=\"https:\/\/noticiasaldiayalahora.co\/author\/redaccion\/\" target=\"_blank\" rel=\"noopener\">Redacci\u00f3n Noticias al Dia y a la Hora<\/a><\/span><br \/>\n<span class=\"entry-meta-date updated\">10 mayo, 2024<\/span>\n<\/p>\n<div class=\"entry-content clearfix\">\n<p>Hace pocas horas se conoci\u00f3 la lamentable noticia del fallecimiento del hijo de la actriz venezolana\u00a0<strong>Mariana Derderi\u00e1n<\/strong>, tras un incendio presentado en su residencia en\u00a0<strong>Chile.<\/strong><span id=\"more-528227\"\/><\/p>\n<p>La informaci\u00f3n la ofrecieron medios internacionales, quienes relataron que el incendio comenz\u00f3 en horas de la madrugada del mi\u00e9rcoles 8 de mayo en el domicilio de la venezolana nacionalizada chilena.<\/p>\n<p>Se relat\u00f3 que\u00a0<strong>Mariana<\/strong>\u00a0se encontraba en su casa junto a sus dos hijos y desafortunadamente pudo sacar a uno de ellos, dejando al m\u00e1s peque\u00f1o de 6 a\u00f1os, dentro de la vivienda que r\u00e1pidamente fue devorada por el fuego.<\/p>\n<blockquote class=\"instagram-media\" style=\"background: #FFF; border: 0; border-radius: 3px; box-shadow: 0 0 1px 0 rgba(0,0,0,0.5),0 1px 10px 0 rgba(0,0,0,0.15); margin: 1px; max-width: 540px; min-width: 326px; padding: 0; width: calc(100% - 2px);\" data-instgrm-captioned=\"\" data-instgrm-permalink=\"https:\/\/www.instagram.com\/p\/Cn1qgHzrWiI\/?utm_source=ig_embed&amp;utm_campaign=loading\" data-instgrm-version=\"14\">\n<\/blockquote>\n<div id=\"ez-toc-container\" class=\"ez-toc-v2_0_81 counter-hierarchy ez-toc-counter ez-toc-grey ez-toc-container-direction\">\n<div class=\"ez-toc-title-container\">\n<p class=\"ez-toc-title\" style=\"cursor:inherit\">Tabla de Contenido<\/p>\n<span class=\"ez-toc-title-toggle\"><a href=\"#\" class=\"ez-toc-pull-right ez-toc-btn ez-toc-btn-xs ez-toc-btn-default ez-toc-toggle\" aria-label=\"Alternar tabla de contenidos\"><span class=\"ez-toc-js-icon-con\"><span class=\"\"><span class=\"eztoc-hide\" style=\"display:none;\">Toggle<\/span><span class=\"ez-toc-icon-toggle-span\"><svg style=\"fill: #999;color:#999\" xmlns=\"http:\/\/www.w3.org\/2000\/svg\" class=\"list-377408\" width=\"20px\" height=\"20px\" viewBox=\"0 0 24 24\" fill=\"none\"><path d=\"M6 6H4v2h2V6zm14 0H8v2h12V6zM4 11h2v2H4v-2zm16 0H8v2h12v-2zM4 16h2v2H4v-2zm16 0H8v2h12v-2z\" fill=\"currentColor\"><\/path><\/svg><svg style=\"fill: #999;color:#999\" class=\"arrow-unsorted-368013\" xmlns=\"http:\/\/www.w3.org\/2000\/svg\" width=\"10px\" height=\"10px\" viewBox=\"0 0 24 24\" version=\"1.2\" baseProfile=\"tiny\"><path d=\"M18.2 9.3l-6.2-6.3-6.2 6.3c-.2.2-.3.4-.3.7s.1.5.3.7c.2.2.4.3.7.3h11c.3 0 .5-.1.7-.3.2-.2.3-.5.3-.7s-.1-.5-.3-.7zM5.8 14.7l6.2 6.3 6.2-6.3c.2-.2.3-.5.3-.7s-.1-.5-.3-.7c-.2-.2-.4-.3-.7-.3h-11c-.3 0-.5.1-.7.3-.2.2-.3.5-.3.7s.1.5.3.7z\"\/><\/svg><\/span><\/span><\/span><\/a><\/span><\/div>\n<nav><ul class='ez-toc-list ez-toc-list-level-1 ' ><li class='ez-toc-page-1 ez-toc-heading-level-4'><a class=\"ez-toc-link ez-toc-heading-1\" href=\"https:\/\/enfoquenoticioso.com\/?p=2278\/#%C2%BFQuien_es_Mariana_Derderian\" >\u00bfQui\u00e9n es Mariana Derderi\u00e1n?<\/a><\/li><li class='ez-toc-page-1 ez-toc-heading-level-4'><a class=\"ez-toc-link ez-toc-heading-2\" href=\"https:\/\/enfoquenoticioso.com\/?p=2278\/#Sigue_al_canal_de_noticias_en_Whatsaap\" >Sigue al canal de noticias en Whatsaap\u00a0<\/a><\/li><\/ul><\/nav><\/div>\n<h4><span class=\"ez-toc-section\" id=\"%C2%BFQuien_es_Mariana_Derderian\"><\/span><strong>\u00bfQui\u00e9n es Mariana Derderi\u00e1n?<\/strong><span class=\"ez-toc-section-end\"><\/span><\/h4>\n<p>La actriz y conductora de televisi\u00f3n, naci\u00f3 el\u00a015 de enero de 1980 en\u00a0<strong>Caracas, Venezuela<\/strong>, pero se nacionaliz\u00f3 chilena ya que sus padres nacieron en en pa\u00eds latino mencionado.<\/p>\n<p><strong>Mariana<\/strong>\u00a0pas\u00f3 sus primeros 10 a\u00f1os vivi\u00f3 en\u00a0<strong>Venezuela<\/strong>, en 1990 lleg\u00f3 a\u00a0<strong>Chile<\/strong> y desde aquel entonces se qued\u00f3 en dicho lugar, desarrollando en el pa\u00eds extranjero toda su vida personal, as\u00ed como profesional.<\/p>\n<p>La venezolana curs\u00f3 sus primeros 10 a\u00f1os vivi\u00f3 en\u00a0<strong>Venezuela,<\/strong>\u00a0en 1990 lleg\u00f3 a\u00a0<strong>Chile<\/strong>\u00a0y desde aquel entonces se asent\u00f3 en el lugar, desarrollando en el pa\u00eds extranjero toda su vida personal, as\u00ed como profesional.<\/p>\n<p>Hasta el momento la actriz no se ha manifestado al respecto acerca de la muerte de su hijo menor.\u00a0<strong>Mariana<\/strong>\u00a0siempre mostraba a sus peque\u00f1os en las redes sociales y relataba lo bien que era ser mam\u00e1.<\/p>\n<blockquote class=\"instagram-media\" style=\"background: #FFF; border: 0; border-radius: 3px; box-shadow: 0 0 1px 0 rgba(0,0,0,0.5),0 1px 10px 0 rgba(0,0,0,0.15); margin: 1px; max-width: 540px; min-width: 326px; padding: 0; width: calc(100% - 2px);\" data-instgrm-captioned=\"\" data-instgrm-permalink=\"https:\/\/www.instagram.com\/p\/CgFBdoBL0DE\/?utm_source=ig_embed&amp;utm_campaign=loading\" data-instgrm-version=\"14\">\n<\/blockquote>\n<h4><span class=\"ez-toc-section\" id=\"Sigue_al_canal_de_noticias_en_Whatsaap\"><\/span><strong><a href=\"https:\/\/whatsapp.com\/channel\/0029VaDXFnLId7nFFiDdVI26?fbclid=IwAR1LnVJqcByTELJH4Ht086FYRmdx18pRnV7CrkzmTJ5JaLHYY0igukfL9Yk\" target=\"_blank\" rel=\"noopener\">Sigue al canal de noticias en Whatsaap\u00a0<\/a><\/strong><span class=\"ez-toc-section-end\"><\/span><\/h4>\n<p>\u00a0<\/p>\n<\/div>\n<\/div>\n<p><script async src=\"\/\/www.instagram.com\/embed.js\"><\/script><br \/>\n<br \/><a href=\"https:\/\/noticiasaldiayalahora.co\/entretenimiento\/conoce-a-mariana-derderian-la-actriz-venezolana-que-perdio-a-su-hijo-en-un-incendio\/\" class=\" target=\" title=\"La actriz venezolana que perdi\u00f3 a su hijo en un incendio\" target=\"_blank\" rel=\"noopener\">Ver fuente<\/a><\/p>\n","protected":false},"excerpt":{"rendered":"<p>Por: Redacci\u00f3n Noticias al Dia y a la Hora 10 mayo, 2024 Hace pocas horas se conoci\u00f3 la lamentable noticia del fallecimiento del hijo de la actriz venezolana\u00a0Mariana Derderi\u00e1n, tras un incendio presentado en su residencia en\u00a0Chile. La informaci\u00f3n la ofrecieron medios internacionales, quienes relataron que el incendio comenz\u00f3 en horas de la madrugada del [&hellip;]<\/p>\n","protected":false},"author":2,"featured_media":2279,"comment_status":"open","ping_status":"closed","sticky":false,"template":"","format":"standard","meta":{"footnotes":""},"categories":[8],"tags":[],"class_list":["post-2278","post","type-post","status-publish","format-standard","has-post-thumbnail","hentry","category-entretenimiento"],"_links":{"self":[{"href":"https:\/\/enfoquenoticioso.com\/index.php?rest_route=\/wp\/v2\/posts\/2278","targetHints":{"allow":["GET"]}}],"collection":[{"href":"https:\/\/enfoquenoticioso.com\/index.php?rest_route=\/wp\/v2\/posts"}],"about":[{"href":"https:\/\/enfoquenoticioso.com\/index.php?rest_route=\/wp\/v2\/types\/post"}],"author":[{"embeddable":true,"href":"https:\/\/enfoquenoticioso.com\/index.php?rest_route=\/wp\/v2\/users\/2"}],"replies":[{"embeddable":true,"href":"https:\/\/enfoquenoticioso.com\/index.php?rest_route=%2Fwp%2Fv2%2Fcomments&post=2278"}],"version-history":[{"count":0,"href":"https:\/\/enfoquenoticioso.com\/index.php?rest_route=\/wp\/v2\/posts\/2278\/revisions"}],"wp:featuredmedia":[{"embeddable":true,"href":"https:\/\/enfoquenoticioso.com\/index.php?rest_route=\/wp\/v2\/media\/2279"}],"wp:attachment":[{"href":"https:\/\/enfoquenoticioso.com\/index.php?rest_route=%2Fwp%2Fv2%2Fmedia&parent=2278"}],"wp:term":[{"taxonomy":"category","embeddable":true,"href":"https:\/\/enfoquenoticioso.com\/index.php?rest_route=%2Fwp%2Fv2%2Fcategories&post=2278"},{"taxonomy":"post_tag","embeddable":true,"href":"https:\/\/enfoquenoticioso.com\/index.php?rest_route=%2Fwp%2Fv2%2Ftags&post=2278"}],"curies":[{"name":"wp","href":"https:\/\/api.w.org\/{rel}","templated":true}]}}