{"id":2286,"date":"2024-05-10T17:37:04","date_gmt":"2024-05-10T17:37:04","guid":{"rendered":"https:\/\/enfoquenoticioso.com\/entretenimiento\/israel-se-clasifico-en-la-segunda-semifinal-de-eurovision-2024-pese-a-las-protestas-y-los-continuos-abucheos\/"},"modified":"2024-05-10T17:37:04","modified_gmt":"2024-05-10T17:37:04","slug":"israel-se-clasifico-en-la-segunda-semifinal-de-eurovision-2024-pese-a-las-protestas-y-los-continuos-abucheos","status":"publish","type":"post","link":"https:\/\/enfoquenoticioso.com\/?p=2286","title":{"rendered":"Israel se clasific\u00f3 en la segunda Semifinal de Eurovisi\u00f3n 2024, pese a las protestas y los continuos abucheos"},"content":{"rendered":"<div>\n<p>Anoche fue la segunda Semifinal de <a href=\"https:\/\/www.espinof.com\/entretenimiento\/eurovision-2024-cuando-como-ver-gratis-semifinales-gran-final-festival-europeo-cancion-donde-espana-intentara-ganar-nebulossa-su-zorra\" target=\"_blank\" rel=\"noopener\">Eurovisi\u00f3n<\/a>, en la que tuvo lugar la pol\u00e9mica actuaci\u00f3n de la candidata de Israel. Pese a que el pa\u00eds entr\u00f3 en la lista de clasificados, se encontr\u00f3 con<strong> el l\u00f3gico rechazo del p\u00fablico, que abuche\u00f3 la actuaci\u00f3n<\/strong> tanto en la propia gala como en los ensayos.<\/p>\n<p><!-- BREAK 1 --> <\/p>\n<div id=\"ez-toc-container\" class=\"ez-toc-v2_0_81 counter-hierarchy ez-toc-counter ez-toc-grey ez-toc-container-direction\">\n<div class=\"ez-toc-title-container\">\n<p class=\"ez-toc-title\" style=\"cursor:inherit\">Tabla de Contenido<\/p>\n<span class=\"ez-toc-title-toggle\"><a href=\"#\" class=\"ez-toc-pull-right ez-toc-btn ez-toc-btn-xs ez-toc-btn-default ez-toc-toggle\" aria-label=\"Alternar tabla de contenidos\"><span class=\"ez-toc-js-icon-con\"><span class=\"\"><span class=\"eztoc-hide\" style=\"display:none;\">Toggle<\/span><span class=\"ez-toc-icon-toggle-span\"><svg style=\"fill: #999;color:#999\" xmlns=\"http:\/\/www.w3.org\/2000\/svg\" class=\"list-377408\" width=\"20px\" height=\"20px\" viewBox=\"0 0 24 24\" fill=\"none\"><path d=\"M6 6H4v2h2V6zm14 0H8v2h12V6zM4 11h2v2H4v-2zm16 0H8v2h12v-2zM4 16h2v2H4v-2zm16 0H8v2h12v-2z\" fill=\"currentColor\"><\/path><\/svg><svg style=\"fill: #999;color:#999\" class=\"arrow-unsorted-368013\" xmlns=\"http:\/\/www.w3.org\/2000\/svg\" width=\"10px\" height=\"10px\" viewBox=\"0 0 24 24\" version=\"1.2\" baseProfile=\"tiny\"><path d=\"M18.2 9.3l-6.2-6.3-6.2 6.3c-.2.2-.3.4-.3.7s.1.5.3.7c.2.2.4.3.7.3h11c.3 0 .5-.1.7-.3.2-.2.3-.5.3-.7s-.1-.5-.3-.7zM5.8 14.7l6.2 6.3 6.2-6.3c.2-.2.3-.5.3-.7s-.1-.5-.3-.7c-.2-.2-.4-.3-.7-.3h-11c-.3 0-.5.1-.7.3-.2.2-.3.5-.3.7s.1.5.3.7z\"\/><\/svg><\/span><\/span><\/span><\/a><\/span><\/div>\n<nav><ul class='ez-toc-list ez-toc-list-level-1 ' ><li class='ez-toc-page-1 ez-toc-heading-level-2'><a class=\"ez-toc-link ez-toc-heading-1\" href=\"https:\/\/enfoquenoticioso.com\/?p=2286\/#Protestas_y_abucheos\" >Protestas y abucheos<\/a><\/li><li class='ez-toc-page-1 ez-toc-heading-level-2'><a class=\"ez-toc-link ez-toc-heading-2\" href=\"https:\/\/enfoquenoticioso.com\/?p=2286\/#Lista_de_clasificados\" >Lista de clasificados<\/a><\/li><\/ul><\/nav><\/div>\n<h2><span class=\"ez-toc-section\" id=\"Protestas_y_abucheos\"><\/span>Protestas y abucheos<span class=\"ez-toc-section-end\"><\/span><\/h2>\n<p>La participaci\u00f3n de Israel en Eurovisi\u00f3n 2024 no tiene ni pies ni cabeza, habida cuenta el conflicto armado que est\u00e1n llevando a cabo, motivo por el que la UER no dud\u00f3 en vetar a Rusia en 2022, pero que no les ha llevado a hacer lo mismo en este caso.<\/p>\n<p><!-- BREAK 2 --><\/p>\n<div class=\"article-asset article-asset-normal article-asset-center\">\n<div class=\"desvio-container\">\n<div class=\"desvio\">\n<div class=\"desvio-figure js-desvio-figure\">\n    <a href=\"https:\/\/www.espinof.com\/reality\/este-dinero-que-cuesta-cada-pais-votar-tu-favorito-eurovision-2024\" target=\"_blank\" rel=\"noopener\"><br \/>\n     <img loading=\"lazy\" decoding=\"async\" alt=\"Este es el dinero que cuesta en cada pa\u00eds votar por tu favorito en Eurovisi\u00f3n 2024 \" width=\"375\" height=\"142\" src=\"https:\/\/i.blogs.es\/7d6f68\/eurovision\/375_142.jpeg\"\/><br \/>\n    <\/a>\n   <\/div>\n<\/p><\/div>\n<\/p><\/div>\n<\/div>\n<p>Como era de esperar, el p\u00fablico mostr\u00f3 su rechazo hacia la decisi\u00f3n de incluir a Israel, tanto en redes sociales, como durante la propia actuaci\u00f3n: en el ensayo de Eden Golan, se oyeron <strong>los sonoros abucheos del p\u00fablico que se repitieron anoche <\/strong>durante su actuaci\u00f3n<strong> en la segunda Semifinal <\/strong>(pese a los continuos <a href=\"https:\/\/www.espinof.com\/entretenimiento\/gente-se-posiciona-israel-eurovision-organizadores-estan-haciendo-todo-posible-para-silenciarla\" target=\"_blank\" rel=\"noopener\">intentos del programa por silenciarlos<\/a>).<\/p>\n<p><!-- BREAK 3 --> <\/p>\n<p><strong>En la propia Malm\u00f6, se reunieron miles de personas para protestar<\/strong> contra la participaci\u00f3n de Israel en el certamen y <a rel=\"noopener, noreferrer\" href=\"https:\/\/www.eldiario.es\/vertele\/noticias\/eurovision-2024-miles-personas-manifiestan-malmoe-participacion-israel_1_11355218.html\" target=\"_blank\">mostrar su apoyo a Palestina<\/a>. Entre los manifestantes se encontraba la conocida activista Greta Thumberg. En contraposici\u00f3n, se produjo otra concentraci\u00f3n de un centenar de personas a favor de Israel en la misma ciudad.<\/p>\n<p><!-- BREAK 4 --><\/p>\n<h2><span class=\"ez-toc-section\" id=\"Lista_de_clasificados\"><\/span>Lista de clasificados<span class=\"ez-toc-section-end\"><\/span><\/h2>\n<div class=\"article-asset-image article-asset-large article-asset-center\">\n<div class=\"asset-content\">\n                   <img class=\"\" height=\"900\" width=\"1600\" loading=\"lazy\" decoding=\"async\" sizes=\"auto, 100vw\" fetchpriority=\"high\" srcset=\"https:\/\/i.blogs.es\/b1b5f1\/eurovision-televoto\/450_1000.jpeg 450w, https:\/\/i.blogs.es\/b1b5f1\/eurovision-televoto\/650_1200.jpeg 681w,https:\/\/i.blogs.es\/b1b5f1\/eurovision-televoto\/1024_2000.jpeg 1024w, https:\/\/i.blogs.es\/b1b5f1\/eurovision-televoto\/1366_2000.jpeg 1366w\" src=\"https:\/\/i.blogs.es\/b1b5f1\/eurovision-televoto\/450_1000.jpeg\" alt=\"Eurovision\"\/><br \/>\n   <img decoding=\"async\" alt=\"Eurovision\" class=\"\" src=\"https:\/\/i.blogs.es\/b1b5f1\/eurovision-televoto\/450_1000.jpeg\"\/><\/p><\/div>\n<\/div>\n<p>A los <a href=\"https:\/\/www.espinof.com\/reality\/eurovision-2024-clasificados-primera-semifinal-al-panuelo-palestino-gran-incognita-chanel\" target=\"_blank\" rel=\"noopener\">elegidos en la primera semifinal<\/a> se unir\u00e1n los otros 10 clasificados de esta segunda: <strong>Grecia<\/strong>, con Marina Satti y su tema &#8216;Zari&#8217;; <strong>Suiza<\/strong>, con Nemo y &#8216;The code&#8217;; <strong>Austria<\/strong>, con Kaleen y &#8216;We Will Rave&#8217;; <strong>Pa\u00edses Bajos<\/strong>, con Joost Klein y &#8216;Europapa&#8217;; <strong>Georgia<\/strong>, con Nutsa Buzaladze y &#8216;Firefighter&#8217;; <strong>Armenia<\/strong>, con Landaniva y &#8216;Jako&#8217;; <strong>Letonia<\/strong>, con Dons y &#8216;Hollow&#8217;, <strong>Noruega<\/strong>, con Gate y &#8216;Ulveham&#8217;; <strong>Estonia<\/strong>, con 5miinust x Puuluup y &#8216;(Nendest) Narkootikumidest ei tea me (k\u00fcll) midagi&#8217;; y, pese a todo, <strong>Israel<\/strong>, con Eden Golan y &#8216;Hurricane&#8217;.<\/p>\n<p><!-- BREAK 5 --><\/p>\n<p>En Espinof | <a href=\"https:\/\/www.espinof.com\/listas\/mejores-series-2024\" data-id=\"noopener noreferrer\" target=\"_blank\" rel=\"noopener\">Las mejores series de 2024<\/a><\/p>\n<p><!-- BREAK 6 --> <\/p>\n<p>En Espinof | <a href=\"https:\/\/www.espinof.com\/listas\/mejores-bandas-sonoras-cine-decada\" target=\"_blank\" rel=\"noopener\">Las 41 mejores bandas sonoras del cine de la d\u00e9cada<\/a><\/p>\n<p><!-- BREAK 7 -->\n <\/div>\n<p><a href=\"https:\/\/www.espinof.com\/reality\/israel-se-clasifico-segunda-semifinal-eurovision-2024-pese-a-protestas-continuos-abucheos\" class=\" target=\" title=\"Israel se clasific\u00f3 en la segunda Semifinal de Eurovisi\u00f3n 2024, pese a las protestas y los continuos abucheos\" target=\"_blank\" rel=\"noopener\">Ver fuente<\/a><\/p>\n","protected":false},"excerpt":{"rendered":"<p>Anoche fue la segunda Semifinal de Eurovisi\u00f3n, en la que tuvo lugar la pol\u00e9mica actuaci\u00f3n de la candidata de Israel. Pese a que el pa\u00eds entr\u00f3 en la lista de clasificados, se encontr\u00f3 con el l\u00f3gico rechazo del p\u00fablico, que abuche\u00f3 la actuaci\u00f3n tanto en la propia gala como en los ensayos. Protestas y abucheos [&hellip;]<\/p>\n","protected":false},"author":2,"featured_media":2287,"comment_status":"open","ping_status":"closed","sticky":false,"template":"","format":"standard","meta":{"footnotes":""},"categories":[8],"tags":[],"class_list":["post-2286","post","type-post","status-publish","format-standard","has-post-thumbnail","hentry","category-entretenimiento"],"_links":{"self":[{"href":"https:\/\/enfoquenoticioso.com\/index.php?rest_route=\/wp\/v2\/posts\/2286","targetHints":{"allow":["GET"]}}],"collection":[{"href":"https:\/\/enfoquenoticioso.com\/index.php?rest_route=\/wp\/v2\/posts"}],"about":[{"href":"https:\/\/enfoquenoticioso.com\/index.php?rest_route=\/wp\/v2\/types\/post"}],"author":[{"embeddable":true,"href":"https:\/\/enfoquenoticioso.com\/index.php?rest_route=\/wp\/v2\/users\/2"}],"replies":[{"embeddable":true,"href":"https:\/\/enfoquenoticioso.com\/index.php?rest_route=%2Fwp%2Fv2%2Fcomments&post=2286"}],"version-history":[{"count":0,"href":"https:\/\/enfoquenoticioso.com\/index.php?rest_route=\/wp\/v2\/posts\/2286\/revisions"}],"wp:featuredmedia":[{"embeddable":true,"href":"https:\/\/enfoquenoticioso.com\/index.php?rest_route=\/wp\/v2\/media\/2287"}],"wp:attachment":[{"href":"https:\/\/enfoquenoticioso.com\/index.php?rest_route=%2Fwp%2Fv2%2Fmedia&parent=2286"}],"wp:term":[{"taxonomy":"category","embeddable":true,"href":"https:\/\/enfoquenoticioso.com\/index.php?rest_route=%2Fwp%2Fv2%2Fcategories&post=2286"},{"taxonomy":"post_tag","embeddable":true,"href":"https:\/\/enfoquenoticioso.com\/index.php?rest_route=%2Fwp%2Fv2%2Ftags&post=2286"}],"curies":[{"name":"wp","href":"https:\/\/api.w.org\/{rel}","templated":true}]}}