{"id":2298,"date":"2024-05-10T21:19:08","date_gmt":"2024-05-10T21:19:08","guid":{"rendered":"https:\/\/enfoquenoticioso.com\/deporte\/girona-fc-jugara-champions-en-su-casa\/"},"modified":"2024-05-10T21:19:08","modified_gmt":"2024-05-10T21:19:08","slug":"girona-fc-jugara-champions-en-su-casa","status":"publish","type":"post","link":"https:\/\/enfoquenoticioso.com\/?p=2298","title":{"rendered":"Girona FC jugar\u00e1 Champions en su casa"},"content":{"rendered":"<div data-td-block-uid=\"tdi_91\">\n<div class=\"tdb-block-inner td-fix-index\">\n<p>Ya es oficial: el Girona disputar\u00e1 los partidos de la Champions League en Montilivi. El club catal\u00e1n anunci\u00f3 este viernes la decisi\u00f3n final, despu\u00e9s de que, como reza el comunicado, \u201cLa UEFA haya validado las reformas propuestas por el club, que har\u00e1n que el estado re\u00fana los requisitos solicitados\u201d.<\/p>\n<figure class=\"wp-block-embed is-type-rich is-provider-twitter wp-block-embed-twitter\">\n<div class=\"wp-block-embed__wrapper\">\n<blockquote class=\"twitter-tweet\" data-width=\"550\" data-dnt=\"true\">\n<p lang=\"es\" dir=\"ltr\">Montilivi acoger\u00e1 los partidos de Champions<\/p>\n<p>El organismo europeo ha validado las reformas propuestas por el Club que har\u00e1n que el estadio re\u00fana los requisitos solicitados.<a href=\"https:\/\/t.co\/gZ0BGLq5Gd\">https:\/\/t.co\/gZ0BGLq5Gd<\/a><\/p>\n<p>\u2014 Girona FC (@GironaFC_ES) <a href=\"https:\/\/twitter.com\/GironaFC_ES\/status\/1788909947251507367?ref_src=twsrc%5Etfw\" target=\"_blank\" rel=\"noopener\">May 10, 2024<\/a><\/p><\/blockquote>\n<\/div>\n<\/figure>\n<p>Esta decisi\u00f3n implica tener que reducir el aforo a unas 9.000 personas. Con los requisitos aceptados por el organismo europeo, la entidad \u2018gironina\u2019 se pondr\u00e1 manos a la obra en cuanto acabe LaLiga para adaptar, en tiempo r\u00e9cord, unas instalaciones supervisadas para iniciar por primera vez el camino hacia la Champions.<\/p>\n<p><strong>Lee tambi\u00e9n: <a href=\"https:\/\/www.liderendeportes.com\/noticias\/futbol\/europeo\/jorginho-renueva-con-arsenal-hasta-2025\/\" target=\"_blank\" rel=\"noopener\">Jorginho renueva con Arsenal hasta 2025<\/a><\/strong><\/p>\n<p>As\u00ed Montilivi ser\u00e1 el escenario de, como m\u00ednimo, cuatro partidos de la fase de grupos de la m\u00e1xima competici\u00f3n continental.<\/p>\n<p>Con esta confirmaci\u00f3n se disipa el debate sobre la posibilidad de disputar los encuentros europeos en Barcelona, con las alternativas sobre la mesa de jugar en el Estadi Ol\u00edmpic Llu\u00eds Companys de Montju\u00efc o el Stage Front Stadium, el campo del Espanyol.<\/p>\n<\/div>\n<\/div>\n<p><script async src=\"\/\/platform.twitter.com\/widgets.js\" charset=\"utf-8\"><\/script><br \/>\n<br \/><a href=\"https:\/\/www.liderendeportes.com\/noticias\/futbol\/europeo\/girona-fc-jugara-champions-en-su-casa\/\" class=\" target=\" title=\"Girona FC jugar\u00e1 Champions en su casa\" target=\"_blank\" rel=\"noopener\">Ver fuente<\/a><\/p>\n","protected":false},"excerpt":{"rendered":"<p>Ya es oficial: el Girona disputar\u00e1 los partidos de la Champions League en Montilivi. El club catal\u00e1n anunci\u00f3 este viernes la decisi\u00f3n final, despu\u00e9s de que, como reza el comunicado, \u201cLa UEFA haya validado las reformas propuestas por el club, que har\u00e1n que el estado re\u00fana los requisitos solicitados\u201d. Montilivi acoger\u00e1 los partidos de Champions [&hellip;]<\/p>\n","protected":false},"author":2,"featured_media":2299,"comment_status":"open","ping_status":"closed","sticky":false,"template":"","format":"standard","meta":{"footnotes":""},"categories":[7],"tags":[],"class_list":["post-2298","post","type-post","status-publish","format-standard","has-post-thumbnail","hentry","category-deporte"],"_links":{"self":[{"href":"https:\/\/enfoquenoticioso.com\/index.php?rest_route=\/wp\/v2\/posts\/2298","targetHints":{"allow":["GET"]}}],"collection":[{"href":"https:\/\/enfoquenoticioso.com\/index.php?rest_route=\/wp\/v2\/posts"}],"about":[{"href":"https:\/\/enfoquenoticioso.com\/index.php?rest_route=\/wp\/v2\/types\/post"}],"author":[{"embeddable":true,"href":"https:\/\/enfoquenoticioso.com\/index.php?rest_route=\/wp\/v2\/users\/2"}],"replies":[{"embeddable":true,"href":"https:\/\/enfoquenoticioso.com\/index.php?rest_route=%2Fwp%2Fv2%2Fcomments&post=2298"}],"version-history":[{"count":0,"href":"https:\/\/enfoquenoticioso.com\/index.php?rest_route=\/wp\/v2\/posts\/2298\/revisions"}],"wp:featuredmedia":[{"embeddable":true,"href":"https:\/\/enfoquenoticioso.com\/index.php?rest_route=\/wp\/v2\/media\/2299"}],"wp:attachment":[{"href":"https:\/\/enfoquenoticioso.com\/index.php?rest_route=%2Fwp%2Fv2%2Fmedia&parent=2298"}],"wp:term":[{"taxonomy":"category","embeddable":true,"href":"https:\/\/enfoquenoticioso.com\/index.php?rest_route=%2Fwp%2Fv2%2Fcategories&post=2298"},{"taxonomy":"post_tag","embeddable":true,"href":"https:\/\/enfoquenoticioso.com\/index.php?rest_route=%2Fwp%2Fv2%2Ftags&post=2298"}],"curies":[{"name":"wp","href":"https:\/\/api.w.org\/{rel}","templated":true}]}}