{"id":2304,"date":"2024-05-11T01:09:56","date_gmt":"2024-05-11T01:09:56","guid":{"rendered":"https:\/\/enfoquenoticioso.com\/entretenimiento\/la-serie-que-se-ha-llevado-todos-los-premios-nos-volvera-a-estresar-entre-fogones-en-disney-plus-la-temporada-3-de-the-bear-ya-tiene-fecha-de-estreno-y-trailer\/"},"modified":"2024-05-11T01:09:56","modified_gmt":"2024-05-11T01:09:56","slug":"la-serie-que-se-ha-llevado-todos-los-premios-nos-volvera-a-estresar-entre-fogones-en-disney-plus-la-temporada-3-de-the-bear-ya-tiene-fecha-de-estreno-y-trailer","status":"publish","type":"post","link":"https:\/\/enfoquenoticioso.com\/?p=2304","title":{"rendered":"La serie que se ha llevado todos los premios nos volver\u00e1 a estresar entre fogones en Disney plus. La temporada 3 de &#8216;The Bear&#8217; ya tiene fecha de estreno y tr\u00e1iler"},"content":{"rendered":"<div>\n<p>Su temporada 2 arras\u00f3 en los <a href=\"https:\/\/www.espinof.com\/globos-de-oro\/mejores-series-para-globos-oro-2024\" target=\"_blank\" rel=\"noopener\">Globos de Oro 2024<\/a>, su temporada 1 hizo lo <a href=\"https:\/\/www.espinof.com\/premios-emmy\/succession-the-bear-ganadoras-noche-unos-divertidos-emmy-2023-sorpresas-decididos-a-homenajear-historia-television\" target=\"_blank\" rel=\"noopener\">mismo en los Emmy 2023<\/a> (hechos en 2024) <strong>y ojo porque la temporada 3<\/strong> se viene guerrera. La cadena estadounidense FX ha anunciado la fecha de estreno de los nuevos episodios de la dramedia culinaria &#8216;<a href=\"https:\/\/www.espinof.com\/criticas\/the-bear-sigue-siendo-mejores-series-disney-plus-excelente-temporada-2-deja-crecer-a-protagonistas-para-terminar-final-infarto\" target=\"_blank\" rel=\"noopener\">The Bear<\/a>&#8216;, que <strong>llegar\u00e1 el 27 de junio<\/strong> a Estados Unidos y otros pa\u00edses y territorios v\u00eda <a rel=\"noopener, noreferrer\" href=\"http:\/\/disneyplus.com\" target=\"_blank\">Disney+<\/a>.<\/p>\n<p><!-- BREAK 1 --> <\/p>\n<div id=\"ez-toc-container\" class=\"ez-toc-v2_0_81 counter-hierarchy ez-toc-counter ez-toc-grey ez-toc-container-direction\">\n<div class=\"ez-toc-title-container\">\n<p class=\"ez-toc-title\" style=\"cursor:inherit\">Tabla de Contenido<\/p>\n<span class=\"ez-toc-title-toggle\"><a href=\"#\" class=\"ez-toc-pull-right ez-toc-btn ez-toc-btn-xs ez-toc-btn-default ez-toc-toggle\" aria-label=\"Alternar tabla de contenidos\"><span class=\"ez-toc-js-icon-con\"><span class=\"\"><span class=\"eztoc-hide\" style=\"display:none;\">Toggle<\/span><span class=\"ez-toc-icon-toggle-span\"><svg style=\"fill: #999;color:#999\" xmlns=\"http:\/\/www.w3.org\/2000\/svg\" class=\"list-377408\" width=\"20px\" height=\"20px\" viewBox=\"0 0 24 24\" fill=\"none\"><path d=\"M6 6H4v2h2V6zm14 0H8v2h12V6zM4 11h2v2H4v-2zm16 0H8v2h12v-2zM4 16h2v2H4v-2zm16 0H8v2h12v-2z\" fill=\"currentColor\"><\/path><\/svg><svg style=\"fill: #999;color:#999\" class=\"arrow-unsorted-368013\" xmlns=\"http:\/\/www.w3.org\/2000\/svg\" width=\"10px\" height=\"10px\" viewBox=\"0 0 24 24\" version=\"1.2\" baseProfile=\"tiny\"><path d=\"M18.2 9.3l-6.2-6.3-6.2 6.3c-.2.2-.3.4-.3.7s.1.5.3.7c.2.2.4.3.7.3h11c.3 0 .5-.1.7-.3.2-.2.3-.5.3-.7s-.1-.5-.3-.7zM5.8 14.7l6.2 6.3 6.2-6.3c.2-.2.3-.5.3-.7s-.1-.5-.3-.7c-.2-.2-.4-.3-.7-.3h-11c-.3 0-.5.1-.7.3-.2.2-.3.5-.3.7s.1.5.3.7z\"\/><\/svg><\/span><\/span><\/span><\/a><\/span><\/div>\n<nav><ul class='ez-toc-list ez-toc-list-level-1 ' ><li class='ez-toc-page-1 ez-toc-heading-level-2'><a class=\"ez-toc-link ez-toc-heading-1\" href=\"https:\/\/enfoquenoticioso.com\/?p=2304\/#A_esperar_toca\" >A esperar toca<\/a><\/li><\/ul><\/nav><\/div>\n<h2><span class=\"ez-toc-section\" id=\"A_esperar_toca\"><\/span>A esperar toca<span class=\"ez-toc-section-end\"><\/span><\/h2>\n<p>Eso s\u00ed, como es habitual, <strong>en Espa\u00f1a nos tocar\u00e1 esperar a ver esta nueva temporada<\/strong>. Si nos fiamos del calendario del a\u00f1o pasado, ser\u00e1n unas cuantas semanas (lleg\u00f3 a mediados de agosto respecto a un estreno original en junio). Junto al anuncio de la fecha tambi\u00e9n tenemos un mini teaser, en el que vemos a Carmy (<strong>Jeremy Allen White<\/strong>) entrando en la renovada cocina del restaurante.<\/p>\n<p><!-- BREAK 2 --><\/p>\n<div class=\"article-asset article-asset-normal article-asset-center\">\n<div class=\"desvio-container\">\n<div class=\"desvio\">\n<div class=\"desvio-figure js-desvio-figure\">\n    <a href=\"https:\/\/www.espinof.com\/series-de-ficcion\/despues-estar-tiempo-limbo-mejores-series-ultimos-anos-tiene-nueva-casa-streaming-comedia-millennial-fresca-creador-the-bear\" target=\"_blank\" rel=\"noopener\"><br \/>\n     <img loading=\"lazy\" decoding=\"async\" alt=\"Despu\u00e9s de estar un tiempo en el limbo, una de las mejores series de los \u00faltimos a\u00f1os tiene nueva casa en streaming. Comedia millennial y fresca con el creador de \u2018The Bear\u2019\" width=\"375\" height=\"142\" src=\"https:\/\/i.blogs.es\/14e9d7\/ramy-series\/375_142.jpeg\"\/><br \/>\n    <\/a>\n   <\/div>\n<\/p><\/div>\n<\/p><\/div>\n<\/div>\n<p>Tras el final de la temporada 2, veremos a Carmy, Sydney (<strong>Ayo Edebiri<\/strong>) y Richie (<strong>Ebon Moss-Bachrach<\/strong>) con su lucha diaria para que The Bear se convierta en el refinado y excelente restaurante so\u00f1ado por el chef. En lo que el equipo crece y cada miembro tiene sus propias batallas y desaf\u00edos, en estos episodios tendr\u00e1n que ver si tienen lo que hay que tener como para llegar al ma\u00f1ana.<\/p>\n<p><!-- BREAK 3 --> <\/p>\n<p>Junto al tr\u00edo protagonista, la serie cuenta con un reparto formado por A<strong>bby Elliott, Lionel Boyce, Liza Col\u00f3n-Zayas y Matty Matheson, con Oliver Platt y Molly Gordon<\/strong> como personajes recurrentes. Creada por <strong>Christopher Storer y con Joanna Calo<\/strong> de socia principal, esta temporada contar\u00e1, nuevamente, con 10 episodios.<\/p>\n<p><!-- BREAK 4 --><\/p>\n<p>En Espinof | <a href=\"https:\/\/www.espinof.com\/criticas\/episodio-the-bear-que-todo-mundo-habla-explica-que-temporada-2-serie-disney-mantiene-su-calidad-no-magia\" data-id=\"noopener noreferrer\" target=\"_blank\" rel=\"noopener\">El episodio de &#8216;The Bear&#8217; del que todo el mundo habla<\/a><\/p>\n<p><!-- BREAK 5 --><\/p>\n<p>En Espinof | <a href=\"https:\/\/www.espinof.com\/listas\/mejores-series-2024\" data-id=\"noopener noreferrer\" target=\"_blank\" rel=\"noopener\">Las mejores series de 2024<\/a><\/p>\n<p><!-- BREAK 6 --> <\/p><\/div>\n<p><a href=\"https:\/\/www.espinof.com\/trailers\/serie-que-se-ha-llevado-todos-premios-nos-volvera-a-estresar-fogones-disney-plus-temporada-3-the-bear-tiene-fecha-estreno-trailer\" class=\" target=\" title=\"La serie que se ha llevado todos los premios nos volver\u00e1 a estresar entre fogones en Disney plus. La temporada 3 de &#039;The Bear&#039; ya tiene fecha de estreno y tr\u00e1iler\" target=\"_blank\" rel=\"noopener\">Ver fuente<\/a><\/p>\n","protected":false},"excerpt":{"rendered":"<p>Su temporada 2 arras\u00f3 en los Globos de Oro 2024, su temporada 1 hizo lo mismo en los Emmy 2023 (hechos en 2024) y ojo porque la temporada 3 se viene guerrera. La cadena estadounidense FX ha anunciado la fecha de estreno de los nuevos episodios de la dramedia culinaria &#8216;The Bear&#8216;, que llegar\u00e1 el [&hellip;]<\/p>\n","protected":false},"author":2,"featured_media":2305,"comment_status":"open","ping_status":"closed","sticky":false,"template":"","format":"standard","meta":{"footnotes":""},"categories":[8],"tags":[],"class_list":["post-2304","post","type-post","status-publish","format-standard","has-post-thumbnail","hentry","category-entretenimiento"],"_links":{"self":[{"href":"https:\/\/enfoquenoticioso.com\/index.php?rest_route=\/wp\/v2\/posts\/2304","targetHints":{"allow":["GET"]}}],"collection":[{"href":"https:\/\/enfoquenoticioso.com\/index.php?rest_route=\/wp\/v2\/posts"}],"about":[{"href":"https:\/\/enfoquenoticioso.com\/index.php?rest_route=\/wp\/v2\/types\/post"}],"author":[{"embeddable":true,"href":"https:\/\/enfoquenoticioso.com\/index.php?rest_route=\/wp\/v2\/users\/2"}],"replies":[{"embeddable":true,"href":"https:\/\/enfoquenoticioso.com\/index.php?rest_route=%2Fwp%2Fv2%2Fcomments&post=2304"}],"version-history":[{"count":0,"href":"https:\/\/enfoquenoticioso.com\/index.php?rest_route=\/wp\/v2\/posts\/2304\/revisions"}],"wp:featuredmedia":[{"embeddable":true,"href":"https:\/\/enfoquenoticioso.com\/index.php?rest_route=\/wp\/v2\/media\/2305"}],"wp:attachment":[{"href":"https:\/\/enfoquenoticioso.com\/index.php?rest_route=%2Fwp%2Fv2%2Fmedia&parent=2304"}],"wp:term":[{"taxonomy":"category","embeddable":true,"href":"https:\/\/enfoquenoticioso.com\/index.php?rest_route=%2Fwp%2Fv2%2Fcategories&post=2304"},{"taxonomy":"post_tag","embeddable":true,"href":"https:\/\/enfoquenoticioso.com\/index.php?rest_route=%2Fwp%2Fv2%2Ftags&post=2304"}],"curies":[{"name":"wp","href":"https:\/\/api.w.org\/{rel}","templated":true}]}}