{"id":2310,"date":"2024-05-11T03:45:06","date_gmt":"2024-05-11T03:45:06","guid":{"rendered":"https:\/\/enfoquenoticioso.com\/entretenimiento\/la-serie-animada-de-batman-de-j-j-abrams-matt-reeves-y-bruce-timm-que-hbo-max-tiro-a-la-basura-tiene-fecha-de-estreno-y-primeras-imagenes-en-amazon-prime-video\/"},"modified":"2024-05-11T03:45:06","modified_gmt":"2024-05-11T03:45:06","slug":"la-serie-animada-de-batman-de-j-j-abrams-matt-reeves-y-bruce-timm-que-hbo-max-tiro-a-la-basura-tiene-fecha-de-estreno-y-primeras-imagenes-en-amazon-prime-video","status":"publish","type":"post","link":"https:\/\/enfoquenoticioso.com\/?p=2310","title":{"rendered":"La serie animada de Batman de J.J. Abrams, Matt Reeves y Bruce Timm que HBO Max tir\u00f3 a la basura tiene fecha de estreno y primeras im\u00e1genes en Amazon Prime Video"},"content":{"rendered":"<div>\n<p>Parece que &#8216;<a href=\"https:\/\/www.espinof.com\/criticas\/esta-serie-disney-plus-mejor-adaptacion-x-men-anos-tiene-todo-que-marvel-necesita-para-triunfar-mutantes-cine\" target=\"_blank\" rel=\"noopener\">X-Men &#8217;97<\/a>&#8216; no es la \u00fanica este a\u00f1o que recupera de alg\u00fan modo el esp\u00edritu de las grandes series animadas de los 90. Y es que desde <a rel=\"noopener, noreferrer\" href=\"http:\/\/primevideo.com\/\" target=\"_blank\">Prime Video<\/a> han anunciado la fecha de estreno de la primera temporada (de dos aseguradas) de &#8216;<strong>Batman: Caped Crusader<\/strong>&#8216;. La nueva adaptaci\u00f3n del oscuro detective superheroico llegar\u00e1 el 1 de agosto.<\/p>\n<p><!-- BREAK 1 --> <\/p>\n<p>Con <strong>J.J. Abrams, Matt Reeves<\/strong> (&#8216;<a href=\"https:\/\/www.espinof.com\/criticas\/the-batman-extraordinaria-joya-oscura-forma-brillante-ejecucion-que-trasciende-a-etiqueta-cine-superheroes\" target=\"_blank\" rel=\"noopener\">The Batman<\/a>&#8216;) y <strong>Bruce Timm<\/strong> (&#8216;<a href=\"https:\/\/www.espinof.com\/animacion\/batman-serie-animada-nueve-razones-que-se-convirtio-serie-superheroes-imprescindible\" target=\"_blank\" rel=\"noopener\">Batman: La serie animada<\/a>&#8216;) como m\u00e1ximos responsables \u2014y ojo que en la producci\u00f3n ejecutiva est\u00e1n tambi\u00e9n <strong>Ed Brubaker y Sam Register<\/strong>\u2014, la serie se describe como una reimaginaci\u00f3n de la mitolog\u00eda del superh\u00e9roe y una suerte de reinvenci\u00f3n de la serie noventera.<\/p>\n<p><!-- BREAK 2 --><\/p>\n<div class=\"article-asset article-asset-normal article-asset-center\">\n<div class=\"desvio-container\">\n<div class=\"desvio\">\n<div class=\"desvio-figure js-desvio-figure\">\n    <a href=\"https:\/\/www.espinof.com\/listas\/batman-guia-definitiva-para-ver-orden-todas-peliculas-hombre-murcielago-adam-west-a-lego\" target=\"_blank\" rel=\"noopener\"><br \/>\n     <img loading=\"lazy\" decoding=\"async\" alt=\"Batman, la gu\u00eda definitiva para ver en orden todas las pel\u00edculas del Hombre Murci\u00e9lago: de Adam West a LEGO\" width=\"375\" height=\"142\" src=\"https:\/\/i.blogs.es\/ed23e6\/new-project\/375_142.jpeg\"\/><br \/>\n    <\/a>\n   <\/div>\n<\/p><\/div>\n<\/p><\/div>\n<\/div>\n<div id=\"ez-toc-container\" class=\"ez-toc-v2_0_81 counter-hierarchy ez-toc-counter ez-toc-grey ez-toc-container-direction\">\n<div class=\"ez-toc-title-container\">\n<p class=\"ez-toc-title\" style=\"cursor:inherit\">Tabla de Contenido<\/p>\n<span class=\"ez-toc-title-toggle\"><a href=\"#\" class=\"ez-toc-pull-right ez-toc-btn ez-toc-btn-xs ez-toc-btn-default ez-toc-toggle\" aria-label=\"Alternar tabla de contenidos\"><span class=\"ez-toc-js-icon-con\"><span class=\"\"><span class=\"eztoc-hide\" style=\"display:none;\">Toggle<\/span><span class=\"ez-toc-icon-toggle-span\"><svg style=\"fill: #999;color:#999\" xmlns=\"http:\/\/www.w3.org\/2000\/svg\" class=\"list-377408\" width=\"20px\" height=\"20px\" viewBox=\"0 0 24 24\" fill=\"none\"><path d=\"M6 6H4v2h2V6zm14 0H8v2h12V6zM4 11h2v2H4v-2zm16 0H8v2h12v-2zM4 16h2v2H4v-2zm16 0H8v2h12v-2z\" fill=\"currentColor\"><\/path><\/svg><svg style=\"fill: #999;color:#999\" class=\"arrow-unsorted-368013\" xmlns=\"http:\/\/www.w3.org\/2000\/svg\" width=\"10px\" height=\"10px\" viewBox=\"0 0 24 24\" version=\"1.2\" baseProfile=\"tiny\"><path d=\"M18.2 9.3l-6.2-6.3-6.2 6.3c-.2.2-.3.4-.3.7s.1.5.3.7c.2.2.4.3.7.3h11c.3 0 .5-.1.7-.3.2-.2.3-.5.3-.7s-.1-.5-.3-.7zM5.8 14.7l6.2 6.3 6.2-6.3c.2-.2.3-.5.3-.7s-.1-.5-.3-.7c-.2-.2-.4-.3-.7-.3h-11c-.3 0-.5.1-.7.3-.2.2-.3.5-.3.7s.1.5.3.7z\"\/><\/svg><\/span><\/span><\/span><\/a><\/span><\/div>\n<nav><ul class='ez-toc-list ez-toc-list-level-1 ' ><li class='ez-toc-page-1 ez-toc-heading-level-2'><a class=\"ez-toc-link ez-toc-heading-1\" href=\"https:\/\/enfoquenoticioso.com\/?p=2310\/#El_cruzado_enmascarado_llega_a_la_ciudad\" >El cruzado enmascarado llega a la ciudad<\/a><\/li><\/ul><\/nav><\/div>\n<h2><span class=\"ez-toc-section\" id=\"El_cruzado_enmascarado_llega_a_la_ciudad\"><\/span>El cruzado enmascarado llega a la ciudad<span class=\"ez-toc-section-end\"><\/span><\/h2>\n<div class=\"article-asset-image article-asset-large article-asset-center\">\n<div class=\"asset-content\">\n                   <img class=\"\" height=\"900\" width=\"1600\" loading=\"lazy\" decoding=\"async\" sizes=\"auto, 100vw\" fetchpriority=\"high\" srcset=\"https:\/\/i.blogs.es\/d5d622\/capc_s1_fg_00124222_still194_3000\/450_1000.jpeg 450w, https:\/\/i.blogs.es\/d5d622\/capc_s1_fg_00124222_still194_3000\/650_1200.jpeg 681w,https:\/\/i.blogs.es\/d5d622\/capc_s1_fg_00124222_still194_3000\/1024_2000.jpeg 1024w, https:\/\/i.blogs.es\/d5d622\/capc_s1_fg_00124222_still194_3000\/1366_2000.jpeg 1366w\" src=\"https:\/\/i.blogs.es\/d5d622\/capc_s1_fg_00124222_still194_3000\/450_1000.jpeg\" alt=\"Capc S1 Fg 00124222 Still194 3000\"\/><br \/>\n   <img decoding=\"async\" alt=\"Capc S1 Fg 00124222 Still194 3000\" class=\"\" src=\"https:\/\/i.blogs.es\/d5d622\/capc_s1_fg_00124222_still194_3000\/450_1000.jpeg\"\/><\/p><\/div>\n<\/div>\n<p>Junto al anuncio de la fecha de estreno, tambi\u00e9n podemos ver unas primeras im\u00e1genes con los <strong>personajes principales de esta nueva adaptaci\u00f3n<\/strong>: Bruce Wayne\/Batman, Selina Kyle\/Catwoman, la dra. Harleen Quinzel\/Harley Quinn, el comisario Jim Gordon y Clayface.<\/p>\n<p><!-- BREAK 3 --> <\/p>\n<div class=\"article-asset-image article-asset-large article-asset-center\">\n<div class=\"asset-content\">\n                   <img class=\"\" height=\"900\" width=\"1600\" loading=\"lazy\" decoding=\"async\" sizes=\"auto, 100vw\" fetchpriority=\"high\" srcset=\"https:\/\/i.blogs.es\/c843e4\/capc_s1_fg_00024723_still040_3000\/450_1000.jpeg 450w, https:\/\/i.blogs.es\/c843e4\/capc_s1_fg_00024723_still040_3000\/650_1200.jpeg 681w,https:\/\/i.blogs.es\/c843e4\/capc_s1_fg_00024723_still040_3000\/1024_2000.jpeg 1024w, https:\/\/i.blogs.es\/c843e4\/capc_s1_fg_00024723_still040_3000\/1366_2000.jpeg 1366w\" src=\"https:\/\/i.blogs.es\/c843e4\/capc_s1_fg_00024723_still040_3000\/450_1000.jpeg\" alt=\"Capc S1 Fg 00024723 Still040 3000\"\/><br \/>\n   <img decoding=\"async\" alt=\"Capc S1 Fg 00024723 Still040 3000\" class=\"\" src=\"https:\/\/i.blogs.es\/c843e4\/capc_s1_fg_00024723_still040_3000\/450_1000.jpeg\"\/><\/p><\/div>\n<\/div>\n<p>La sinopsis oficial reza:<\/p>\n<blockquote><p>\u00abBienvenidos a Gotham City, donde los corruptos superan a los buenos, los criminales corren a sus anchas y los ciudadanos honestos viven en un estado constante de miedo. Forjado en el fuego de la tragedia, el socialit\u00e9 millonario Bruce Wayne se vuelve en algo m\u00e1s y menos que humano&#8230; Batman. Este cruzado por la justicia atrae aliados inesperados entre la GCPD y el ayuntamiento, pero sus acciones heroicas generan ramificaciones mortales e imprevistas.\u00bb<\/p><\/blockquote>\n<div class=\"article-asset-image article-asset-large article-asset-center\">\n<div class=\"asset-content\">\n                   <img class=\"\" height=\"900\" width=\"1600\" loading=\"lazy\" decoding=\"async\" sizes=\"auto, 100vw\" fetchpriority=\"high\" srcset=\"https:\/\/i.blogs.es\/94a1cb\/capc_s1_fg_00061923_still099_3000\/450_1000.jpeg 450w, https:\/\/i.blogs.es\/94a1cb\/capc_s1_fg_00061923_still099_3000\/650_1200.jpeg 681w,https:\/\/i.blogs.es\/94a1cb\/capc_s1_fg_00061923_still099_3000\/1024_2000.jpeg 1024w, https:\/\/i.blogs.es\/94a1cb\/capc_s1_fg_00061923_still099_3000\/1366_2000.jpeg 1366w\" src=\"https:\/\/i.blogs.es\/94a1cb\/capc_s1_fg_00061923_still099_3000\/450_1000.jpeg\" alt=\"Capc S1 Fg 00061923 Still099 3000\"\/><br \/>\n   <img decoding=\"async\" alt=\"Capc S1 Fg 00061923 Still099 3000\" class=\"\" src=\"https:\/\/i.blogs.es\/94a1cb\/capc_s1_fg_00061923_still099_3000\/450_1000.jpeg\"\/><\/p><\/div>\n<\/div>\n<p>Recordemos que &#8216;Batman: Caped Crusader&#8217; <strong>tuvo un historial de desarrollo algo complicado<\/strong> ya que cay\u00f3 v\u00edctima del terremoto empresarial de Warner. Encargada por HBO Max en 2021, <a href=\"https:\/\/www.espinof.com\/animacion\/continua-escabechina-hbo-max-warner-no-estrenara-batman-caped-crusader-otras-cinco-series-peliculas-animacion\" target=\"_blank\" rel=\"noopener\">al a\u00f1o siguiente fue cancelada<\/a>.<\/p>\n<p><!-- BREAK 4 --><\/p>\n<div class=\"article-asset-image article-asset-large article-asset-center\">\n<div class=\"asset-content\">\n                   <img class=\"\" height=\"900\" width=\"1600\" loading=\"lazy\" decoding=\"async\" sizes=\"auto, 100vw\" fetchpriority=\"high\" srcset=\"https:\/\/i.blogs.es\/a287cf\/capc_s1_fg_00010008_still020_3000\/450_1000.jpeg 450w, https:\/\/i.blogs.es\/a287cf\/capc_s1_fg_00010008_still020_3000\/650_1200.jpeg 681w,https:\/\/i.blogs.es\/a287cf\/capc_s1_fg_00010008_still020_3000\/1024_2000.jpeg 1024w, https:\/\/i.blogs.es\/a287cf\/capc_s1_fg_00010008_still020_3000\/1366_2000.jpeg 1366w\" src=\"https:\/\/i.blogs.es\/a287cf\/capc_s1_fg_00010008_still020_3000\/450_1000.jpeg\" alt=\"Capc S1 Fg 00010008 Still020 3000\"\/><br \/>\n   <img decoding=\"async\" alt=\"Capc S1 Fg 00010008 Still020 3000\" class=\"\" src=\"https:\/\/i.blogs.es\/a287cf\/capc_s1_fg_00010008_still020_3000\/450_1000.jpeg\"\/><\/p><\/div>\n<\/div>\n<p>Afortunadamente, Prime Video <strong>la rescat\u00f3 en 2023<\/strong> gracias a la nueva direcci\u00f3n de Warner Bros. para <a href=\"https:\/\/www.espinof.com\/amazon-prime-video\/fin-era-exclusividad-warner-firma-amazon-acuerdo-para-produccion-animacion-dc\" target=\"_blank\" rel=\"noopener\">externalizar la animaci\u00f3n de las adaptaciones de DC<\/a> (por la que hemos podido ver tambi\u00e9n &#8216;<a href=\"https:\/\/www.espinof.com\/criticas\/feliz-mini-bat-navidad-especial-navideno-familiar-batman-amazon-prime-video-que-no-sabia-que-necesitaba-ver\" target=\"_blank\" rel=\"noopener\">Feliz mini Bat-Navidad<\/a>&#8216;).<\/p>\n<p><!-- BREAK 5 --><\/p>\n<div class=\"article-asset-image article-asset-large article-asset-center\">\n<div class=\"asset-content\">\n                   <img class=\"\" height=\"900\" width=\"1600\" loading=\"lazy\" decoding=\"async\" sizes=\"auto, 100vw\" fetchpriority=\"high\" srcset=\"https:\/\/i.blogs.es\/96cb3f\/capc_s1_fg_00133517_still244_3000\/450_1000.jpeg 450w, https:\/\/i.blogs.es\/96cb3f\/capc_s1_fg_00133517_still244_3000\/650_1200.jpeg 681w,https:\/\/i.blogs.es\/96cb3f\/capc_s1_fg_00133517_still244_3000\/1024_2000.jpeg 1024w, https:\/\/i.blogs.es\/96cb3f\/capc_s1_fg_00133517_still244_3000\/1366_2000.jpeg 1366w\" src=\"https:\/\/i.blogs.es\/96cb3f\/capc_s1_fg_00133517_still244_3000\/450_1000.jpeg\" alt=\"Capc S1 Fg 00133517 Still244 3000\"\/><br \/>\n   <img decoding=\"async\" alt=\"Capc S1 Fg 00133517 Still244 3000\" class=\"\" src=\"https:\/\/i.blogs.es\/96cb3f\/capc_s1_fg_00133517_still244_3000\/450_1000.jpeg\"\/><\/p><\/div>\n<\/div>\n<div class=\"article-asset-image article-asset-large article-asset-center\">\n<div class=\"asset-content\">\n                   <img class=\"\" height=\"900\" width=\"1600\" loading=\"lazy\" decoding=\"async\" sizes=\"auto, 100vw\" fetchpriority=\"high\" srcset=\"https:\/\/i.blogs.es\/25d244\/capc_s1_fg_00070307_still140_3000\/450_1000.jpeg 450w, https:\/\/i.blogs.es\/25d244\/capc_s1_fg_00070307_still140_3000\/650_1200.jpeg 681w,https:\/\/i.blogs.es\/25d244\/capc_s1_fg_00070307_still140_3000\/1024_2000.jpeg 1024w, https:\/\/i.blogs.es\/25d244\/capc_s1_fg_00070307_still140_3000\/1366_2000.jpeg 1366w\" src=\"https:\/\/i.blogs.es\/25d244\/capc_s1_fg_00070307_still140_3000\/450_1000.jpeg\" alt=\"Capc S1 Fg 00070307 Still140 3000\"\/><br \/>\n   <img decoding=\"async\" alt=\"Capc S1 Fg 00070307 Still140 3000\" class=\"\" src=\"https:\/\/i.blogs.es\/25d244\/capc_s1_fg_00070307_still140_3000\/450_1000.jpeg\"\/><\/p><\/div>\n<\/div>\n<p>En Espinof | <a href=\"https:\/\/www.espinof.com\/listas\/mejores-series-2024\" data-id=\"noopener noreferrer\" target=\"_blank\" rel=\"noopener\">Las mejores series de 2024<\/a><\/p>\n<p><!-- BREAK 6 --> <\/p>\n<p>En Espinof | <a href=\"https:\/\/www.espinof.com\/series-de-ficcion\/batman-nostalgia-tv-mitica-serie-60\" target=\"_blank\" rel=\"noopener\">Cuando Batman no se tomaba en serio a s\u00ed mismo<\/a><\/p>\n<p><!-- BREAK 7 -->\n <\/div>\n<p><a href=\"https:\/\/www.espinof.com\/animacion\/serie-animada-batman-j-j-abrams-matt-reeves-bruce-timm-que-hbo-max-tiro-a-basura-tiene-fecha-estreno-primeras-imagenes-amazon-prime-video\" class=\" target=\" title=\"La serie animada de Batman de J.J. Abrams, Matt Reeves y Bruce Timm que HBO Max tir\u00f3 a la basura tiene fecha de estreno y primeras im\u00e1genes en Amazon Prime Video\" target=\"_blank\" rel=\"noopener\">Ver fuente<\/a><\/p>\n","protected":false},"excerpt":{"rendered":"<p>Parece que &#8216;X-Men &#8217;97&#8216; no es la \u00fanica este a\u00f1o que recupera de alg\u00fan modo el esp\u00edritu de las grandes series animadas de los 90. Y es que desde Prime Video han anunciado la fecha de estreno de la primera temporada (de dos aseguradas) de &#8216;Batman: Caped Crusader&#8216;. La nueva adaptaci\u00f3n del oscuro detective superheroico [&hellip;]<\/p>\n","protected":false},"author":2,"featured_media":2311,"comment_status":"open","ping_status":"closed","sticky":false,"template":"","format":"standard","meta":{"footnotes":""},"categories":[8],"tags":[],"class_list":["post-2310","post","type-post","status-publish","format-standard","has-post-thumbnail","hentry","category-entretenimiento"],"_links":{"self":[{"href":"https:\/\/enfoquenoticioso.com\/index.php?rest_route=\/wp\/v2\/posts\/2310","targetHints":{"allow":["GET"]}}],"collection":[{"href":"https:\/\/enfoquenoticioso.com\/index.php?rest_route=\/wp\/v2\/posts"}],"about":[{"href":"https:\/\/enfoquenoticioso.com\/index.php?rest_route=\/wp\/v2\/types\/post"}],"author":[{"embeddable":true,"href":"https:\/\/enfoquenoticioso.com\/index.php?rest_route=\/wp\/v2\/users\/2"}],"replies":[{"embeddable":true,"href":"https:\/\/enfoquenoticioso.com\/index.php?rest_route=%2Fwp%2Fv2%2Fcomments&post=2310"}],"version-history":[{"count":0,"href":"https:\/\/enfoquenoticioso.com\/index.php?rest_route=\/wp\/v2\/posts\/2310\/revisions"}],"wp:featuredmedia":[{"embeddable":true,"href":"https:\/\/enfoquenoticioso.com\/index.php?rest_route=\/wp\/v2\/media\/2311"}],"wp:attachment":[{"href":"https:\/\/enfoquenoticioso.com\/index.php?rest_route=%2Fwp%2Fv2%2Fmedia&parent=2310"}],"wp:term":[{"taxonomy":"category","embeddable":true,"href":"https:\/\/enfoquenoticioso.com\/index.php?rest_route=%2Fwp%2Fv2%2Fcategories&post=2310"},{"taxonomy":"post_tag","embeddable":true,"href":"https:\/\/enfoquenoticioso.com\/index.php?rest_route=%2Fwp%2Fv2%2Ftags&post=2310"}],"curies":[{"name":"wp","href":"https:\/\/api.w.org\/{rel}","templated":true}]}}