{"id":2312,"date":"2024-05-11T05:11:26","date_gmt":"2024-05-11T05:11:26","guid":{"rendered":"https:\/\/enfoquenoticioso.com\/deporte\/el-flaco-menotti-dejo-su-impronta-en-el-futbol\/"},"modified":"2024-05-11T05:11:26","modified_gmt":"2024-05-11T05:11:26","slug":"el-flaco-menotti-dejo-su-impronta-en-el-futbol","status":"publish","type":"post","link":"https:\/\/enfoquenoticioso.com\/?p=2312","title":{"rendered":"El \u201cFlaco\u201d Menotti dej\u00f3 su impronta en el f\u00fatbol"},"content":{"rendered":"<div>\n<p>El pasado domingo, una de las leyendas del f\u00fatbol argentino y del mundo, C\u00e9sar Luis \u201cFlaco\u201d Menotti, se despidi\u00f3 de este plano a sus 85 a\u00f1os de edad, en Buenos Aires, Argentina. Dej\u00f3 huellas y grandes hitos en el f\u00fatbol internacional.<\/p>\n<p>\u201cCon profundo dolor, la Asociaci\u00f3n del F\u00fatbol Argentino lamenta informar con enorme tristeza el fallecimiento de C\u00e9sar Luis Menotti, actual Director de Selecciones Nacionales y ex t\u00e9cnico Campe\u00f3n del Mundo de Argentina \u00a1Hasta siempre, Flaco querido!\u201d, confirm\u00f3 la AFA en su cuenta oficial de X.<\/p>\n<p>El mundo entero del f\u00fatbol expres\u00f3 sus condolencias, en especial los hinchas argentinos. Sus restos fueron velados el pasado martes en la capital argentina de forma \u00edntima y sin prensa.<\/p>\n<div id=\"ez-toc-container\" class=\"ez-toc-v2_0_81 counter-hierarchy ez-toc-counter ez-toc-grey ez-toc-container-direction\">\n<div class=\"ez-toc-title-container\">\n<p class=\"ez-toc-title\" style=\"cursor:inherit\">Tabla de Contenido<\/p>\n<span class=\"ez-toc-title-toggle\"><a href=\"#\" class=\"ez-toc-pull-right ez-toc-btn ez-toc-btn-xs ez-toc-btn-default ez-toc-toggle\" aria-label=\"Alternar tabla de contenidos\"><span class=\"ez-toc-js-icon-con\"><span class=\"\"><span class=\"eztoc-hide\" style=\"display:none;\">Toggle<\/span><span class=\"ez-toc-icon-toggle-span\"><svg style=\"fill: #999;color:#999\" xmlns=\"http:\/\/www.w3.org\/2000\/svg\" class=\"list-377408\" width=\"20px\" height=\"20px\" viewBox=\"0 0 24 24\" fill=\"none\"><path d=\"M6 6H4v2h2V6zm14 0H8v2h12V6zM4 11h2v2H4v-2zm16 0H8v2h12v-2zM4 16h2v2H4v-2zm16 0H8v2h12v-2z\" fill=\"currentColor\"><\/path><\/svg><svg style=\"fill: #999;color:#999\" class=\"arrow-unsorted-368013\" xmlns=\"http:\/\/www.w3.org\/2000\/svg\" width=\"10px\" height=\"10px\" viewBox=\"0 0 24 24\" version=\"1.2\" baseProfile=\"tiny\"><path d=\"M18.2 9.3l-6.2-6.3-6.2 6.3c-.2.2-.3.4-.3.7s.1.5.3.7c.2.2.4.3.7.3h11c.3 0 .5-.1.7-.3.2-.2.3-.5.3-.7s-.1-.5-.3-.7zM5.8 14.7l6.2 6.3 6.2-6.3c.2-.2.3-.5.3-.7s-.1-.5-.3-.7c-.2-.2-.4-.3-.7-.3h-11c-.3 0-.5.1-.7.3-.2.2-.3.5-.3.7s.1.5.3.7z\"\/><\/svg><\/span><\/span><\/span><\/a><\/span><\/div>\n<nav><ul class='ez-toc-list ez-toc-list-level-1 ' ><li class='ez-toc-page-1 ez-toc-heading-level-3'><a class=\"ez-toc-link ez-toc-heading-1\" href=\"https:\/\/enfoquenoticioso.com\/?p=2312\/#De_jugador_a_entrenador\" >De jugador a entrenador<\/a><\/li><li class='ez-toc-page-1 ez-toc-heading-level-3'><a class=\"ez-toc-link ez-toc-heading-2\" href=\"https:\/\/enfoquenoticioso.com\/?p=2312\/#Campeon_del_mundo\" >Campe\u00f3n del mundo<\/a><\/li><li class='ez-toc-page-1 ez-toc-heading-level-3'><a class=\"ez-toc-link ez-toc-heading-3\" href=\"https:\/\/enfoquenoticioso.com\/?p=2312\/#Carrera_en_Europa\" >Carrera en Europa<\/a><\/li><\/ul><\/nav><\/div>\n<h3 class=\"wp-block-heading\"><span class=\"ez-toc-section\" id=\"De_jugador_a_entrenador\"><\/span>De jugador a entrenador<span class=\"ez-toc-section-end\"><\/span><\/h3>\n<p>En 1960 a sus 22 a\u00f1os Menotti debut\u00f3 como jugador profesional con Rosario Central, equipo de su ciudad natal. Luego pas\u00f3 por otros clubes argentinos como Racing Club y Boca Juniors.<\/p>\n<p>Con la selecci\u00f3n de Argentina solo jug\u00f3 los seis partidos de la Copa Am\u00e9rica de 1963, marcando un solo gol y quedando como terceros del torneo.<\/p>\n<p>Despu\u00e9s, jug\u00f3 en New York Generals de los Estados Unidos, en Santos y Juventus de Brasil. Este \u00faltimo se retir\u00f3 como jugador en 1970 para dar un paso a su verdadero destino de su vida, ser entrenador de f\u00fatbol.<\/p>\n<p>Menotti tuvo sus primeras experiencias como entrenador en el Newell\u2019s Old Boys despu\u00e9s de ser asistente e interino de Miguel Antonio Ju\u00e1rez. Luego condujo a Hurac\u00e1n ganando la Primera Divisi\u00f3n de Argentina en 1973.<\/p>\n<p><strong>Lee tambi\u00e9n:<\/strong><a href=\"https:\/\/www.liderendeportes.com\/noticias\/futbol\/futve\/en-junio-regresa-la-antigua-copa-venezuela\/\" target=\"_blank\" rel=\"noopener\"> En junio regresa la antigua Copa Venezuela<\/a><\/p>\n<h3 class=\"wp-block-heading\"><span class=\"ez-toc-section\" id=\"Campeon_del_mundo\"><\/span>Campe\u00f3n del mundo<span class=\"ez-toc-section-end\"><\/span><\/h3>\n<p>En 1974 tom\u00f3 las riendas como entrenador de la selecci\u00f3n de Argentina, construyendo y reestructurando al equipo para el Mundial de Argentina de 1978.<\/p>\n<p>Anfitriones del certamen internacional en plena dictadura militar (1976-1983). En la final, los locales vencieron a Holanda: tras igualar 1-1 al final del tiempo reglamentario, Mario Kempes convirti\u00f3 el 2-1 y Daniel Bertoni asegur\u00f3 el 3-1 final.<\/p>\n<p>Tras esa victoria y por el estilo particular de manejar a la selecci\u00f3n se fund\u00f3, a su pesar, el \u2018menottismo\u2019: que se distingui\u00f3 por la circulaci\u00f3n del bal\u00f3n constante, el juego ofensivo y la prevalencia de la t\u00e9cnica. Al igual de Lionel Scaloni, el nombre de C\u00e9sar Luis Menotti se hizo inmortal en la historia del f\u00fatbol mundial.<\/p>\n<p>Un a\u00f1o antes hizo debutar con la selecci\u00f3n al joven Diego Armando Maradona, pero Menotti no lo convoc\u00f3 para el Mundial del 78\u2019, sino para Espa\u00f1a 82\u2019.<\/p>\n<h3 class=\"wp-block-heading\"><span class=\"ez-toc-section\" id=\"Carrera_en_Europa\"><\/span>Carrera en Europa<span class=\"ez-toc-section-end\"><\/span><\/h3>\n<p>Los frutos de su carrera le hicieron llegar al banco del FC Barcelona en 1983\/84, all\u00ed no solo volvi\u00f3 a dirigir a Maradona, tambi\u00e9n consigui\u00f3 una Copa del Rey, una Supercopa de Espa\u00f1a y una Copa de la Liga.<\/p>\n<p>Posteriormente dirigi\u00f3 el Atl\u00e9tico de Madrid en 1987\/88 y al Sampdoria de Italia en 1997\/98. Siendo estos tres equipos los \u00fanicos que entren\u00f3 en el viejo continente.<\/p>\n<p>En Argentina continu\u00f3 al frente del banquillo con equipos como Boca Juniors, River Plate, Independiente y Rosario Central. En otros pa\u00edses de Am\u00e9rica tambi\u00e9n dirigi\u00f3, en Uruguay con el Pe\u00f1arol y en M\u00e9xico con el Puebla FC y finalmente Tecos FC donde se retir\u00f3 como DT en 2007.<\/p>\n<\/div>\n<p><a href=\"https:\/\/www.liderendeportes.com\/noticias\/futbol\/internacional-football\/el-flaco-menotti-dejo-su-impronta-en-el-futbol\/\" class=\" target=\" title=\"El \u201cFlaco\u201d Menotti dej\u00f3 su impronta en el f\u00fatbol\" target=\"_blank\" rel=\"noopener\">Ver fuente<\/a><\/p>\n","protected":false},"excerpt":{"rendered":"<p>El pasado domingo, una de las leyendas del f\u00fatbol argentino y del mundo, C\u00e9sar Luis \u201cFlaco\u201d Menotti, se despidi\u00f3 de este plano a sus 85 a\u00f1os de edad, en Buenos Aires, Argentina. Dej\u00f3 huellas y grandes hitos en el f\u00fatbol internacional. \u201cCon profundo dolor, la Asociaci\u00f3n del F\u00fatbol Argentino lamenta informar con enorme tristeza el [&hellip;]<\/p>\n","protected":false},"author":2,"featured_media":2313,"comment_status":"open","ping_status":"closed","sticky":false,"template":"","format":"standard","meta":{"footnotes":""},"categories":[7],"tags":[],"class_list":["post-2312","post","type-post","status-publish","format-standard","has-post-thumbnail","hentry","category-deporte"],"_links":{"self":[{"href":"https:\/\/enfoquenoticioso.com\/index.php?rest_route=\/wp\/v2\/posts\/2312","targetHints":{"allow":["GET"]}}],"collection":[{"href":"https:\/\/enfoquenoticioso.com\/index.php?rest_route=\/wp\/v2\/posts"}],"about":[{"href":"https:\/\/enfoquenoticioso.com\/index.php?rest_route=\/wp\/v2\/types\/post"}],"author":[{"embeddable":true,"href":"https:\/\/enfoquenoticioso.com\/index.php?rest_route=\/wp\/v2\/users\/2"}],"replies":[{"embeddable":true,"href":"https:\/\/enfoquenoticioso.com\/index.php?rest_route=%2Fwp%2Fv2%2Fcomments&post=2312"}],"version-history":[{"count":0,"href":"https:\/\/enfoquenoticioso.com\/index.php?rest_route=\/wp\/v2\/posts\/2312\/revisions"}],"wp:featuredmedia":[{"embeddable":true,"href":"https:\/\/enfoquenoticioso.com\/index.php?rest_route=\/wp\/v2\/media\/2313"}],"wp:attachment":[{"href":"https:\/\/enfoquenoticioso.com\/index.php?rest_route=%2Fwp%2Fv2%2Fmedia&parent=2312"}],"wp:term":[{"taxonomy":"category","embeddable":true,"href":"https:\/\/enfoquenoticioso.com\/index.php?rest_route=%2Fwp%2Fv2%2Fcategories&post=2312"},{"taxonomy":"post_tag","embeddable":true,"href":"https:\/\/enfoquenoticioso.com\/index.php?rest_route=%2Fwp%2Fv2%2Ftags&post=2312"}],"curies":[{"name":"wp","href":"https:\/\/api.w.org\/{rel}","templated":true}]}}