{"id":2318,"date":"2024-05-11T06:39:40","date_gmt":"2024-05-11T06:39:40","guid":{"rendered":"https:\/\/enfoquenoticioso.com\/deporte\/neymar-no-va-a-la-copa-america\/"},"modified":"2024-05-11T06:39:40","modified_gmt":"2024-05-11T06:39:40","slug":"neymar-no-va-a-la-copa-america","status":"publish","type":"post","link":"https:\/\/enfoquenoticioso.com\/?p=2318","title":{"rendered":"Neymar no va a la Copa Am\u00e9rica"},"content":{"rendered":"<div data-td-block-uid=\"tdi_91\">\n<div class=\"tdb-block-inner td-fix-index\">\n<p>Neymar qued\u00f3 descartado por la selecci\u00f3n de Brasil para la pr\u00f3xima Copa Am\u00e9rica que se celebrar\u00e1 en EEUU. El goleador hist\u00f3rico de la Canarinha contin\u00faa recuperando del desgarro en el ligamento anterior cruzado.<\/p>\n<p>El delantero Richarlison y el mediocampista Casemiro, que fueron titulares con la selecci\u00f3n en la Copa Mundial de Qatar 2022, tambi\u00e9n quedaron fuera de la lista. Tambi\u00e9n el zaguero Thiago Silva.<\/p>\n<p>\u201cSon jugadores que tienen una historia con la selecci\u00f3n de Brasil y merecen respeto. Que no hayan sido convocados es una cuesti\u00f3n de tomar en consideraci\u00f3n lo que es lo mejor en este momento\u201d, explic\u00f3 el DT Dorival Jr.<\/p>\n<div id=\"ez-toc-container\" class=\"ez-toc-v2_0_81 counter-hierarchy ez-toc-counter ez-toc-grey ez-toc-container-direction\">\n<div class=\"ez-toc-title-container\">\n<p class=\"ez-toc-title\" style=\"cursor:inherit\">Tabla de Contenido<\/p>\n<span class=\"ez-toc-title-toggle\"><a href=\"#\" class=\"ez-toc-pull-right ez-toc-btn ez-toc-btn-xs ez-toc-btn-default ez-toc-toggle\" aria-label=\"Alternar tabla de contenidos\"><span class=\"ez-toc-js-icon-con\"><span class=\"\"><span class=\"eztoc-hide\" style=\"display:none;\">Toggle<\/span><span class=\"ez-toc-icon-toggle-span\"><svg style=\"fill: #999;color:#999\" xmlns=\"http:\/\/www.w3.org\/2000\/svg\" class=\"list-377408\" width=\"20px\" height=\"20px\" viewBox=\"0 0 24 24\" fill=\"none\"><path d=\"M6 6H4v2h2V6zm14 0H8v2h12V6zM4 11h2v2H4v-2zm16 0H8v2h12v-2zM4 16h2v2H4v-2zm16 0H8v2h12v-2z\" fill=\"currentColor\"><\/path><\/svg><svg style=\"fill: #999;color:#999\" class=\"arrow-unsorted-368013\" xmlns=\"http:\/\/www.w3.org\/2000\/svg\" width=\"10px\" height=\"10px\" viewBox=\"0 0 24 24\" version=\"1.2\" baseProfile=\"tiny\"><path d=\"M18.2 9.3l-6.2-6.3-6.2 6.3c-.2.2-.3.4-.3.7s.1.5.3.7c.2.2.4.3.7.3h11c.3 0 .5-.1.7-.3.2-.2.3-.5.3-.7s-.1-.5-.3-.7zM5.8 14.7l6.2 6.3 6.2-6.3c.2-.2.3-.5.3-.7s-.1-.5-.3-.7c-.2-.2-.4-.3-.7-.3h-11c-.3 0-.5.1-.7.3-.2.2-.3.5-.3.7s.1.5.3.7z\"\/><\/svg><\/span><\/span><\/span><\/a><\/span><\/div>\n<nav><ul class='ez-toc-list ez-toc-list-level-1 ' ><li class='ez-toc-page-1 ez-toc-heading-level-3'><a class=\"ez-toc-link ez-toc-heading-1\" href=\"https:\/\/enfoquenoticioso.com\/?p=2318\/#Endrick_la_gran_apuesta\" >Endrick la gran apuesta<\/a><\/li><li class='ez-toc-page-1 ez-toc-heading-level-3'><a class=\"ez-toc-link ez-toc-heading-2\" href=\"https:\/\/enfoquenoticioso.com\/?p=2318\/#Convocatoria_completa\" >Convocatoria completa:<\/a><\/li><\/ul><\/nav><\/div>\n<h3 class=\"wp-block-heading\"><span class=\"ez-toc-section\" id=\"Endrick_la_gran_apuesta\"><\/span><strong>Endrick la gran apuesta <\/strong><span class=\"ez-toc-section-end\"><\/span><\/h3>\n<p>Endrick  es la gran novedad de la convocatoria difundida el viernes. El delantero, de 17 a\u00f1os, que se incorporar\u00e1 al Real Madrid a partir de la pr\u00f3xima temporada, solo ha disputado dos partidos con Brasil desde que Dorival fue nombrado seleccionador en enero. Pero, al parecer, ha sido suficiente.<\/p>\n<p><strong>Lee tambi\u00e9n: <a href=\"https:\/\/www.liderendeportes.com\/noticias\/futbol\/internacional-football\/el-flaco-menotti-dejo-su-impronta-en-el-futbol\/\" target=\"_blank\" rel=\"noopener\">El \u201cFlaco\u201d Menotti dej\u00f3 su impronta en el f\u00fatbol<\/a><\/strong><\/p>\n<h3 class=\"wp-block-heading\"><span class=\"ez-toc-section\" id=\"Convocatoria_completa\"><\/span><strong>Convocatoria completa: <\/strong><span class=\"ez-toc-section-end\"><\/span><\/h3>\n<ul>\n<li>Porteros: Alisson (Liverpool), Ederson (Manchester City) y Bento (Athletic-PR).<\/li>\n<\/ul>\n<ul>\n<li>Laterales: Danilo (Juventus), Yan Couto (Girona), Guilherme Arana (Atl\u00e9tico-MG) y Wendell (Porto).<\/li>\n<\/ul>\n<ul>\n<li>Defensores: Beraldo (Paris Saint-Germain), Marquinhos (Paris Saint-Germain), Gabriel Magalh\u00e3es (Arsenal), Milit\u00e3o (Real Madrid).<\/li>\n<\/ul>\n<ul>\n<li>Centrocampistas: Andreas Pereira (Fulham), Bruno Guimar\u00e3es (Newcastle), Douglas Luiz (Aston Villa), Jo\u00e3o Gomes (Wolverhampton) y Lucas Paquet\u00e1 (West Ham).<\/li>\n<\/ul>\n<ul>\n<li>Delanteros: Endrick (Palmeiras), Martinelli (Arsenal), Evanilson (Porto), Raphinha (Barcelona), Rodrygo (Real Madrid), Savinho (Girona) y Vinicius Jr. (Real Madrid)<\/li>\n<\/ul>\n<p>Brasil disputar\u00e1 dos amistosos ante Estados Unidos y M\u00e9xico antes del torneo. Ya en la Copa Am\u00e9rica, compartir\u00e1 el Grupo D con:<\/p>\n<ul>\n<li>Costa Rica<\/li>\n<li>Colombia<\/li>\n<li>Paraguay<\/li>\n<\/ul>\n<\/div>\n<\/div>\n<p><a href=\"https:\/\/www.liderendeportes.com\/noticias\/futbol\/suramericano\/neymar-no-va-a-la-copa-america\/\" class=\" target=\" title=\"Neymar no va a la Copa Am\u00e9rica\" target=\"_blank\" rel=\"noopener\">Ver fuente<\/a><\/p>\n","protected":false},"excerpt":{"rendered":"<p>Neymar qued\u00f3 descartado por la selecci\u00f3n de Brasil para la pr\u00f3xima Copa Am\u00e9rica que se celebrar\u00e1 en EEUU. El goleador hist\u00f3rico de la Canarinha contin\u00faa recuperando del desgarro en el ligamento anterior cruzado. El delantero Richarlison y el mediocampista Casemiro, que fueron titulares con la selecci\u00f3n en la Copa Mundial de Qatar 2022, tambi\u00e9n quedaron [&hellip;]<\/p>\n","protected":false},"author":2,"featured_media":2319,"comment_status":"open","ping_status":"closed","sticky":false,"template":"","format":"standard","meta":{"footnotes":""},"categories":[7],"tags":[],"class_list":["post-2318","post","type-post","status-publish","format-standard","has-post-thumbnail","hentry","category-deporte"],"_links":{"self":[{"href":"https:\/\/enfoquenoticioso.com\/index.php?rest_route=\/wp\/v2\/posts\/2318","targetHints":{"allow":["GET"]}}],"collection":[{"href":"https:\/\/enfoquenoticioso.com\/index.php?rest_route=\/wp\/v2\/posts"}],"about":[{"href":"https:\/\/enfoquenoticioso.com\/index.php?rest_route=\/wp\/v2\/types\/post"}],"author":[{"embeddable":true,"href":"https:\/\/enfoquenoticioso.com\/index.php?rest_route=\/wp\/v2\/users\/2"}],"replies":[{"embeddable":true,"href":"https:\/\/enfoquenoticioso.com\/index.php?rest_route=%2Fwp%2Fv2%2Fcomments&post=2318"}],"version-history":[{"count":0,"href":"https:\/\/enfoquenoticioso.com\/index.php?rest_route=\/wp\/v2\/posts\/2318\/revisions"}],"wp:featuredmedia":[{"embeddable":true,"href":"https:\/\/enfoquenoticioso.com\/index.php?rest_route=\/wp\/v2\/media\/2319"}],"wp:attachment":[{"href":"https:\/\/enfoquenoticioso.com\/index.php?rest_route=%2Fwp%2Fv2%2Fmedia&parent=2318"}],"wp:term":[{"taxonomy":"category","embeddable":true,"href":"https:\/\/enfoquenoticioso.com\/index.php?rest_route=%2Fwp%2Fv2%2Fcategories&post=2318"},{"taxonomy":"post_tag","embeddable":true,"href":"https:\/\/enfoquenoticioso.com\/index.php?rest_route=%2Fwp%2Fv2%2Ftags&post=2318"}],"curies":[{"name":"wp","href":"https:\/\/api.w.org\/{rel}","templated":true}]}}