{"id":2334,"date":"2024-05-11T13:39:31","date_gmt":"2024-05-11T13:39:31","guid":{"rendered":"https:\/\/enfoquenoticioso.com\/tecnologia\/es-un-problema-enorme-enorme\/"},"modified":"2024-05-11T13:39:31","modified_gmt":"2024-05-11T13:39:31","slug":"es-un-problema-enorme-enorme","status":"publish","type":"post","link":"https:\/\/enfoquenoticioso.com\/?p=2334","title":{"rendered":"\u201cEs un problema enorme, enorme\u201d"},"content":{"rendered":"<div>\n<p>A estas alturas ya nadie duda que la IA es uno de los mayores avances en materia tecnol\u00f3gica <a href=\"https:\/\/www.xataka.com\/robotica-e-ia\/google-tiene-motivos-para-estar-preocupado-openai-apunta-a-su-yugular-futuro-buscador-basado-chatgpt\" target=\"_blank\" rel=\"noopener\">de los \u00faltimos 50 a\u00f1os.<\/a> Sin embargo, todav\u00eda no se sabe con certeza el <a href=\"https:\/\/www.xataka.com\/robotica-e-ia\/cuanto-sabemos-evolucion-internet-nos-acercamos-a-conclusion-bots-pueden-matarla\" target=\"_blank\" rel=\"noopener\">impacto real<\/a> de la inteligencia artificial en la econom\u00eda o en la <a href=\"https:\/\/www.xataka.com\/empresas-y-economia\/estamos-usando-ia-trabajo-decirselo-a-nuestros-jefes-empresas-tienen-dilema\" target=\"_blank\" rel=\"noopener\">gesti\u00f3n de las empresas<\/a>.<\/p>\n<p><!-- BREAK 1 --> <\/p>\n<p><a href=\"https:\/\/www.xataka.com\/empresas-y-economia\/quien-sam-altman-mente-empresarial-openai-chatgpt-dall-e-hombre-negocios-precoz-ia\" target=\"_blank\" rel=\"noopener\">Sam Altman<\/a>, CEO de OpenAI, no parece muy convencido de que el mundo haya comprendido <a href=\"https:\/\/www.xataka.com\/magnet\/necesitas-ayuda-legal-quizas-robot-pueda-defenderte-juicio-estas-dispuesto-claro\" target=\"_blank\" rel=\"noopener\">el alcance de la tecnolog\u00eda<\/a> que alimenta a modelos de inteligencia artificial como su ChatGPT.<\/p>\n<p><!-- BREAK 2 --><\/p>\n<p>En una <a rel=\"noopener, noreferrer\" href=\"https:\/\/www.youtube.com\/watch?v=sdHCU4jj1u8\" target=\"_blank\">entrevista para<\/a> <em>Brookings Institution<\/em> a principios de semana, Altman afirm\u00f3 que el <strong>impacto de la IA en la econom\u00eda <\/strong>deber\u00eda ser una preocupaci\u00f3n prioritaria para la ciudadan\u00eda. \u201cTengo miedo de que no nos lo estemos tomando lo suficientemente en serio\u201d, declaraba el responsable de OpenAI.<\/p>\n<p><!-- BREAK 3 --> <\/p>\n<div id=\"ez-toc-container\" class=\"ez-toc-v2_0_81 counter-hierarchy ez-toc-counter ez-toc-grey ez-toc-container-direction\">\n<div class=\"ez-toc-title-container\">\n<p class=\"ez-toc-title\" style=\"cursor:inherit\">Tabla de Contenido<\/p>\n<span class=\"ez-toc-title-toggle\"><a href=\"#\" class=\"ez-toc-pull-right ez-toc-btn ez-toc-btn-xs ez-toc-btn-default ez-toc-toggle\" aria-label=\"Alternar tabla de contenidos\"><span class=\"ez-toc-js-icon-con\"><span class=\"\"><span class=\"eztoc-hide\" style=\"display:none;\">Toggle<\/span><span class=\"ez-toc-icon-toggle-span\"><svg style=\"fill: #999;color:#999\" xmlns=\"http:\/\/www.w3.org\/2000\/svg\" class=\"list-377408\" width=\"20px\" height=\"20px\" viewBox=\"0 0 24 24\" fill=\"none\"><path d=\"M6 6H4v2h2V6zm14 0H8v2h12V6zM4 11h2v2H4v-2zm16 0H8v2h12v-2zM4 16h2v2H4v-2zm16 0H8v2h12v-2z\" fill=\"currentColor\"><\/path><\/svg><svg style=\"fill: #999;color:#999\" class=\"arrow-unsorted-368013\" xmlns=\"http:\/\/www.w3.org\/2000\/svg\" width=\"10px\" height=\"10px\" viewBox=\"0 0 24 24\" version=\"1.2\" baseProfile=\"tiny\"><path d=\"M18.2 9.3l-6.2-6.3-6.2 6.3c-.2.2-.3.4-.3.7s.1.5.3.7c.2.2.4.3.7.3h11c.3 0 .5-.1.7-.3.2-.2.3-.5.3-.7s-.1-.5-.3-.7zM5.8 14.7l6.2 6.3 6.2-6.3c.2-.2.3-.5.3-.7s-.1-.5-.3-.7c-.2-.2-.4-.3-.7-.3h-11c-.3 0-.5.1-.7.3-.2.2-.3.5-.3.7s.1.5.3.7z\"\/><\/svg><\/span><\/span><\/span><\/a><\/span><\/div>\n<nav><ul class='ez-toc-list ez-toc-list-level-1 ' ><li class='ez-toc-page-1 ez-toc-heading-level-2'><a class=\"ez-toc-link ez-toc-heading-1\" href=\"https:\/\/enfoquenoticioso.com\/?p=2334\/#Sam_Altman_recuerda_que_no_se_puede_obviar_el_impacto_de_IA\" >Sam Altman recuerda que no se puede obviar el impacto de IA<\/a><\/li><\/ul><\/nav><\/div>\n<h2><span class=\"ez-toc-section\" id=\"Sam_Altman_recuerda_que_no_se_puede_obviar_el_impacto_de_IA\"><\/span>Sam Altman recuerda que no se puede obviar el impacto de IA<span class=\"ez-toc-section-end\"><\/span><\/h2>\n<p>\u00abLo que m\u00e1s me preocupa ahora mismo es la velocidad y la magnitud de los cambios socioecon\u00f3micos y sus repercusiones\u00bb, haciendo referencia a la baja intensidad que est\u00e1n teniendo los debates sobre las <a href=\"https:\/\/www.xataka.com\/robotica-e-ia\/sam-altman-hablo-invertir-siete-billones-dolares-chips-barbaridad-ha-explicado-mejor-cifra\" target=\"_blank\" rel=\"noopener\">implicaciones econ\u00f3micas<\/a> y laborales de la IA con respecto al a\u00f1o pasado.<\/p>\n<p><!-- BREAK 4 --><\/p>\n<p>En opini\u00f3n del fundador de OpenAI, tras la expectaci\u00f3n del lanzamiento de ChatGPT 4.0, el debate sobre las implicaciones de esta tecnolog\u00eda en \u00e1reas como <a href=\"https:\/\/www.xataka.com\/robotica-e-ia\/sam-altman-tiene-claro-que-hay-trabajos-van-a-desaparecer-punto-que-no-esta-claro-cuales\" target=\"_blank\" rel=\"noopener\">la destrucci\u00f3n de puestos de trabajo<\/a> perdi\u00f3 inter\u00e9s. \u201cGPT-4 no tuvo un gran impacto detectable en la econom\u00eda, as\u00ed que la gente se qued\u00f3 en plan: \u2018Bueno, quiz\u00e1s est\u00e1bamos demasiado preocupados por eso, y eso no es un problema\u201d, dijo Altman. \u201cMe temo que en el futuro no nos lo tomaremos lo suficientemente en serio, y es un problema enorme\u201d.<\/p>\n<p><!-- BREAK 5 --><\/p>\n<div class=\"article-asset article-asset-normal article-asset-center\">\n<div class=\"desvio-container\">\n<div class=\"desvio\">\n<div class=\"desvio-figure js-desvio-figure\">\n    <a href=\"https:\/\/www.xataka.com\/basics\/gpt-4-que-como-funciona-como-usarlo-que-puedes-hacer-este-modelo-lenguaje-inteligencia-artificial\" target=\"_blank\" rel=\"noopener\"><br \/>\n     <img loading=\"lazy\" decoding=\"async\" alt=\"GPT-4: qu\u00e9 es, c\u00f3mo funciona, c\u00f3mo usarlo, qu\u00e9 puedes hacer con este modelo de lenguaje por inteligencia artificial\" width=\"375\" height=\"142\" src=\"https:\/\/i.blogs.es\/f68026\/gpt4-que-es\/375_142.jpeg\"\/><br \/>\n    <\/a>\n   <\/div>\n<\/p><\/div>\n<\/p><\/div>\n<\/div>\n<p>Un <a rel=\"noopener, noreferrer\" href=\"https:\/\/www.imf.org\/en\/Publications\/Staff-Discussion-Notes\/Issues\/2024\/01\/14\/Gen-AI-Artificial-Intelligence-and-the-Future-of-Work-542379\" target=\"_blank\">reciente estudio<\/a> del Fondo Monetario Internacional (FMI) revel\u00f3 que la IA podr\u00eda <strong>afectar alrededor del 60% de los empleos<\/strong> en pa\u00edses con econom\u00edas avanzadas, y se estima que dejar\u00eda un 50% de los puestos susceptibles de ser automatizados.<\/p>\n<p><!-- BREAK 6 --> <\/p>\n<p>Esto podr\u00eda traducirse en menos contrataciones para puestos menos especializados y salarios m\u00e1s bajos. El <a rel=\"noopener, noreferrer\" href=\"https:\/\/www.mckinsey.com\/mgi\/our-research\/generative-ai-and-the-future-of-work-in-america\" target=\"_blank\">informe<\/a> \u2018<em>Generative AI and the future of work in America\u2019<\/em> elaborado por McKinsey, estima que casi 12 millones de trabajadores estadounidenses podr\u00edan necesitar cambiar de trabajo para 2030 motivados, directa o indirectamente, por la implantaci\u00f3n de la IA generativa.<\/p>\n<p><!-- BREAK 7 --><\/p>\n<p>Los empleados <strong>ya sienten el impacto de la IA <\/strong>en determinados empleos susceptibles de automatizaci\u00f3n por la llegada de los chatbots basados en IA. Sin embargo, la otra cara de la moneda de la IA es que, aquellos que saben utilizar la IA, pueden ahorrar tiempo, aumentar la productividad y <a href=\"https:\/\/www.xataka.com\/robotica-e-ia\/hay-mil-modelos-ia-mundo-solo-puesto-directivo-para-dominarlos-a-todos-chief-artificial-intelligence-officer\" target=\"_blank\" rel=\"noopener\">abrirse nuevos caminos profesionales<\/a>.<\/p>\n<p><!-- BREAK 8 --><\/p>\n<p>M\u00e1s de una destrucci\u00f3n de empleo como tal, lo que los an\u00e1lisis sugieren va m\u00e1s en la l\u00ednea de un desplazamiento de las capacidades laborales. El <a rel=\"noopener, noreferrer\" href=\"https:\/\/www.ecb.europa.eu\/pub\/pdf\/scpwps\/ecb.wp2831~fabeeb6849.en.pdf\" target=\"_blank\">informe<\/a> \u2018<em>New Technologies and Jobs in Europe<\/em>\u2019 elaborado por el Banco Central Europeo, sugiere \u201cefectos entre neutros y ligeramente negativos\u201d sobre los ingresos de los trabajadores\u201d.<br \/>\u201cHist\u00f3ricamente, las olas de innovaci\u00f3n se han asociado con la <a href=\"https:\/\/www.xataka.com\/robotica-e-ia\/la-tecnologia-crea-mas-puestos-de-trabajo-de-los-que-destruye-segun-deloitte\" target=\"_blank\" rel=\"noopener\">ansiedad sobre el futuro del empleo<\/a>\u201d, indica el informe del Banco Central Europeo. Se espera que la IA tenga un triple efecto sobre la pol\u00edtica laboral:<\/p>\n<p><!-- BREAK 9 --><\/p>\n<ul>\n<li>De desplazamiento, por la automatizaci\u00f3n de las tareas.<\/li>\n<li>Incremento en la productividad, al optimizar los procesos de fabricaci\u00f3n.<\/li>\n<li>De recolocaci\u00f3n, al sustituir un determinado perfil de empleo, por otros nuevos que responden a la implementaci\u00f3n de nuevas tareas de creaci\u00f3n, control y gesti\u00f3n de esa IA.<\/li>\n<\/ul>\n<p>Algo m\u00e1s pesimistas son las estimaciones del <a rel=\"noopener, noreferrer\" href=\"https:\/\/www.randstadresearch.es\/ia-mercado-trabajo-espana\/\" target=\"_blank\">estudio<\/a> \u2018IA y mercado de trabajo en Espa\u00f1a\u2019 de Randstad, que calcula que la inteligencia artificial destruir\u00e1 dos millones de puestos de trabajo, que se compensar\u00e1n con la <strong>aparici\u00f3n de 1,6 millones de nuevos empleos<\/strong>, dejando un balance negativo de 400.000 empleos en el mercado laboral espa\u00f1ol.<\/p>\n<p><!-- BREAK 10 --> <\/p>\n<p>\u201cCon la IA vamos a experimentar una nueva revoluci\u00f3n econ\u00f3mica, ya que se estima que a nivel global el 18% del trabajo podr\u00eda estar m\u00e1s o menos afectado por la automatizaci\u00f3n y el PIB mundial podr\u00eda aumentar en un 7% como consecuencia del impulso a la productividad laboral\u201d, se\u00f1ala Valent\u00edn Bote, director de Randstad Research.<\/p>\n<p><!-- BREAK 11 --><\/p>\n<p>En Xataka | <a href=\"https:\/\/www.xataka.com\/empresas-y-economia\/dilema-sam-altman-odia-teletrabajo-adora-silencio-menor-coste-laboral-retencion-talento\" target=\"_blank\" rel=\"noopener\">El dilema de Sam Altman: odia el teletrabajo, pero adora el silencio, el menor coste laboral y la retenci\u00f3n de talento<\/a><\/p>\n<p><!-- BREAK 12 --><\/p>\n<p>Imagen | Flickr (<a rel=\"noopener, noreferrer\" href=\"https:\/\/www.flickr.com\/photos\/techcrunch\/\" target=\"_blank\">TechCrunch<\/a>)<\/p>\n<p><!-- BREAK 13 -->\n <\/div>\n<p><a href=\"https:\/\/www.xataka.com\/robotica-e-ia\/sam-altman-no-trae-buenas-noticias-impacto-ia-empleo-problema-enorme-enorme\" class=\" target=\" title=\"\u201cEs un problema enorme, enorme\u201d\" target=\"_blank\" rel=\"noopener\">Ver fuente<\/a><\/p>\n","protected":false},"excerpt":{"rendered":"<p>A estas alturas ya nadie duda que la IA es uno de los mayores avances en materia tecnol\u00f3gica de los \u00faltimos 50 a\u00f1os. Sin embargo, todav\u00eda no se sabe con certeza el impacto real de la inteligencia artificial en la econom\u00eda o en la gesti\u00f3n de las empresas. Sam Altman, CEO de OpenAI, no parece [&hellip;]<\/p>\n","protected":false},"author":2,"featured_media":2335,"comment_status":"open","ping_status":"closed","sticky":false,"template":"","format":"standard","meta":{"footnotes":""},"categories":[9],"tags":[],"class_list":["post-2334","post","type-post","status-publish","format-standard","has-post-thumbnail","hentry","category-tecnologia"],"_links":{"self":[{"href":"https:\/\/enfoquenoticioso.com\/index.php?rest_route=\/wp\/v2\/posts\/2334","targetHints":{"allow":["GET"]}}],"collection":[{"href":"https:\/\/enfoquenoticioso.com\/index.php?rest_route=\/wp\/v2\/posts"}],"about":[{"href":"https:\/\/enfoquenoticioso.com\/index.php?rest_route=\/wp\/v2\/types\/post"}],"author":[{"embeddable":true,"href":"https:\/\/enfoquenoticioso.com\/index.php?rest_route=\/wp\/v2\/users\/2"}],"replies":[{"embeddable":true,"href":"https:\/\/enfoquenoticioso.com\/index.php?rest_route=%2Fwp%2Fv2%2Fcomments&post=2334"}],"version-history":[{"count":0,"href":"https:\/\/enfoquenoticioso.com\/index.php?rest_route=\/wp\/v2\/posts\/2334\/revisions"}],"wp:featuredmedia":[{"embeddable":true,"href":"https:\/\/enfoquenoticioso.com\/index.php?rest_route=\/wp\/v2\/media\/2335"}],"wp:attachment":[{"href":"https:\/\/enfoquenoticioso.com\/index.php?rest_route=%2Fwp%2Fv2%2Fmedia&parent=2334"}],"wp:term":[{"taxonomy":"category","embeddable":true,"href":"https:\/\/enfoquenoticioso.com\/index.php?rest_route=%2Fwp%2Fv2%2Fcategories&post=2334"},{"taxonomy":"post_tag","embeddable":true,"href":"https:\/\/enfoquenoticioso.com\/index.php?rest_route=%2Fwp%2Fv2%2Ftags&post=2334"}],"curies":[{"name":"wp","href":"https:\/\/api.w.org\/{rel}","templated":true}]}}