{"id":23847,"date":"2024-09-25T19:34:32","date_gmt":"2024-09-25T19:34:32","guid":{"rendered":"https:\/\/enfoquenoticioso.com\/noticias\/orluis-aular-ficho-con-el-equipo-movistar\/"},"modified":"2024-09-25T19:34:32","modified_gmt":"2024-09-25T19:34:32","slug":"orluis-aular-ficho-con-el-equipo-movistar","status":"publish","type":"post","link":"https:\/\/enfoquenoticioso.com\/?p=23847","title":{"rendered":"Orluis Aular fich\u00f3 con el equipo Movistar"},"content":{"rendered":"<div>\n<p>El equipo Movistar confirm\u00f3 este mi\u00e9rcoles el fichaje para las dos pr\u00f3ximas temporadas del venezolano Orluis Aular, corredor las dos \u00faltimas campa\u00f1as del Caja Rural-Seguros RGA. El seis veces campe\u00f3n nacional, dos en la prueba de l\u00ednea y cuatro en la contrarreloj individual, gan\u00f3 tambi\u00e9n este a\u00f1o.<\/p>\n<p>Orluis Aular (Nirgua, 1996) se incorpora al equipo que dirige Eusebio Unzu\u00e9 despu\u00e9s de triunfos en citas profesionales como el \u00faltimo Trofeo Matteotti o Limousin. Tambi\u00e9n logr\u00f3 la clasificaci\u00f3n final de la CRO Race o las generales de la Vuelta al Alentejo y Torres Vedras.<\/p>\n<p>Su palmar\u00e9s incluye los Juegos Centroamericanos de 2023 y dos segundos puestos en citas \u00abworldtour\u00bb, la pen\u00faltima etapa de la Itzulia 2024 y la s\u00e9ptima de La Vuelta 2023. All\u00ed solo el franc\u00e9s Geoffrey Soupe le super\u00f3 en el esprint masivo.<\/p>\n<p>Movistar record\u00f3 que Orluis Aular toma el relevo de Jos\u00e9 Rujano, miembro de la plantilla de Abarca Sports en 2008, como segundo talento de Venezuela que se integra ahora a sus filas.<\/p>\n<p>\u00abNunca imagin\u00e9 llegar al WorldTour. Siempre tuve como objetivo ir paso a paso. Busqu\u00e9 llegar a Europa, y gracias a Jes\u00fas Rodr\u00edguez Magro pude competir en Espa\u00f1a con el EC Cartucho. Pas\u00e9 despu\u00e9s a B\u00e9lgica durante dos a\u00f1os, un lugar en el que aprend\u00ed much\u00edsimo; de all\u00ed salt\u00e9 a Jap\u00f3n; y desde ah\u00ed logr\u00e9 mi objetivo de, al menos, ser ProConti con Caja Rural, a quienes agradezco mucho la oportunidad que me dieron en su d\u00eda\u00bb, declar\u00f3 Aular.<\/p>\n<div id=\"ez-toc-container\" class=\"ez-toc-v2_0_81 counter-hierarchy ez-toc-counter ez-toc-grey ez-toc-container-direction\">\n<div class=\"ez-toc-title-container\">\n<p class=\"ez-toc-title\" style=\"cursor:inherit\">Tabla de Contenido<\/p>\n<span class=\"ez-toc-title-toggle\"><a href=\"#\" class=\"ez-toc-pull-right ez-toc-btn ez-toc-btn-xs ez-toc-btn-default ez-toc-toggle\" aria-label=\"Alternar tabla de contenidos\"><span class=\"ez-toc-js-icon-con\"><span class=\"\"><span class=\"eztoc-hide\" style=\"display:none;\">Toggle<\/span><span class=\"ez-toc-icon-toggle-span\"><svg style=\"fill: #999;color:#999\" xmlns=\"http:\/\/www.w3.org\/2000\/svg\" class=\"list-377408\" width=\"20px\" height=\"20px\" viewBox=\"0 0 24 24\" fill=\"none\"><path d=\"M6 6H4v2h2V6zm14 0H8v2h12V6zM4 11h2v2H4v-2zm16 0H8v2h12v-2zM4 16h2v2H4v-2zm16 0H8v2h12v-2z\" fill=\"currentColor\"><\/path><\/svg><svg style=\"fill: #999;color:#999\" class=\"arrow-unsorted-368013\" xmlns=\"http:\/\/www.w3.org\/2000\/svg\" width=\"10px\" height=\"10px\" viewBox=\"0 0 24 24\" version=\"1.2\" baseProfile=\"tiny\"><path d=\"M18.2 9.3l-6.2-6.3-6.2 6.3c-.2.2-.3.4-.3.7s.1.5.3.7c.2.2.4.3.7.3h11c.3 0 .5-.1.7-.3.2-.2.3-.5.3-.7s-.1-.5-.3-.7zM5.8 14.7l6.2 6.3 6.2-6.3c.2-.2.3-.5.3-.7s-.1-.5-.3-.7c-.2-.2-.4-.3-.7-.3h-11c-.3 0-.5.1-.7.3-.2.2-.3.5-.3.7s.1.5.3.7z\"\/><\/svg><\/span><\/span><\/span><\/a><\/span><\/div>\n<nav><ul class='ez-toc-list ez-toc-list-level-1 ' ><li class='ez-toc-page-1 ez-toc-heading-level-2'><a class=\"ez-toc-link ez-toc-heading-1\" href=\"https:\/\/enfoquenoticioso.com\/?p=23847\/#Orluis_Aular_tuvo_su_mejor_ano_en_2024\" >Orluis Aular tuvo su mejor a\u00f1o en 2024<\/a><\/li><\/ul><\/nav><\/div>\n<h2><span class=\"ez-toc-section\" id=\"Orluis_Aular_tuvo_su_mejor_ano_en_2024\"><\/span>Orluis Aular tuvo su mejor a\u00f1o en 2024<span class=\"ez-toc-section-end\"><\/span><\/h2>\n<p>El ciclista se\u00f1al\u00f3 que \u00abhan sido a\u00f1os de mucho trabajo y dedicaci\u00f3n para tener esta bonita oportunidad con Movistar Team\u00bb. Con el equipo seguir\u00e1 \u00abbuscando ser un corredor polivalente y mostrando\u00bb que tiene \u00abmargen de mejora\u00bb.<\/p>\n<blockquote class=\"twitter-tweet\">\n<p dir=\"ltr\" lang=\"es\"> <a href=\"https:\/\/twitter.com\/aular_orluis?ref_src=twsrc%5Etfw\" target=\"_blank\" rel=\"noopener\">@aular_orluis<\/a> se une a Movistar Team para las dos pr\u00f3ximas temporadas, procedente de <a href=\"https:\/\/twitter.com\/CajaRural_RGA?ref_src=twsrc%5Etfw\" target=\"_blank\" rel=\"noopener\">@CajaRural_RGA<\/a>.<\/p>\n<p>Talento y explosividad para todos los terrenos \u2192 <a href=\"https:\/\/t.co\/Tgfql2PIVE\">https:\/\/t.co\/Tgfql2PIVE<\/a><a href=\"https:\/\/twitter.com\/hashtag\/RodamosJuntos?src=hash&amp;ref_src=twsrc%5Etfw\" target=\"_blank\" rel=\"noopener\">#RodamosJuntos<\/a> | <a href=\"https:\/\/twitter.com\/Telefonica?ref_src=twsrc%5Etfw\" target=\"_blank\" rel=\"noopener\">@Telefonica<\/a> <a href=\"https:\/\/t.co\/UvCzgFQ7fP\">pic.twitter.com\/UvCzgFQ7fP<\/a><\/p>\n<p>\u2014 Movistar Team (@Movistar_Team) <a href=\"https:\/\/twitter.com\/Movistar_Team\/status\/1838866042807804388?ref_src=twsrc%5Etfw\" target=\"_blank\" rel=\"noopener\">September 25, 2024<\/a><\/p>\n<\/blockquote>\n<p>\u00abMe hace muy feliz y, a la vez, me brota muchos sentimientos, porque no ha sido nada sencillo. 2024 ha sido mi mejor a\u00f1o. Temporada tras temporada he ido mejorando, y este a\u00f1o he podido mantener mucha constancia en rendimiento y resultados, con la voluntad de llegar al WorldTour. Creo que ese deseo me ha impulsado a trabajar como nunca antes\u00bb, a\u00f1adi\u00f3 Orluis Aular.<\/p>\n<p>\u00a0<\/p>\n<\/div>\n<p><script async src=\"\/\/platform.twitter.com\/widgets.js\" charset=\"utf-8\"><\/script><br \/>\n<br \/><a href=\"https:\/\/noticiasaldiayalahora.co\/deportes\/orluis-aular-ficho-con-el-equipo-movistar\/\" class=\" target=\" title=\"Orluis Aular fich\u00f3 con el equipo Movistar\" target=\"_blank\" rel=\"noopener\">Ver fuente<\/a><\/p>\n","protected":false},"excerpt":{"rendered":"<p>El equipo Movistar confirm\u00f3 este mi\u00e9rcoles el fichaje para las dos pr\u00f3ximas temporadas del venezolano Orluis Aular, corredor las dos \u00faltimas campa\u00f1as del Caja Rural-Seguros RGA. El seis veces campe\u00f3n nacional, dos en la prueba de l\u00ednea y cuatro en la contrarreloj individual, gan\u00f3 tambi\u00e9n este a\u00f1o. Orluis Aular (Nirgua, 1996) se incorpora al equipo [&hellip;]<\/p>\n","protected":false},"author":2,"featured_media":23848,"comment_status":"open","ping_status":"closed","sticky":false,"template":"","format":"standard","meta":{"footnotes":""},"categories":[1],"tags":[],"class_list":["post-23847","post","type-post","status-publish","format-standard","has-post-thumbnail","hentry","category-noticias"],"_links":{"self":[{"href":"https:\/\/enfoquenoticioso.com\/index.php?rest_route=\/wp\/v2\/posts\/23847","targetHints":{"allow":["GET"]}}],"collection":[{"href":"https:\/\/enfoquenoticioso.com\/index.php?rest_route=\/wp\/v2\/posts"}],"about":[{"href":"https:\/\/enfoquenoticioso.com\/index.php?rest_route=\/wp\/v2\/types\/post"}],"author":[{"embeddable":true,"href":"https:\/\/enfoquenoticioso.com\/index.php?rest_route=\/wp\/v2\/users\/2"}],"replies":[{"embeddable":true,"href":"https:\/\/enfoquenoticioso.com\/index.php?rest_route=%2Fwp%2Fv2%2Fcomments&post=23847"}],"version-history":[{"count":0,"href":"https:\/\/enfoquenoticioso.com\/index.php?rest_route=\/wp\/v2\/posts\/23847\/revisions"}],"wp:featuredmedia":[{"embeddable":true,"href":"https:\/\/enfoquenoticioso.com\/index.php?rest_route=\/wp\/v2\/media\/23848"}],"wp:attachment":[{"href":"https:\/\/enfoquenoticioso.com\/index.php?rest_route=%2Fwp%2Fv2%2Fmedia&parent=23847"}],"wp:term":[{"taxonomy":"category","embeddable":true,"href":"https:\/\/enfoquenoticioso.com\/index.php?rest_route=%2Fwp%2Fv2%2Fcategories&post=23847"},{"taxonomy":"post_tag","embeddable":true,"href":"https:\/\/enfoquenoticioso.com\/index.php?rest_route=%2Fwp%2Fv2%2Ftags&post=23847"}],"curies":[{"name":"wp","href":"https:\/\/api.w.org\/{rel}","templated":true}]}}