{"id":23892,"date":"2024-09-25T23:22:14","date_gmt":"2024-09-25T23:22:14","guid":{"rendered":"https:\/\/enfoquenoticioso.com\/noticias\/real-sociedad-empata-en-niza-manchester-united-y-oporto-tampoco-empiezan-bien\/"},"modified":"2024-09-25T23:22:14","modified_gmt":"2024-09-25T23:22:14","slug":"real-sociedad-empata-en-niza-manchester-united-y-oporto-tampoco-empiezan-bien","status":"publish","type":"post","link":"https:\/\/enfoquenoticioso.com\/?p=23892","title":{"rendered":"Real Sociedad empata en Niza, Manchester United y Oporto tampoco empiezan bien"},"content":{"rendered":"<div>\n<p>La Real Sociedad, uno de los dos representantes de la Liga espa\u00f1ola en la Europa League, inici\u00f3 su recorrido en la segunda competici\u00f3n europea con un empate (1-1) este mi\u00e9rcoles en la cancha del Niza franc\u00e9s, mientras que aspirantes al t\u00edtulo como Manchester United y Oporto tampoco comenzaron con buen pie.<\/p>\n<p>En el Allianz Riviera de Niza, ante un equipo que ven\u00eda de ganar 8-0 en su precedente partido (en Ligue 1 ante Saint-Etienne), los hombres de Imanol Alguacil se adelantaron con un derechazo desde la frontal del delantero Ander Barrenetxea (18), pero el volante neerland\u00e9s Pablo Rosario firm\u00f3 la igualada justo antes del descanso (45) por medio de un disparo cruzado.<\/p>\n<p>\u00abCuando no se puede ganar, por lo menos no perder, y es lo que hemos hecho, un punto, el primero en esta Europa League, fuera de casa, ante un equipo muy potente que seguro que va a dar mucho que hablar\u00bb, valor\u00f3 Imanol, que form\u00f3 con nueve canteranos en el once inicial. \u00abPara muchos era el primer partido como titulares, en un gran escenario, con un equipo que est\u00e1 en un gran momento, y en ning\u00fan momento nos pes\u00f3 el escenario\u00bb, explic\u00f3.<\/p>\n<p>En el conjunto local no pudo jugar el delantero franc\u00e9s Mohamed-Ali Cho, ex de la Real, por lesi\u00f3n.<\/p>\n<p>En la pr\u00f3xima jornada de la Europa League la Real Sociedad recibir\u00e1 al Anderlecht belga, que derrot\u00f3 2-1 al Ferencvaros h\u00fangaro.<\/p>\n<p>Pero antes, el equipo \u2018txuriurdin\u2019 deber\u00e1 centrarse en el campeonato dom\u00e9stico, en el que, tras siete fechas s\u00f3lo ha ganado un partido y coquetea con la zona de descenso.<\/p>\n<p>El Athletic Club de Bilbao visita el jueves a la AS Roma (19h00 GMT) con la vista puesta en una final que se disputar\u00e1 en su estadio de San Mam\u00e9s.<\/p>\n<p>Tampoco empez\u00f3 bien la Europa League uno de los grandes aspirantes a levantar el t\u00edtulo el 21 de mayo. Los \u2018Diablos Rojos\u2019 tambi\u00e9n arrastran sus problemas en el campeonato dom\u00e9stico -son und\u00e9cimos en la Premier- a la competici\u00f3n europea, donde no pasaron del empate a uno en Old Trafford ante el Twente.<\/p>\n<div id=\"ez-toc-container\" class=\"ez-toc-v2_0_81 counter-hierarchy ez-toc-counter ez-toc-grey ez-toc-container-direction\">\n<div class=\"ez-toc-title-container\">\n<p class=\"ez-toc-title\" style=\"cursor:inherit\">Tabla de Contenido<\/p>\n<span class=\"ez-toc-title-toggle\"><a href=\"#\" class=\"ez-toc-pull-right ez-toc-btn ez-toc-btn-xs ez-toc-btn-default ez-toc-toggle\" aria-label=\"Alternar tabla de contenidos\"><span class=\"ez-toc-js-icon-con\"><span class=\"\"><span class=\"eztoc-hide\" style=\"display:none;\">Toggle<\/span><span class=\"ez-toc-icon-toggle-span\"><svg style=\"fill: #999;color:#999\" xmlns=\"http:\/\/www.w3.org\/2000\/svg\" class=\"list-377408\" width=\"20px\" height=\"20px\" viewBox=\"0 0 24 24\" fill=\"none\"><path d=\"M6 6H4v2h2V6zm14 0H8v2h12V6zM4 11h2v2H4v-2zm16 0H8v2h12v-2zM4 16h2v2H4v-2zm16 0H8v2h12v-2z\" fill=\"currentColor\"><\/path><\/svg><svg style=\"fill: #999;color:#999\" class=\"arrow-unsorted-368013\" xmlns=\"http:\/\/www.w3.org\/2000\/svg\" width=\"10px\" height=\"10px\" viewBox=\"0 0 24 24\" version=\"1.2\" baseProfile=\"tiny\"><path d=\"M18.2 9.3l-6.2-6.3-6.2 6.3c-.2.2-.3.4-.3.7s.1.5.3.7c.2.2.4.3.7.3h11c.3 0 .5-.1.7-.3.2-.2.3-.5.3-.7s-.1-.5-.3-.7zM5.8 14.7l6.2 6.3 6.2-6.3c.2-.2.3-.5.3-.7s-.1-.5-.3-.7c-.2-.2-.4-.3-.7-.3h-11c-.3 0-.5.1-.7.3-.2.2-.3.5-.3.7s.1.5.3.7z\"\/><\/svg><\/span><\/span><\/span><\/a><\/span><\/div>\n<nav><ul class='ez-toc-list ez-toc-list-level-1 ' ><li class='ez-toc-page-1 ez-toc-heading-level-2'><a class=\"ez-toc-link ez-toc-heading-1\" href=\"https:\/\/enfoquenoticioso.com\/?p=23892\/#Icardi_marca_con_Galatasaray\" >Icardi marca con Galatasaray<\/a><\/li><\/ul><\/nav><\/div>\n<h2><span class=\"ez-toc-section\" id=\"Icardi_marca_con_Galatasaray\"><\/span>Icardi marca con Galatasaray<span class=\"ez-toc-section-end\"><\/span><\/h2>\n<p>El centrocampist\u00e1 dan\u00e9s Christian Eriksen adelant\u00f3 al equipo dirigido por Erik ten Hag (35), pero los neerlandeses empataron por medio de Sam Lammers (68) bajo la lluvia de M\u00e1nchester.<\/p>\n<p>\u00abNo perdimos, pero se siente como una derrota\u00bb, confes\u00f3 Eriksen.<\/p>\n<p>Y el Oporto, campe\u00f3n de la Europa League, sucesora de la extinta Copa de la UEFA, en 2003 y 2011, perdi\u00f3 3-2 en su visita al Bodo Glimt noruego, que jug\u00f3 la mayor parte del segundo tiempo con diez hombres.<\/p>\n<p>En el resto de partidos del d\u00eda de esta competici\u00f3n que cuenta a partir de este a\u00f1o con 36 equipos en un formato calcado al de la Champions League, destaca la victoria del AZ Alkmaar neerland\u00e9s ante el IF Elfsborg sueco (3-2) con dos goles de Ruben van Bommel, hijo del antiguo jugador neerland\u00e9s del FC Barcelona Mark van Bommel.<\/p>\n<p>Tambi\u00e9n tuvo protagonismo goleador el argentino Mauro Icardi, autor del tercer gol en Estambul en la victoria del Galatasaray contra el PAOK de Sal\u00f3nica griego (3-1). El antiguo delantero del PSG hab\u00eda sustituido en el minuto 78 al nigeriano Victor Osimhen.<\/p>\n<p>El Slavia de Praga se impuso 2-0 fuera de casa al Ludogorets b\u00falgaro, mientras que el campe\u00f3n dan\u00e9s Midtjylland empat\u00f3 1-1 ante el Hoffenheim.<\/p>\n<p>Por \u00faltimo, el delantero senegal\u00e9s Boulaye Dia marc\u00f3 dos goles en la victoria de la Lazio ante el Dinamo de Kiev ucraniano (3-0) en un partido disputado en Hamburgo (Alemania).<\/p>\n<blockquote class=\"twitter-tweet\">\n<p dir=\"ltr\" lang=\"en\">The first day of <a href=\"https:\/\/twitter.com\/hashtag\/UEL?src=hash&amp;ref_src=twsrc%5Etfw\" target=\"_blank\" rel=\"noopener\">#UEL<\/a> action did not disappoint \ud83e\udd75 <a href=\"https:\/\/t.co\/S38Iar2n4X\">pic.twitter.com\/S38Iar2n4X<\/a><\/p>\n<p>\u2014 UEFA Europa League (@EuropaLeague) <a href=\"https:\/\/twitter.com\/EuropaLeague\/status\/1839047646004015306?ref_src=twsrc%5Etfw\" target=\"_blank\" rel=\"noopener\">September 25, 2024<\/a><\/p>\n<\/blockquote>\n<\/div>\n<p><script async src=\"\/\/platform.twitter.com\/widgets.js\" charset=\"utf-8\"><\/script><br \/>\n<br \/><a href=\"https:\/\/noticiasaldiayalahora.co\/deportes\/europa-league-real-sociedad-empata-en-niza-manchester-united-y-oporto-tampoco-empiezan-bien\/\" class=\" target=\" title=\"Real Sociedad empata en Niza, Manchester United y Oporto tampoco empiezan bien\" target=\"_blank\" rel=\"noopener\">Ver fuente<\/a><\/p>\n","protected":false},"excerpt":{"rendered":"<p>La Real Sociedad, uno de los dos representantes de la Liga espa\u00f1ola en la Europa League, inici\u00f3 su recorrido en la segunda competici\u00f3n europea con un empate (1-1) este mi\u00e9rcoles en la cancha del Niza franc\u00e9s, mientras que aspirantes al t\u00edtulo como Manchester United y Oporto tampoco comenzaron con buen pie. En el Allianz Riviera [&hellip;]<\/p>\n","protected":false},"author":2,"featured_media":23893,"comment_status":"open","ping_status":"closed","sticky":false,"template":"","format":"standard","meta":{"footnotes":""},"categories":[1],"tags":[],"class_list":["post-23892","post","type-post","status-publish","format-standard","has-post-thumbnail","hentry","category-noticias"],"_links":{"self":[{"href":"https:\/\/enfoquenoticioso.com\/index.php?rest_route=\/wp\/v2\/posts\/23892","targetHints":{"allow":["GET"]}}],"collection":[{"href":"https:\/\/enfoquenoticioso.com\/index.php?rest_route=\/wp\/v2\/posts"}],"about":[{"href":"https:\/\/enfoquenoticioso.com\/index.php?rest_route=\/wp\/v2\/types\/post"}],"author":[{"embeddable":true,"href":"https:\/\/enfoquenoticioso.com\/index.php?rest_route=\/wp\/v2\/users\/2"}],"replies":[{"embeddable":true,"href":"https:\/\/enfoquenoticioso.com\/index.php?rest_route=%2Fwp%2Fv2%2Fcomments&post=23892"}],"version-history":[{"count":0,"href":"https:\/\/enfoquenoticioso.com\/index.php?rest_route=\/wp\/v2\/posts\/23892\/revisions"}],"wp:featuredmedia":[{"embeddable":true,"href":"https:\/\/enfoquenoticioso.com\/index.php?rest_route=\/wp\/v2\/media\/23893"}],"wp:attachment":[{"href":"https:\/\/enfoquenoticioso.com\/index.php?rest_route=%2Fwp%2Fv2%2Fmedia&parent=23892"}],"wp:term":[{"taxonomy":"category","embeddable":true,"href":"https:\/\/enfoquenoticioso.com\/index.php?rest_route=%2Fwp%2Fv2%2Fcategories&post=23892"},{"taxonomy":"post_tag","embeddable":true,"href":"https:\/\/enfoquenoticioso.com\/index.php?rest_route=%2Fwp%2Fv2%2Ftags&post=23892"}],"curies":[{"name":"wp","href":"https:\/\/api.w.org\/{rel}","templated":true}]}}