{"id":25646,"date":"2024-10-05T18:06:00","date_gmt":"2024-10-05T18:06:00","guid":{"rendered":"https:\/\/enfoquenoticioso.com\/noticias\/la-conmebol-designa-estadio-para-la-final-de-la-copa-libertadores\/"},"modified":"2024-10-05T18:06:00","modified_gmt":"2024-10-05T18:06:00","slug":"la-conmebol-designa-estadio-para-la-final-de-la-copa-libertadores","status":"publish","type":"post","link":"https:\/\/enfoquenoticioso.com\/?p=25646","title":{"rendered":"La Conmebol designa estadio para la final de la Copa Libertadores"},"content":{"rendered":"<div id=\"post-539237\">\n<div class=\"entry-thumbnail\">\n<img width=\"760\" height=\"420\" src=\"https:\/\/i0.wp.com\/noticiasaldiayalahora.co\/wp-content\/uploads\/2024\/02\/Monumental-de-River.jpg?resize=760%2C420&amp;ssl=1\" class=\"attachment-content-single size-content-single wp-post-image\" alt=\"\" decoding=\"async\" fetchpriority=\"high\" srcset=\"https:\/\/i0.wp.com\/noticiasaldiayalahora.co\/wp-content\/uploads\/2024\/02\/Monumental-de-River.jpg?w=760&amp;ssl=1 760w, https:\/\/i0.wp.com\/noticiasaldiayalahora.co\/wp-content\/uploads\/2024\/02\/Monumental-de-River.jpg?resize=300%2C166&amp;ssl=1 300w, https:\/\/i0.wp.com\/noticiasaldiayalahora.co\/wp-content\/uploads\/2024\/02\/Monumental-de-River.jpg?resize=120%2C67&amp;ssl=1 120w\" sizes=\"(max-width: 760px) 100vw, 760px\"\/><\/div>\n<p class=\"entry-meta\">\n<span class=\"entry-meta-author vcard author\">Por: <a class=\"fn\" href=\"https:\/\/noticiasaldiayalahora.co\/author\/noticias\/\" target=\"_blank\" rel=\"noopener\">AL D\u00eda y a la Hora | @Notidiahora<\/a><\/span><br \/>\n<span class=\"entry-meta-date updated\">5 octubre, 2024<\/span>\n<\/p>\n<div class=\"entry-content clearfix\">\n<p>La Confederaci\u00f3n Sudamericana de F\u00fatbol (Conmebol) confirm\u00f3 este viernes 04 de octubre que la final de la Copa Libertadores de Am\u00e9rica 2024 se disputar\u00e1 en el estadio Monumental del River Plate, en Buenos Aires, Argentina.<\/p>\n<p>La entidad que rige el f\u00fatbol en la regi\u00f3n comunic\u00f3 oficialmente que el partido se jugar\u00e1 el pr\u00f3ximo 30 de noviembre en la cancha de la instituci\u00f3n \u201cmillonaria\u201d, ubicada en el barrio de N\u00fa\u00f1ez.<\/p>\n<blockquote class=\"twitter-tweet\">\n<p dir=\"ltr\" lang=\"es\">\ud83c\udfdf\ufe0f \ud83c\udfc6 \u00a1La final de la CONMEBOL <a href=\"https:\/\/twitter.com\/hashtag\/Libertadores?src=hash&amp;ref_src=twsrc%5Etfw\" target=\"_blank\" rel=\"noopener\">#Libertadores<\/a> 2024 se jugar\u00e1 en el estadio Monumental de Buenos Aires! \ud83c\udde6\ud83c\uddf7<\/p>\n<p>\ud83d\udd1c Ser\u00e1 el 30\/11 por la <a href=\"https:\/\/twitter.com\/hashtag\/GloriaEterna?src=hash&amp;ref_src=twsrc%5Etfw\" target=\"_blank\" rel=\"noopener\">#GloriaEterna<\/a>. <a href=\"https:\/\/t.co\/BwqxScBI0Q\">pic.twitter.com\/BwqxScBI0Q<\/a><\/p>\n<p>\u2014 CONMEBOL Libertadores (@Libertadores) <a href=\"https:\/\/twitter.com\/Libertadores\/status\/1842359489032229192?ref_src=twsrc%5Etfw\" target=\"_blank\" rel=\"noopener\">October 5, 2024<\/a><\/p>\n<\/blockquote>\n<p>Adem\u00e1s, informaron que el estadio podr\u00e1 recibir a m\u00e1s de 84.000 espectadores.<\/p>\n<\/div>\n<\/div>\n<p><script async src=\"\/\/platform.twitter.com\/widgets.js\" charset=\"utf-8\"><\/script><br \/>\n<br \/><a href=\"https:\/\/noticiasaldiayalahora.co\/deportes\/la-conmebol-designa-estadio-para-la-final-de-la-copa-libertadores\/\" class=\" target=\" title=\"La Conmebol designa estadio para la final de la Copa Libertadores\" target=\"_blank\" rel=\"noopener\">Ver fuente<\/a><\/p>\n","protected":false},"excerpt":{"rendered":"<p>Por: AL D\u00eda y a la Hora | @Notidiahora 5 octubre, 2024 La Confederaci\u00f3n Sudamericana de F\u00fatbol (Conmebol) confirm\u00f3 este viernes 04 de octubre que la final de la Copa Libertadores de Am\u00e9rica 2024 se disputar\u00e1 en el estadio Monumental del River Plate, en Buenos Aires, Argentina. La entidad que rige el f\u00fatbol en la [&hellip;]<\/p>\n","protected":false},"author":2,"featured_media":25647,"comment_status":"open","ping_status":"closed","sticky":false,"template":"","format":"standard","meta":{"footnotes":""},"categories":[1],"tags":[],"class_list":["post-25646","post","type-post","status-publish","format-standard","has-post-thumbnail","hentry","category-noticias"],"_links":{"self":[{"href":"https:\/\/enfoquenoticioso.com\/index.php?rest_route=\/wp\/v2\/posts\/25646","targetHints":{"allow":["GET"]}}],"collection":[{"href":"https:\/\/enfoquenoticioso.com\/index.php?rest_route=\/wp\/v2\/posts"}],"about":[{"href":"https:\/\/enfoquenoticioso.com\/index.php?rest_route=\/wp\/v2\/types\/post"}],"author":[{"embeddable":true,"href":"https:\/\/enfoquenoticioso.com\/index.php?rest_route=\/wp\/v2\/users\/2"}],"replies":[{"embeddable":true,"href":"https:\/\/enfoquenoticioso.com\/index.php?rest_route=%2Fwp%2Fv2%2Fcomments&post=25646"}],"version-history":[{"count":0,"href":"https:\/\/enfoquenoticioso.com\/index.php?rest_route=\/wp\/v2\/posts\/25646\/revisions"}],"wp:featuredmedia":[{"embeddable":true,"href":"https:\/\/enfoquenoticioso.com\/index.php?rest_route=\/wp\/v2\/media\/25647"}],"wp:attachment":[{"href":"https:\/\/enfoquenoticioso.com\/index.php?rest_route=%2Fwp%2Fv2%2Fmedia&parent=25646"}],"wp:term":[{"taxonomy":"category","embeddable":true,"href":"https:\/\/enfoquenoticioso.com\/index.php?rest_route=%2Fwp%2Fv2%2Fcategories&post=25646"},{"taxonomy":"post_tag","embeddable":true,"href":"https:\/\/enfoquenoticioso.com\/index.php?rest_route=%2Fwp%2Fv2%2Ftags&post=25646"}],"curies":[{"name":"wp","href":"https:\/\/api.w.org\/{rel}","templated":true}]}}