{"id":2665,"date":"2024-05-17T14:50:23","date_gmt":"2024-05-17T14:50:23","guid":{"rendered":"https:\/\/enfoquenoticioso.com\/sucesos\/consternacion-en-merida-tras-caer-profesor-de-la-ula-en-fosa-de-ascensor\/"},"modified":"2024-05-17T14:50:23","modified_gmt":"2024-05-17T14:50:23","slug":"consternacion-en-merida-tras-caer-profesor-de-la-ula-en-fosa-de-ascensor","status":"publish","type":"post","link":"https:\/\/enfoquenoticioso.com\/?p=2665","title":{"rendered":"Consternaci\u00f3n en M\u00e9rida tras caer profesor de la ULA en fosa de ascensor"},"content":{"rendered":"<div id=\"post-528695\">\n<div class=\"entry-thumbnail\">\n<img width=\"679\" height=\"382\" src=\"https:\/\/i0.wp.com\/noticiasaldiayalahora.co\/wp-content\/uploads\/2024\/05\/Merida-.jpg?resize=679%2C382&amp;ssl=1\" class=\"attachment-content-single size-content-single wp-post-image\" alt=\"\" decoding=\"async\" fetchpriority=\"high\" srcset=\"https:\/\/i0.wp.com\/noticiasaldiayalahora.co\/wp-content\/uploads\/2024\/05\/Merida-.jpg?w=679&amp;ssl=1 679w, https:\/\/i0.wp.com\/noticiasaldiayalahora.co\/wp-content\/uploads\/2024\/05\/Merida-.jpg?resize=300%2C169&amp;ssl=1 300w, https:\/\/i0.wp.com\/noticiasaldiayalahora.co\/wp-content\/uploads\/2024\/05\/Merida-.jpg?resize=180%2C101&amp;ssl=1 180w, https:\/\/i0.wp.com\/noticiasaldiayalahora.co\/wp-content\/uploads\/2024\/05\/Merida-.jpg?resize=260%2C146&amp;ssl=1 260w, https:\/\/i0.wp.com\/noticiasaldiayalahora.co\/wp-content\/uploads\/2024\/05\/Merida-.jpg?resize=373%2C210&amp;ssl=1 373w, https:\/\/i0.wp.com\/noticiasaldiayalahora.co\/wp-content\/uploads\/2024\/05\/Merida-.jpg?resize=120%2C67&amp;ssl=1 120w\" sizes=\"(max-width: 679px) 100vw, 679px\"\/><\/div>\n<p class=\"entry-meta\">\n<span class=\"entry-meta-author vcard author\">Por: <a class=\"fn\" href=\"https:\/\/noticiasaldiayalahora.co\/author\/redaccion\/\" target=\"_blank\" rel=\"noopener\">Redacci\u00f3n Noticias al Dia y a la Hora<\/a><\/span><br \/>\n<span class=\"entry-meta-date updated\">17 mayo, 2024<\/span>\n<\/p>\n<div class=\"entry-content clearfix\">\n<p>La comunidad universitaria de M\u00e9rida se encuentra de luto tras el tr\u00e1gico fallecimiento del profesor Israel Jos\u00e9 Ram\u00edrez, de 66 a\u00f1os, quien perdi\u00f3 la vida en un accidente ocurrido este jueves en el edificio La Columna, ubicado en el sector Bel\u00e9n.<span id=\"more-528695\"\/><\/p>\n<p>Ram\u00edrez, quien se desempe\u00f1aba como docente en la Facultad de Ciencias Econ\u00f3micas y Sociales (Faces) de la Universidad de Los Andes (ULA), se encontraba en el ascensor del edificio camino a su apartamento cuando, al parecer, se produjo un corte de luz que lo dej\u00f3 atrapado en la cabina. En un intento por salir, el profesor perdi\u00f3 el equilibrio y cay\u00f3 al vac\u00edo desde una altura aproximada de 10 metros, seg\u00fan informa\u00a0Comp\u00e1s Informativo.<\/p>\n<p>Al lugar del accidente acudieron funcionarios de la Polic\u00eda Municipal de Libertador y del Cuerpo de Bomberos de M\u00e9rida, quienes confirmaron el fallecimiento de Ram\u00edrez. Posteriormente, se hicieron presentes efectivos del Cuerpo de Investigaciones Cient\u00edficas, Penales y Criminal\u00edstica (Cicpc) y del Servicio Nacional de Medicina y Ciencias Forenses para iniciar las investigaciones correspondientes y el levantamiento del cad\u00e1ver.<\/p>\n<p>La tr\u00e1gica muerte del profesor Ram\u00edrez ha generado consternaci\u00f3n en la comunidad universitaria y meride\u00f1a en general. Las investigaciones en torno al caso ya han comenzado con el fin de determinar con exactitud las causas del accidente. Se espera que las autoridades competentes tomen las medidas necesarias para evitar que hechos similares se repitan en el futuro.<\/p>\n<p><img decoding=\"async\" src=\"https:\/\/pbs.twimg.com\/media\/GNx84pnWYAARGW4?format=jpg&amp;name=small\" alt=\"Imagen\"\/><\/p>\n<div id=\"ez-toc-container\" class=\"ez-toc-v2_0_81 counter-hierarchy ez-toc-counter ez-toc-grey ez-toc-container-direction\">\n<div class=\"ez-toc-title-container\">\n<p class=\"ez-toc-title\" style=\"cursor:inherit\">Tabla de Contenido<\/p>\n<span class=\"ez-toc-title-toggle\"><a href=\"#\" class=\"ez-toc-pull-right ez-toc-btn ez-toc-btn-xs ez-toc-btn-default ez-toc-toggle\" aria-label=\"Alternar tabla de contenidos\"><span class=\"ez-toc-js-icon-con\"><span class=\"\"><span class=\"eztoc-hide\" style=\"display:none;\">Toggle<\/span><span class=\"ez-toc-icon-toggle-span\"><svg style=\"fill: #999;color:#999\" xmlns=\"http:\/\/www.w3.org\/2000\/svg\" class=\"list-377408\" width=\"20px\" height=\"20px\" viewBox=\"0 0 24 24\" fill=\"none\"><path d=\"M6 6H4v2h2V6zm14 0H8v2h12V6zM4 11h2v2H4v-2zm16 0H8v2h12v-2zM4 16h2v2H4v-2zm16 0H8v2h12v-2z\" fill=\"currentColor\"><\/path><\/svg><svg style=\"fill: #999;color:#999\" class=\"arrow-unsorted-368013\" xmlns=\"http:\/\/www.w3.org\/2000\/svg\" width=\"10px\" height=\"10px\" viewBox=\"0 0 24 24\" version=\"1.2\" baseProfile=\"tiny\"><path d=\"M18.2 9.3l-6.2-6.3-6.2 6.3c-.2.2-.3.4-.3.7s.1.5.3.7c.2.2.4.3.7.3h11c.3 0 .5-.1.7-.3.2-.2.3-.5.3-.7s-.1-.5-.3-.7zM5.8 14.7l6.2 6.3 6.2-6.3c.2-.2.3-.5.3-.7s-.1-.5-.3-.7c-.2-.2-.4-.3-.7-.3h-11c-.3 0-.5.1-.7.3-.2.2-.3.5-.3.7s.1.5.3.7z\"\/><\/svg><\/span><\/span><\/span><\/a><\/span><\/div>\n<nav><ul class='ez-toc-list ez-toc-list-level-1 ' ><li class='ez-toc-page-1 ez-toc-heading-level-4'><a class=\"ez-toc-link ez-toc-heading-1\" href=\"https:\/\/enfoquenoticioso.com\/?p=2665\/#Sigue_al_canal_de_noticias_en_Whatsaap\" >Sigue al canal de noticias en Whatsaap\u00a0<\/a><\/li><\/ul><\/nav><\/div>\n<h4><span class=\"ez-toc-section\" id=\"Sigue_al_canal_de_noticias_en_Whatsaap\"><\/span><strong><a href=\"https:\/\/whatsapp.com\/channel\/0029VaDXFnLId7nFFiDdVI26?fbclid=IwAR1LnVJqcByTELJH4Ht086FYRmdx18pRnV7CrkzmTJ5JaLHYY0igukfL9Yk\" target=\"_blank\" rel=\"noopener\">Sigue al canal de noticias en Whatsaap\u00a0<\/a><\/strong><span class=\"ez-toc-section-end\"><\/span><\/h4>\n<\/div>\n<\/div>\n<p><a href=\"https:\/\/noticiasaldiayalahora.co\/sucesos\/consternacion-en-merida-tras-caer-profesor-de-la-ula-en-fosa-de-ascensor\/\" class=\" target=\" title=\"Consternaci\u00f3n en M\u00e9rida tras caer profesor de la ULA en fosa de ascensor\" target=\"_blank\" rel=\"noopener\">Ver fuente<\/a><\/p>\n","protected":false},"excerpt":{"rendered":"<p>Por: Redacci\u00f3n Noticias al Dia y a la Hora 17 mayo, 2024 La comunidad universitaria de M\u00e9rida se encuentra de luto tras el tr\u00e1gico fallecimiento del profesor Israel Jos\u00e9 Ram\u00edrez, de 66 a\u00f1os, quien perdi\u00f3 la vida en un accidente ocurrido este jueves en el edificio La Columna, ubicado en el sector Bel\u00e9n. Ram\u00edrez, quien [&hellip;]<\/p>\n","protected":false},"author":2,"featured_media":2666,"comment_status":"open","ping_status":"closed","sticky":false,"template":"","format":"standard","meta":{"footnotes":""},"categories":[5],"tags":[],"class_list":["post-2665","post","type-post","status-publish","format-standard","has-post-thumbnail","hentry","category-sucesos"],"_links":{"self":[{"href":"https:\/\/enfoquenoticioso.com\/index.php?rest_route=\/wp\/v2\/posts\/2665","targetHints":{"allow":["GET"]}}],"collection":[{"href":"https:\/\/enfoquenoticioso.com\/index.php?rest_route=\/wp\/v2\/posts"}],"about":[{"href":"https:\/\/enfoquenoticioso.com\/index.php?rest_route=\/wp\/v2\/types\/post"}],"author":[{"embeddable":true,"href":"https:\/\/enfoquenoticioso.com\/index.php?rest_route=\/wp\/v2\/users\/2"}],"replies":[{"embeddable":true,"href":"https:\/\/enfoquenoticioso.com\/index.php?rest_route=%2Fwp%2Fv2%2Fcomments&post=2665"}],"version-history":[{"count":0,"href":"https:\/\/enfoquenoticioso.com\/index.php?rest_route=\/wp\/v2\/posts\/2665\/revisions"}],"wp:featuredmedia":[{"embeddable":true,"href":"https:\/\/enfoquenoticioso.com\/index.php?rest_route=\/wp\/v2\/media\/2666"}],"wp:attachment":[{"href":"https:\/\/enfoquenoticioso.com\/index.php?rest_route=%2Fwp%2Fv2%2Fmedia&parent=2665"}],"wp:term":[{"taxonomy":"category","embeddable":true,"href":"https:\/\/enfoquenoticioso.com\/index.php?rest_route=%2Fwp%2Fv2%2Fcategories&post=2665"},{"taxonomy":"post_tag","embeddable":true,"href":"https:\/\/enfoquenoticioso.com\/index.php?rest_route=%2Fwp%2Fv2%2Ftags&post=2665"}],"curies":[{"name":"wp","href":"https:\/\/api.w.org\/{rel}","templated":true}]}}