{"id":2693,"date":"2024-05-17T17:50:06","date_gmt":"2024-05-17T17:50:06","guid":{"rendered":"https:\/\/enfoquenoticioso.com\/entretenimiento\/los-mtv-movie-tv-awards-no-se-entregaran-este-ano-y-las-razones-no-estan-muy-claras-del-todo\/"},"modified":"2024-05-17T17:50:06","modified_gmt":"2024-05-17T17:50:06","slug":"los-mtv-movie-tv-awards-no-se-entregaran-este-ano-y-las-razones-no-estan-muy-claras-del-todo","status":"publish","type":"post","link":"https:\/\/enfoquenoticioso.com\/?p=2693","title":{"rendered":"los MTV Movie &#038; TV Awards no se entregar\u00e1n este a\u00f1o (y las razones no est\u00e1n muy claras del todo)"},"content":{"rendered":"<div>\n<p>El Festival de Cannes se est\u00e1 robando toda la atenci\u00f3n de los fan\u00e1ticos del cine y sabedores del s\u00e9ptimo arte, sin embargo, si de premios se trata, no podemos dejar de lado el hecho de que, cuando de premiaciones se trata, ninguna parece ser tan accidentada como los <strong>MTV Movie &amp; TV Awards<\/strong> <strong>que, por segundo a\u00f1o consecutivo se han puesto en pausa<\/strong>.<\/p>\n<p><!-- BREAK 1 --> <\/p>\n<p>Las razones por las que dicha premiaci\u00f3n no se celebrar\u00e1 este a\u00f1o no est\u00e1n nada claras, seg\u00fan comenta <a rel=\"noopener, noreferrer\" href=\"https:\/\/www.tmz.com\/2024\/05\/12\/mtv-movie-tv-awards-postponed-canceled-back-next-year\/\" target=\"_blank\">el portal de noticias TMZ<\/a>, <strong>la celebraci\u00f3n simplemente dej\u00f3 de planearse para este 2024<\/strong>, pero regresar\u00e1 en un formato renovado para el pr\u00f3ximo 2025.<\/p>\n<p><!-- BREAK 2 --><\/p>\n<p>La ceremonia que premiaba a los grandes momentos de la cultura pop en la televisi\u00f3n y en el cine, <strong>como el mejor villano y el mejor beso<\/strong>, este a\u00f1o simplemente no se llevar\u00e1 a cabo, y el porqu\u00e9 de esta decisi\u00f3n no est\u00e1 definido del todo: algunos creen que, como pas\u00f3 con shows anteriores de la misma cadena de televisi\u00f3n, \u00e9sta no estaba lista para cargar con la presi\u00f3n de la celebraci\u00f3n de unos premios que, <strong>en su edici\u00f3n pasada para el mundo de la m\u00fasica<\/strong>, <a rel=\"noopener, noreferrer\" href=\"https:\/\/cadenaser.com\/nacional\/2023\/10\/19\/mtv-ema-2023-cancela-sus-premios-europeos-por-precaucion-ante-la-situacion-a-nivel-mundial-cadena-ser\/\" target=\"_blank\">no pudo con la presi\u00f3n del conflicto en Europa entre Ucrania y Rusia<\/a> y se vieron obligados a cancelar.<\/p>\n<p><!-- BREAK 3 --> <\/p>\n<p>Otros m\u00e1s afirman que tuvo mucho que ver <a href=\"https:\/\/www.espinof.com\/actores-y-actrices\/que-huelga-actores-no-ha-terminado-todavia-reuniones-piquetes-amenazas\" target=\"_blank\" rel=\"noopener\">la huelga SAG-AFTRA<\/a> porque, al verse retrasados un mont\u00f3n de proyectos para el cine, no hab\u00eda mucho de donde elegir para la premiaci\u00f3n, aunque claro, esto nos deja un claro indicador de que <strong>las plataformas son cada vez m\u00e1s populares que el cine<\/strong> cuando de consumir entretenimiento se refiere.<\/p>\n<p><!-- BREAK 4 --><\/p>\n<div class=\"article-asset article-asset-normal article-asset-center\">\n<div class=\"desvio-container\">\n<div class=\"desvio\">\n<div class=\"desvio-figure js-desvio-figure\">\n    <a href=\"https:\/\/www.espinof.com\/otros\/llega-a-netflix-mexico-pelicula-distopica-que-deja-ver-revolucion-clases-sociales-oprimidas\" target=\"_blank\" rel=\"noopener\"><br \/>\n     <img loading=\"lazy\" decoding=\"async\" alt=\"Llega a Netflix M\u00e9xico una pel\u00edcula dist\u00f3pica que deja ver la revoluci\u00f3n de las clases sociales oprimidas \" width=\"375\" height=\"142\" src=\"https:\/\/i.blogs.es\/be363e\/vlcsnap-2024-05-15-09h12m03s274.png\/375_142.jpeg\"\/><br \/>\n    <\/a>\n   <\/div>\n<\/p><\/div>\n<\/p><\/div>\n<\/div>\n<div id=\"ez-toc-container\" class=\"ez-toc-v2_0_81 counter-hierarchy ez-toc-counter ez-toc-grey ez-toc-container-direction\">\n<div class=\"ez-toc-title-container\">\n<p class=\"ez-toc-title\" style=\"cursor:inherit\">Tabla de Contenido<\/p>\n<span class=\"ez-toc-title-toggle\"><a href=\"#\" class=\"ez-toc-pull-right ez-toc-btn ez-toc-btn-xs ez-toc-btn-default ez-toc-toggle\" aria-label=\"Alternar tabla de contenidos\"><span class=\"ez-toc-js-icon-con\"><span class=\"\"><span class=\"eztoc-hide\" style=\"display:none;\">Toggle<\/span><span class=\"ez-toc-icon-toggle-span\"><svg style=\"fill: #999;color:#999\" xmlns=\"http:\/\/www.w3.org\/2000\/svg\" class=\"list-377408\" width=\"20px\" height=\"20px\" viewBox=\"0 0 24 24\" fill=\"none\"><path d=\"M6 6H4v2h2V6zm14 0H8v2h12V6zM4 11h2v2H4v-2zm16 0H8v2h12v-2zM4 16h2v2H4v-2zm16 0H8v2h12v-2z\" fill=\"currentColor\"><\/path><\/svg><svg style=\"fill: #999;color:#999\" class=\"arrow-unsorted-368013\" xmlns=\"http:\/\/www.w3.org\/2000\/svg\" width=\"10px\" height=\"10px\" viewBox=\"0 0 24 24\" version=\"1.2\" baseProfile=\"tiny\"><path d=\"M18.2 9.3l-6.2-6.3-6.2 6.3c-.2.2-.3.4-.3.7s.1.5.3.7c.2.2.4.3.7.3h11c.3 0 .5-.1.7-.3.2-.2.3-.5.3-.7s-.1-.5-.3-.7zM5.8 14.7l6.2 6.3 6.2-6.3c.2-.2.3-.5.3-.7s-.1-.5-.3-.7c-.2-.2-.4-.3-.7-.3h-11c-.3 0-.5.1-.7.3-.2.2-.3.5-.3.7s.1.5.3.7z\"\/><\/svg><\/span><\/span><\/span><\/a><\/span><\/div>\n<nav><ul class='ez-toc-list ez-toc-list-level-1 ' ><li class='ez-toc-page-1 ez-toc-heading-level-3'><a class=\"ez-toc-link ez-toc-heading-1\" href=\"https:\/\/enfoquenoticioso.com\/?p=2693\/#%C2%BFTienen_futuro_los_premios_de_MTV\" >\u00bfTienen futuro los premios de MTV?<\/a><\/li><\/ul><\/nav><\/div>\n<h3><span class=\"ez-toc-section\" id=\"%C2%BFTienen_futuro_los_premios_de_MTV\"><\/span>\u00bfTienen futuro los premios de MTV?<span class=\"ez-toc-section-end\"><\/span><\/h3>\n<p>Desde su primera edici\u00f3n en 1992, estos premios han sido toda una referencia <strong>de c\u00f3mo la influencia de la cultura pop<\/strong> ha dado forma a un segmento de la industria del cine que ha puesto atenci\u00f3n en cintas que ahora son los m\u00e1s exitosos t\u00edtulos en taquilla, d\u00e1ndole foco a cintas de s\u00faper h\u00e9roes y comedias; adem\u00e1s, fueron los precursores <strong>del debate del sexismo en las nominaciones<\/strong>, al otorgarle a Emma Watson el primer premio <a rel=\"noopener, noreferrer\" href=\"https:\/\/www.youtube.com\/watch?v=a6b2aksJjuM\" target=\"_blank\">a la mejor actuaci\u00f3n de g\u00e9nero neutro<\/a> en 2017.<\/p>\n<p><!-- BREAK 5 --><\/p>\n<p>A pesar de ser un gancho para las generaciones j\u00f3venes, lo cierto es que la calidad de sus producciones ha dejado mucho qu\u00e9 desear, y es que, <strong>m\u00e1s all\u00e1 del legendario <\/strong><em><strong>twerk <\/strong><\/em><strong>\u00a0de Miley Cyrus<\/strong>, las decisiones como deshacerse por completo de las audiencias en vivo y tropiezos <a rel=\"noopener, noreferrer\" href=\"https:\/\/variety.com\/2023\/tv\/news\/drew-barrymore-mtv-movie-tv-awards-writers-strike-1235603357\/\" target=\"_blank\">como quedarse sin presentadora unos d\u00edas antes de la gala<\/a>, hicieron que muchos se preguntaran si, en verdad, vale la pena seguir produciendo este tipo de eventos.<\/p>\n<p><!-- BREAK 6 --> <\/p>\n<p>Foto de portada <a rel=\"noopener, noreferrer\" href=\"https:\/\/www.mtv.it\/programmi\/mtv-movie-and-tv-awards\" target=\"_blank\">de MTV Italia<\/a><\/p>\n<p><!-- BREAK 7 --><\/p>\n<p>En Espinof | <a href=\"https:\/\/www.espinof.com\/otros\/triunfa-prime-video-adaptacion-novela-que-se-corona-como-mejores-peliculas-terror-psicologico\" target=\"_blank\" rel=\"noopener\">Triunfa en M\u00e9xico la pel\u00edcula de Prime Video que es una de las mejores pel\u00edculas de terror psicol\u00f3gico<\/a><\/p>\n<p><!-- BREAK 8 --><\/p>\n<p>En Espinof | <a href=\"https:\/\/www.espinof.com\/otros\/historia-continua-prime-video-lanza-primer-adelanto-fecha-estreno-secuela-yo-soy-betty-fea\" target=\"_blank\" rel=\"noopener\">En dos meses vuelve &#8216;Betty la fea&#8217;: Prime Video tiene lista nueva temporada recuperando a sus protagonistas<\/a><\/p>\n<p><!-- BREAK 9 --><\/p><\/div>\n<p><a href=\"https:\/\/www.espinof.com\/otros\/cancelados-otra-vez-mtv-movie-tv-awards-no-se-entregaran-este-ano-razones-no-estan-muy-claras-todo\" class=\" target=\" title=\"los MTV Movie &#038; TV Awards no se entregar\u00e1n este a\u00f1o (y las razones no est\u00e1n muy claras del todo)\" target=\"_blank\" rel=\"noopener\">Ver fuente<\/a><\/p>\n","protected":false},"excerpt":{"rendered":"<p>El Festival de Cannes se est\u00e1 robando toda la atenci\u00f3n de los fan\u00e1ticos del cine y sabedores del s\u00e9ptimo arte, sin embargo, si de premios se trata, no podemos dejar de lado el hecho de que, cuando de premiaciones se trata, ninguna parece ser tan accidentada como los MTV Movie &amp; TV Awards que, por [&hellip;]<\/p>\n","protected":false},"author":2,"featured_media":2694,"comment_status":"open","ping_status":"closed","sticky":false,"template":"","format":"standard","meta":{"footnotes":""},"categories":[8],"tags":[],"class_list":["post-2693","post","type-post","status-publish","format-standard","has-post-thumbnail","hentry","category-entretenimiento"],"_links":{"self":[{"href":"https:\/\/enfoquenoticioso.com\/index.php?rest_route=\/wp\/v2\/posts\/2693","targetHints":{"allow":["GET"]}}],"collection":[{"href":"https:\/\/enfoquenoticioso.com\/index.php?rest_route=\/wp\/v2\/posts"}],"about":[{"href":"https:\/\/enfoquenoticioso.com\/index.php?rest_route=\/wp\/v2\/types\/post"}],"author":[{"embeddable":true,"href":"https:\/\/enfoquenoticioso.com\/index.php?rest_route=\/wp\/v2\/users\/2"}],"replies":[{"embeddable":true,"href":"https:\/\/enfoquenoticioso.com\/index.php?rest_route=%2Fwp%2Fv2%2Fcomments&post=2693"}],"version-history":[{"count":0,"href":"https:\/\/enfoquenoticioso.com\/index.php?rest_route=\/wp\/v2\/posts\/2693\/revisions"}],"wp:featuredmedia":[{"embeddable":true,"href":"https:\/\/enfoquenoticioso.com\/index.php?rest_route=\/wp\/v2\/media\/2694"}],"wp:attachment":[{"href":"https:\/\/enfoquenoticioso.com\/index.php?rest_route=%2Fwp%2Fv2%2Fmedia&parent=2693"}],"wp:term":[{"taxonomy":"category","embeddable":true,"href":"https:\/\/enfoquenoticioso.com\/index.php?rest_route=%2Fwp%2Fv2%2Fcategories&post=2693"},{"taxonomy":"post_tag","embeddable":true,"href":"https:\/\/enfoquenoticioso.com\/index.php?rest_route=%2Fwp%2Fv2%2Ftags&post=2693"}],"curies":[{"name":"wp","href":"https:\/\/api.w.org\/{rel}","templated":true}]}}