{"id":2717,"date":"2024-05-17T19:55:04","date_gmt":"2024-05-17T19:55:04","guid":{"rendered":"https:\/\/enfoquenoticioso.com\/tecnologia\/el-plan-del-ministerio-de-sanidad-para-reaccionar-a-las-olas-de-calor-ante-otro-verano-extremo\/"},"modified":"2024-05-17T19:55:04","modified_gmt":"2024-05-17T19:55:04","slug":"el-plan-del-ministerio-de-sanidad-para-reaccionar-a-las-olas-de-calor-ante-otro-verano-extremo","status":"publish","type":"post","link":"https:\/\/enfoquenoticioso.com\/?p=2717","title":{"rendered":"el plan del Ministerio de Sanidad para reaccionar a las olas de calor ante otro verano extremo"},"content":{"rendered":"<div>\n<p>Se acerca el verano y, aunque las temperaturas por ahora no nos han dado ning\u00fan susto, las autoridades sanitarias y meteorol\u00f3gicas van prepar\u00e1ndose para un verano incierto. Por un lado un 2023 sembrado de r\u00e9cords de temperatura augura un nuevo verano c\u00e1lido, por otro, <a href=\"https:\/\/www.xataka.com\/ecologia-y-naturaleza\/australia-ha-activado-alerta-nina-carrera-para-prepararnos-este-fenomeno-climatico-global-ha-comenzado\" target=\"_blank\" rel=\"noopener\">el tr\u00e1nsito de El Ni\u00f1o a La Ni\u00f1a<\/a> podr\u00eda aliviar la situaci\u00f3n.<\/p>\n<p><!-- BREAK 1 --> <\/p>\n<p><strong>Nuevo plan nacional. <\/strong>El Ministerio de Sanidad <a rel=\"noopener, noreferrer\" href=\"https:\/\/www.rtve.es\/noticias\/20240516\/sanidad-activa-plan-nacional-contra-exceso-temperaturas-para-este-verano\/16106968.shtml\" target=\"_blank\">activaba ayer<\/a> el Plan Nacional de Acciones Preventivas contra los Efectos del Exceso de Temperaturas sobre la Salud. Un plan que se mantendr\u00e1 vigente lo que queda de primavera y verano, hasta el 30 de septiembre.<\/p>\n<p><!-- BREAK 2 --><\/p>\n<p><a rel=\"noopener, noreferrer\" href=\"https:\/\/www.sanidad.gob.es\/gabinete\/notasPrensa.do?id=6423\" target=\"_blank\">Seg\u00fan el propio Ministerio<\/a>, el objetivo de este plan es el de \u201cprevenir y mitigar los efectos negativos que el calor excesivo puede tener sobre la salud de la ciudadan\u00eda, especialmente en los grupos de riesgo o m\u00e1s vulnerables, como personas mayores, mujeres gestantes, menores y personas con enfermedades cr\u00f3nicas, as\u00ed como en aquellos colectivos que desempe\u00f1an su trabajo o realizan esfuerzos al aire libre\u201d.<\/p>\n<p><!-- BREAK 3 --> <\/p>\n<p><strong>Acotando zonas. <\/strong>Sin embargo la medida m\u00e1s llamativa es la introducci\u00f3n, a partir del 3 de junio, de las <a rel=\"noopener, noreferrer\" href=\"https:\/\/cadenaser.com\/nacional\/2024\/05\/16\/zona-meteoalerta-asi-cambia-la-forma-en-la-que-se-declararan-las-olas-de-calor-en-espana-cadena-ser\/\" target=\"_blank\">zonas de meteoalerta<\/a> como zona de referencia geogr\u00e1fica. Estas zonas permiten acotar m\u00e1s las zonas donde el calor excesivo pueda traer riesgos para la salud de las personas.<\/p>\n<p><!-- BREAK 4 --><\/p>\n<p>Las zonas de meteoalerta en s\u00ed mismas no son nuevas. Son bien conocidas por ser las utilizadas por la Agencia Estatal de Meteorolog\u00eda (Aemet) para sus avisos sobre fen\u00f3menos meteorol\u00f3gicos adversos. Incluido el calor.<\/p>\n<p><!-- BREAK 5 --><\/p>\n<div class=\"article-asset article-asset-normal article-asset-center\">\n<div class=\"desvio-container\">\n<div class=\"desvio\">\n<div class=\"desvio-figure js-desvio-figure\">\n    <a href=\"https:\/\/www.xataka.com\/ecommerce\/aemet-acaba-publicar-su-prediccion-verano-2024-no-trae-ninguna-buena-noticia\" target=\"_blank\" rel=\"noopener\"><br \/>\n     <img loading=\"lazy\" decoding=\"async\" alt=\"AEMET acaba de publicar su predicci\u00f3n sobre el verano 2024 y no trae ninguna buena noticia\" width=\"375\" height=\"142\" src=\"https:\/\/i.blogs.es\/978483\/captura-de-pantalla-2024-05-13-a-las-10.52.31\/375_142.png\"\/><br \/>\n    <\/a>\n   <\/div>\n<\/p><\/div>\n<\/p><\/div>\n<\/div>\n<p><strong>Cuatro niveles. <\/strong>Lo que veremos a lo largo del verano no distar\u00e1 mucho de lo que hemos visto otros a\u00f1os. El plan contempla un sistema de cuatro niveles de riesgo: verde (ausencia de riesgo), amarillo (bajo riesgo), naranja (riesgo medio) y rojo (alto riesgo).<\/p>\n<p><!-- BREAK 6 --> <\/p>\n<p><strong>Informe del ISC3. <\/strong>Estos niveles se basan en los c\u00e1lculos de umbrales de riesgo en el trabajo elaborado por el Instituto de Salud Carlos III (ISC3). Trabajo que tambi\u00e9n dio lugar a un estudio sobre las tendencias en duraci\u00f3n e intensidad de las olas de calor en el periodo entre 2009 y 2018.<\/p>\n<p><!-- BREAK 7 --><\/p>\n<p><a rel=\"noopener, noreferrer\" href=\"https:\/\/enveurope.springeropen.com\/articles\/10.1186\/s12302-024-00917-6\" target=\"_blank\">El estudio<\/a> fue publicado este a\u00f1o en la revista <em>Environmental Sciences Europe<\/em>. En el art\u00edculo el equipo responsable del estudio conclu\u00eda que era necesaria una definici\u00f3n de ola de calor basada en estudios que vincularan temperatura y mortalidad en lugar de percentiles meteorol\u00f3gicos.<\/p>\n<p><!-- BREAK 8 --><\/p>\n<p>Tambi\u00e9n explicaba la motivaci\u00f3n detr\u00e1s de la zonificaci\u00f3n implementada ahora por el Ministerio de Sanidad. \u201cHay m\u00faltiples factores locales, no solo clim\u00e1ticos, sino tambi\u00e9n de naturaleza social u demogr\u00e1fica, como estructura poblacional, infraestructuras p\u00fablicas y privadas, servicios sanitarios disponibles y nivel socioecon\u00f3mico, y muchos m\u00e1s, que pueden modificar el impacto de las temperaturas extremas (\u2026)\u201d, explica el equipo <a rel=\"noopener, noreferrer\" href=\"https:\/\/enveurope.springeropen.com\/articles\/10.1186\/s12302-024-00917-6\" target=\"_blank\">en el texto<\/a>.<\/p>\n<p><!-- BREAK 9 --><\/p>\n<p><strong>Verano incierto. <\/strong>2024 ha comenzado como una extensi\u00f3n de <a rel=\"noopener, noreferrer\" href=\"https:\/\/www.noaa.gov\/news\/2023-was-worlds-warmest-year-on-record-by-far\" target=\"_blank\">2023<\/a> en lo que a las temperaturas globales se refiere, con nuevos r\u00e9cords mensuales (ya suman <a rel=\"noopener, noreferrer\" href=\"https:\/\/apnews.com\/article\/climate-heat-record-hot-march-copernicus-33621288477a660d176ac3ff4a06e5c1\" target=\"_blank\">10 meses<\/a> as\u00ed). Parte de esto se debe al efecto de la Oscilaci\u00f3n del Sur de El Ni\u00f1o (ENSO).<\/p>\n<p><!-- BREAK 10 --> <\/p>\n<p>En su fase hom\u00f3nima, El Ni\u00f1o se relaciona con un aumento de las temperaturas medias. Sin embargo la sucesi\u00f3n de r\u00e9cords implica la existencia de factores externos como el cambio clim\u00e1tico. <a href=\"https:\/\/www.xataka.com\/ecologia-y-naturaleza\/australia-ha-activado-alerta-nina-carrera-para-prepararnos-este-fenomeno-climatico-global-ha-comenzado\" target=\"_blank\" rel=\"noopener\">A\u00fan no sabemos<\/a> cu\u00e1ndo llegar\u00e1 La Ni\u00f1a (algunos indican que <a href=\"https:\/\/www.xataka.com\/ecologia-y-naturaleza\/nino-tiene-dias-contados-nina-acecha-al-final-verano-esto-que-puede-ocurrir-proximo-meses\" target=\"_blank\" rel=\"noopener\">hacia finales del verano<\/a>), pero este cambio podr\u00eda servir para aliviar esta tendencia hacia el calor vista en el \u00faltimo a\u00f1o.<\/p>\n<p><!-- BREAK 11 --><\/p>\n<p>En Xataka | <a href=\"https:\/\/www.xataka.com\/ecologia-y-naturaleza\/temperatura-global-oceanos-deberia-haber-caido-fin-nino-su-lugar-estamos-viendo-algo-preocupante\" target=\"_blank\" rel=\"noopener\">La temperatura global de los oc\u00e9anos deber\u00eda haber ca\u00eddo con el fin de El Ni\u00f1o. En su lugar estamos viendo algo preocupante<\/a><\/p>\n<p><!-- BREAK 12 --><\/p>\n<p>Imagen | Umbrales de temperatuda \u00a0para las distintas zonas isoclim\u00e1ticas. <a rel=\"noopener, noreferrer\" href=\"https:\/\/enveurope.springeropen.com\/articles\/10.1186\/s12302-024-00917-6\" target=\"_blank\">J. A. L\u00f3pez-Bueno et al., 2024<\/a><\/p>\n<p><!-- BREAK 13 -->\n <\/div>\n<p><a href=\"https:\/\/www.xataka.com\/medicina-y-salud\/zonas-meteoalerta-plan-ministerio-sanidad-para-reaccionar-a-olas-calor-otro-verano-extremo\" class=\" target=\" title=\"el plan del Ministerio de Sanidad para reaccionar a las olas de calor ante otro verano extremo\" target=\"_blank\" rel=\"noopener\">Ver fuente<\/a><\/p>\n","protected":false},"excerpt":{"rendered":"<p>Se acerca el verano y, aunque las temperaturas por ahora no nos han dado ning\u00fan susto, las autoridades sanitarias y meteorol\u00f3gicas van prepar\u00e1ndose para un verano incierto. Por un lado un 2023 sembrado de r\u00e9cords de temperatura augura un nuevo verano c\u00e1lido, por otro, el tr\u00e1nsito de El Ni\u00f1o a La Ni\u00f1a podr\u00eda aliviar la [&hellip;]<\/p>\n","protected":false},"author":2,"featured_media":2718,"comment_status":"open","ping_status":"closed","sticky":false,"template":"","format":"standard","meta":{"footnotes":""},"categories":[9],"tags":[],"class_list":["post-2717","post","type-post","status-publish","format-standard","has-post-thumbnail","hentry","category-tecnologia"],"_links":{"self":[{"href":"https:\/\/enfoquenoticioso.com\/index.php?rest_route=\/wp\/v2\/posts\/2717","targetHints":{"allow":["GET"]}}],"collection":[{"href":"https:\/\/enfoquenoticioso.com\/index.php?rest_route=\/wp\/v2\/posts"}],"about":[{"href":"https:\/\/enfoquenoticioso.com\/index.php?rest_route=\/wp\/v2\/types\/post"}],"author":[{"embeddable":true,"href":"https:\/\/enfoquenoticioso.com\/index.php?rest_route=\/wp\/v2\/users\/2"}],"replies":[{"embeddable":true,"href":"https:\/\/enfoquenoticioso.com\/index.php?rest_route=%2Fwp%2Fv2%2Fcomments&post=2717"}],"version-history":[{"count":0,"href":"https:\/\/enfoquenoticioso.com\/index.php?rest_route=\/wp\/v2\/posts\/2717\/revisions"}],"wp:featuredmedia":[{"embeddable":true,"href":"https:\/\/enfoquenoticioso.com\/index.php?rest_route=\/wp\/v2\/media\/2718"}],"wp:attachment":[{"href":"https:\/\/enfoquenoticioso.com\/index.php?rest_route=%2Fwp%2Fv2%2Fmedia&parent=2717"}],"wp:term":[{"taxonomy":"category","embeddable":true,"href":"https:\/\/enfoquenoticioso.com\/index.php?rest_route=%2Fwp%2Fv2%2Fcategories&post=2717"},{"taxonomy":"post_tag","embeddable":true,"href":"https:\/\/enfoquenoticioso.com\/index.php?rest_route=%2Fwp%2Fv2%2Ftags&post=2717"}],"curies":[{"name":"wp","href":"https:\/\/api.w.org\/{rel}","templated":true}]}}