{"id":2727,"date":"2024-05-18T04:05:32","date_gmt":"2024-05-18T04:05:32","guid":{"rendered":"https:\/\/enfoquenoticioso.com\/deporte\/delfines-de-la-guaira-completo-su-importacion\/"},"modified":"2024-05-18T04:05:32","modified_gmt":"2024-05-18T04:05:32","slug":"delfines-de-la-guaira-completo-su-importacion","status":"publish","type":"post","link":"https:\/\/enfoquenoticioso.com\/?p=2727","title":{"rendered":"Delfines de La Guaira complet\u00f3 su importaci\u00f3n"},"content":{"rendered":"<div data-td-block-uid=\"tdi_91\">\n<div class=\"tdb-block-inner td-fix-index\">\n<p>Delfines de La Guaira complet\u00f3 este viernes su cuota de importados para la Liga Mayor de B\u00e9isbol Profesional. El conjunto litoralense anunci\u00f3 la llegada del lanzador Jairo Asencio.<\/p>\n<p>El dominicano viene de estar con los Tigres del Licey en la liga invernal dominicana, con los que disput\u00f3 la Serie del Caribe 2024.<\/p>\n<p>Cabe destacar que Asencio tiene experiencia de cuatro campa\u00f1as en las Grandes Ligas con los Bravos de Atlanta, Orioles de Baltimore, Guardianes de Cleveland y Cachorros de Chicago.<\/p>\n<figure class=\"wp-block-embed is-type-rich is-provider-instagram wp-block-embed-instagram\"\/>\n<p>Adem\u00e1s, ha tenido pasajes por las ligas de M\u00e9xico, Korea y por supuesto es un habitual en LIDOM, disputando varias ediciones de la Serie del Caribe y la \u00faltima que gan\u00f3 fue la Gran Caracas 2023.<\/p>\n<p><strong>Lee tambi\u00e9n: <a href=\"https:\/\/www.liderendeportes.com\/noticias\/baseball\/lmbp\/samanes-suma-un-nuevo-jugador-cubano\/\" target=\"_blank\" rel=\"noopener\">Samanes suma un nuevo jugador cubano<\/a><\/strong><\/p>\n<p>Con la contrataci\u00f3n de Asencio, ya son cinco los dominicanos que anuncia Delfines para la actual zafra de la Liga Mayor que arranca este s\u00e1bado 18 de mayo. Yefri P\u00e9rez, Robel Garc\u00eda, Carlos Espinal y Lisandro Santos completan el listado.<\/p>\n<\/div>\n<\/div>\n<p><a href=\"https:\/\/www.liderendeportes.com\/noticias\/baseball\/lmbp\/delfines-de-la-guaira-completo-su-importacion\/\" class=\" target=\" title=\"Delfines de La Guaira complet\u00f3 su importaci\u00f3n\" target=\"_blank\" rel=\"noopener\">Ver fuente<\/a><\/p>\n","protected":false},"excerpt":{"rendered":"<p>Delfines de La Guaira complet\u00f3 este viernes su cuota de importados para la Liga Mayor de B\u00e9isbol Profesional. El conjunto litoralense anunci\u00f3 la llegada del lanzador Jairo Asencio. El dominicano viene de estar con los Tigres del Licey en la liga invernal dominicana, con los que disput\u00f3 la Serie del Caribe 2024. Cabe destacar que [&hellip;]<\/p>\n","protected":false},"author":2,"featured_media":2728,"comment_status":"open","ping_status":"closed","sticky":false,"template":"","format":"standard","meta":{"footnotes":""},"categories":[7],"tags":[],"class_list":["post-2727","post","type-post","status-publish","format-standard","has-post-thumbnail","hentry","category-deporte"],"_links":{"self":[{"href":"https:\/\/enfoquenoticioso.com\/index.php?rest_route=\/wp\/v2\/posts\/2727","targetHints":{"allow":["GET"]}}],"collection":[{"href":"https:\/\/enfoquenoticioso.com\/index.php?rest_route=\/wp\/v2\/posts"}],"about":[{"href":"https:\/\/enfoquenoticioso.com\/index.php?rest_route=\/wp\/v2\/types\/post"}],"author":[{"embeddable":true,"href":"https:\/\/enfoquenoticioso.com\/index.php?rest_route=\/wp\/v2\/users\/2"}],"replies":[{"embeddable":true,"href":"https:\/\/enfoquenoticioso.com\/index.php?rest_route=%2Fwp%2Fv2%2Fcomments&post=2727"}],"version-history":[{"count":0,"href":"https:\/\/enfoquenoticioso.com\/index.php?rest_route=\/wp\/v2\/posts\/2727\/revisions"}],"wp:featuredmedia":[{"embeddable":true,"href":"https:\/\/enfoquenoticioso.com\/index.php?rest_route=\/wp\/v2\/media\/2728"}],"wp:attachment":[{"href":"https:\/\/enfoquenoticioso.com\/index.php?rest_route=%2Fwp%2Fv2%2Fmedia&parent=2727"}],"wp:term":[{"taxonomy":"category","embeddable":true,"href":"https:\/\/enfoquenoticioso.com\/index.php?rest_route=%2Fwp%2Fv2%2Fcategories&post=2727"},{"taxonomy":"post_tag","embeddable":true,"href":"https:\/\/enfoquenoticioso.com\/index.php?rest_route=%2Fwp%2Fv2%2Ftags&post=2727"}],"curies":[{"name":"wp","href":"https:\/\/api.w.org\/{rel}","templated":true}]}}