{"id":2741,"date":"2024-05-18T07:14:24","date_gmt":"2024-05-18T07:14:24","guid":{"rendered":"https:\/\/enfoquenoticioso.com\/entretenimiento\/el-regreso-de-sheldon-fue-mayor-de-lo-esperado-asi-se-ideo-el-emotivo-gran-cameo-en-el-final-de-el-joven-sheldon\/"},"modified":"2024-05-18T07:14:24","modified_gmt":"2024-05-18T07:14:24","slug":"el-regreso-de-sheldon-fue-mayor-de-lo-esperado-asi-se-ideo-el-emotivo-gran-cameo-en-el-final-de-el-joven-sheldon","status":"publish","type":"post","link":"https:\/\/enfoquenoticioso.com\/?p=2741","title":{"rendered":"El regreso de Sheldon fue mayor de lo esperado. As\u00ed se ide\u00f3 el emotivo gran cameo en el final de &#8216;El joven Sheldon&#8217;"},"content":{"rendered":"<div>\n<p>Y se acab\u00f3. Si bien todav\u00eda queda un tiempo para que podamos verlo por estos lares (Movistar Plus+ todav\u00eda no ha anunciado fecha), <strong>ayer se emiti\u00f3 en Estados Unidos el episodio final<\/strong> de &#8216;<a href=\"https:\/\/www.espinof.com\/series-de-ficcion\/young-sheldon-es-una-serie-sorprendente-y-diferente-a-the-big-bang-theory\" target=\"_blank\" rel=\"noopener\">El joven Sheldon<\/a>&#8216;, la exitosa precuela de &#8216;<a href=\"https:\/\/www.espinof.com\/criticas\/the-big-bang-theory-se-despide-final-emotivo-para-dejar-buen-sabor-boca-a-sus-fans\" target=\"_blank\" rel=\"noopener\">The Big Bang Theory<\/a>&#8216;, que cerraba un ciclo de nada menos que siete temporadas. Por cierto, <strong>spoilers <\/strong>a partir de aqu\u00ed.<\/p>\n<p><!-- BREAK 1 --> <\/p>\n<div class=\"article-asset article-asset-normal article-asset-center\">\n<div class=\"desvio-container\">\n<div class=\"desvio\">\n<div class=\"desvio-figure js-desvio-figure\">\n    <a href=\"https:\/\/www.espinof.com\/series-de-ficcion\/rachel-es-irani-y-homer-no-bebe-cerveza-asi-son-las-versiones-de-series-americanas\" target=\"_blank\" rel=\"noopener\"><br \/>\n     <img loading=\"lazy\" decoding=\"async\" alt=\"Sheldon es rubio y Homer no bebe cerveza: as\u00ed son las versiones internacionales de las series americanas\" width=\"375\" height=\"142\" src=\"https:\/\/i.blogs.es\/de1263\/650_1000_houseruso2\/375_142.jpg\"\/><br \/>\n    <\/a>\n   <\/div>\n<\/p><\/div>\n<\/p><\/div>\n<\/div>\n<p>Un \u00faltimo cap\u00edtulo que llegaba despu\u00e9s de la <a href=\"https:\/\/www.espinof.com\/directores-y-guionistas\/showrunner-joven-sheldon-explica-momento-tragico-temporada-final-como-chuck-lorre-propuso-cambio-para-hacerlo-mejor\" target=\"_blank\" rel=\"noopener\">tragedia de la muerte de George<\/a>, el patriarca de la familia. Aunque no quiero meterme en demasiados detalles, el doble episodio nos llevaba no solo por el funeral, sino tambi\u00e9n por el deseo de Mary (Zoe Perry) de bautizar a sus hijos, Sheldon (Iain Armitage) yendo a Caltech y, por si fuera poco, desvelaba la naturaleza de la <strong>serie como las memorias de un adulto Sheldon<\/strong>.<\/p>\n<p><!-- BREAK 2 --><\/p>\n<p>Una revelaci\u00f3n que se hac\u00eda en forma del <a href=\"https:\/\/www.espinof.com\/series-de-ficcion\/cameo-esperado-final-joven-sheldon-asi-regresan-jim-parsons-mayim-bialik-unas-imagenes-llenas-guinos-a-the-big-bang-theory\" target=\"_blank\" rel=\"noopener\">esperado (y anunciad\u00edsimo) cameo<\/a> de <strong>Jim Parsons y Mayim Bialik<\/strong>, a los que vemos regresar en sus personajes de Sheldon y Amy en lo que el primero se encuentra escribiendo esas memorias de su infancia.<\/p>\n<p><!-- BREAK 3 --> <\/p>\n<div id=\"ez-toc-container\" class=\"ez-toc-v2_0_81 counter-hierarchy ez-toc-counter ez-toc-grey ez-toc-container-direction\">\n<div class=\"ez-toc-title-container\">\n<p class=\"ez-toc-title\" style=\"cursor:inherit\">Tabla de Contenido<\/p>\n<span class=\"ez-toc-title-toggle\"><a href=\"#\" class=\"ez-toc-pull-right ez-toc-btn ez-toc-btn-xs ez-toc-btn-default ez-toc-toggle\" aria-label=\"Alternar tabla de contenidos\"><span class=\"ez-toc-js-icon-con\"><span class=\"\"><span class=\"eztoc-hide\" style=\"display:none;\">Toggle<\/span><span class=\"ez-toc-icon-toggle-span\"><svg style=\"fill: #999;color:#999\" xmlns=\"http:\/\/www.w3.org\/2000\/svg\" class=\"list-377408\" width=\"20px\" height=\"20px\" viewBox=\"0 0 24 24\" fill=\"none\"><path d=\"M6 6H4v2h2V6zm14 0H8v2h12V6zM4 11h2v2H4v-2zm16 0H8v2h12v-2zM4 16h2v2H4v-2zm16 0H8v2h12v-2z\" fill=\"currentColor\"><\/path><\/svg><svg style=\"fill: #999;color:#999\" class=\"arrow-unsorted-368013\" xmlns=\"http:\/\/www.w3.org\/2000\/svg\" width=\"10px\" height=\"10px\" viewBox=\"0 0 24 24\" version=\"1.2\" baseProfile=\"tiny\"><path d=\"M18.2 9.3l-6.2-6.3-6.2 6.3c-.2.2-.3.4-.3.7s.1.5.3.7c.2.2.4.3.7.3h11c.3 0 .5-.1.7-.3.2-.2.3-.5.3-.7s-.1-.5-.3-.7zM5.8 14.7l6.2 6.3 6.2-6.3c.2-.2.3-.5.3-.7s-.1-.5-.3-.7c-.2-.2-.4-.3-.7-.3h-11c-.3 0-.5.1-.7.3-.2.2-.3.5-.3.7s.1.5.3.7z\"\/><\/svg><\/span><\/span><\/span><\/a><\/span><\/div>\n<nav><ul class='ez-toc-list ez-toc-list-level-1 ' ><li class='ez-toc-page-1 ez-toc-heading-level-2'><a class=\"ez-toc-link ez-toc-heading-1\" href=\"https:\/\/enfoquenoticioso.com\/?p=2741\/#Memorias_sheldonianas\" >Memorias sheldonianas<\/a><\/li><\/ul><\/nav><\/div>\n<h2><span class=\"ez-toc-section\" id=\"Memorias_sheldonianas\"><\/span>Memorias sheldonianas<span class=\"ez-toc-section-end\"><\/span><\/h2>\n<p><em>\u00abEnlaza esas tramas juntas, incluso habiendo una diferencia de tiempo entre esos dos mundos\u00bb<\/em>, explica <strong>Steve Holland<\/strong>, showrunner de &#8216;El joven Sheldon&#8217; en <a rel=\"noopener, noreferrer\" href=\"https:\/\/eu.usatoday.com\/story\/entertainment\/tv\/2024\/05\/16\/young-sheldon-series-finale-recap\/73685522007\/\" target=\"_blank\">USA Today<\/a>, <em>\u00ab&#8230; quiz\u00e1s lo que hemos estado escuchando todo este tiempo es a Sheldon escribiendo sus memorias.\u00bb<\/em><\/p>\n<p><!-- BREAK 4 --><\/p>\n<div class=\"article-asset-image article-asset-large article-asset-center\">\n<div class=\"asset-content\">\n                   <img class=\"\" height=\"1080\" width=\"1920\" loading=\"lazy\" decoding=\"async\" sizes=\"auto, 100vw\" fetchpriority=\"high\" srcset=\"https:\/\/i.blogs.es\/b4dbd0\/sheldon-finale\/450_1000.jpeg 450w, https:\/\/i.blogs.es\/b4dbd0\/sheldon-finale\/650_1200.jpeg 681w,https:\/\/i.blogs.es\/b4dbd0\/sheldon-finale\/1024_2000.jpeg 1024w, https:\/\/i.blogs.es\/b4dbd0\/sheldon-finale\/1366_2000.jpeg 1366w\" src=\"https:\/\/i.blogs.es\/b4dbd0\/sheldon-finale\/450_1000.jpeg\" alt=\"Sheldon Finale\"\/><br \/>\n   <img decoding=\"async\" alt=\"Sheldon Finale\" class=\"\" src=\"https:\/\/i.blogs.es\/b4dbd0\/sheldon-finale\/450_1000.jpeg\"\/><\/p><\/div>\n<\/div>\n<p><em>\u00abEscribirla le da la oportunidad de honrar a su familia y a su padre de un modo que no sent\u00eda cuando era m\u00e1s joven\u00bb<\/em>, completa el cocreador de la serie <strong>Steven Molaro<\/strong>. Adem\u00e1s, hablando para <a rel=\"noopener, noreferrer\" href=\"https:\/\/deadline.com\/2024\/05\/young-sheldon-series-finale-producer-interview-1235919308\/\" target=\"_blank\">Deadline<\/a>, Holland da la clave de por qu\u00e9 Sheldon est\u00e1 escribiendo estas memorias:<\/p>\n<p><!-- BREAK 5 --><\/p>\n<blockquote><p>\u00abEs un f\u00edsico ganador del Premio Nobel. Creo que pudo asumir que el mundo necesitaba eso, tanto si ocurre como si no, pero como consecuencia de ser un ganador del Premio Nobel y quiz\u00e1s en lo que va a hacer incluso m\u00e1s investigaci\u00f3n, el mundo necesita saber sobre su infancia.\u00bb<\/p><\/blockquote>\n<p>El guionista <strong>tambi\u00e9n habla de c\u00f3mo se fragu\u00f3 este cameo<\/strong>. Si bien siempre ten\u00edan esa idea de traer de vuelta a los personajes, el tema era c\u00f3mo hacerlo sin ensombrecer el resto del reparto:<\/p>\n<p><!-- BREAK 6 --> <\/p>\n<blockquote><p>\u00abCreo que en el fondo fue lo que siempre quisimos. Por supuesto Jim, porque ha estado narrando todo. En lo que llegamos al final, creo que a Chuck Lorre se le ocurri\u00f3 la idea de traer de vuelta a Mayim y Jim, lo cual era realmente emocionante y divertido. Pero entonces fue un acto de equilibrio para nosotros. Quer\u00edamos asegura que honr\u00e1bamos este reparto y no dejar a los Sheldon y Amy adultos dominar el \u00faltimo episodio. Estoy realmente contento con el equilibrio que encontramos. Creo que Jim y Mayim est\u00e1n en una gran cantidad, pero creo que la familia Cooper tambi\u00e9n tiene sus momento de brillar.\u00bb<\/p><\/blockquote>\n<p>En Espinof | <a href=\"https:\/\/www.espinof.com\/series-de-ficcion\/esta-serie-copia-descarada-the-big-bang-theory-creadores-casi-se-salen-suya\" target=\"_blank\" rel=\"noopener\">La copia descarada bielorrusa de &#8216;The Big Bang Theory&#8217;<\/a><\/p>\n<p><!-- BREAK 7 --><\/p>\n<p>En Espinof | <a href=\"https:\/\/www.espinof.com\/listas\/mejores-series-2024\" target=\"_blank\" rel=\"noopener\">Las mejores series de 2024<\/a><\/p>\n<p><!-- BREAK 8 -->\n <\/div>\n<p><a href=\"https:\/\/www.espinof.com\/series-de-ficcion\/mundo-necesitaba-eso-showrunner-joven-sheldon-explica-esperado-gran-cameo-final-precuela-the-big-bang-theory\" class=\" target=\" title=\"El regreso de Sheldon fue mayor de lo esperado. As\u00ed se ide\u00f3 el emotivo gran cameo en el final de &#039;El joven Sheldon&#039;\" target=\"_blank\" rel=\"noopener\">Ver fuente<\/a><\/p>\n","protected":false},"excerpt":{"rendered":"<p>Y se acab\u00f3. Si bien todav\u00eda queda un tiempo para que podamos verlo por estos lares (Movistar Plus+ todav\u00eda no ha anunciado fecha), ayer se emiti\u00f3 en Estados Unidos el episodio final de &#8216;El joven Sheldon&#8216;, la exitosa precuela de &#8216;The Big Bang Theory&#8216;, que cerraba un ciclo de nada menos que siete temporadas. Por [&hellip;]<\/p>\n","protected":false},"author":2,"featured_media":2742,"comment_status":"open","ping_status":"closed","sticky":false,"template":"","format":"standard","meta":{"footnotes":""},"categories":[8],"tags":[],"class_list":["post-2741","post","type-post","status-publish","format-standard","has-post-thumbnail","hentry","category-entretenimiento"],"_links":{"self":[{"href":"https:\/\/enfoquenoticioso.com\/index.php?rest_route=\/wp\/v2\/posts\/2741","targetHints":{"allow":["GET"]}}],"collection":[{"href":"https:\/\/enfoquenoticioso.com\/index.php?rest_route=\/wp\/v2\/posts"}],"about":[{"href":"https:\/\/enfoquenoticioso.com\/index.php?rest_route=\/wp\/v2\/types\/post"}],"author":[{"embeddable":true,"href":"https:\/\/enfoquenoticioso.com\/index.php?rest_route=\/wp\/v2\/users\/2"}],"replies":[{"embeddable":true,"href":"https:\/\/enfoquenoticioso.com\/index.php?rest_route=%2Fwp%2Fv2%2Fcomments&post=2741"}],"version-history":[{"count":0,"href":"https:\/\/enfoquenoticioso.com\/index.php?rest_route=\/wp\/v2\/posts\/2741\/revisions"}],"wp:featuredmedia":[{"embeddable":true,"href":"https:\/\/enfoquenoticioso.com\/index.php?rest_route=\/wp\/v2\/media\/2742"}],"wp:attachment":[{"href":"https:\/\/enfoquenoticioso.com\/index.php?rest_route=%2Fwp%2Fv2%2Fmedia&parent=2741"}],"wp:term":[{"taxonomy":"category","embeddable":true,"href":"https:\/\/enfoquenoticioso.com\/index.php?rest_route=%2Fwp%2Fv2%2Fcategories&post=2741"},{"taxonomy":"post_tag","embeddable":true,"href":"https:\/\/enfoquenoticioso.com\/index.php?rest_route=%2Fwp%2Fv2%2Ftags&post=2741"}],"curies":[{"name":"wp","href":"https:\/\/api.w.org\/{rel}","templated":true}]}}