{"id":2751,"date":"2024-05-18T09:24:04","date_gmt":"2024-05-18T09:24:04","guid":{"rendered":"https:\/\/enfoquenoticioso.com\/deporte\/dennicher-carrasco-se-suma-a-guerreros\/"},"modified":"2024-05-18T09:24:04","modified_gmt":"2024-05-18T09:24:04","slug":"dennicher-carrasco-se-suma-a-guerreros","status":"publish","type":"post","link":"https:\/\/enfoquenoticioso.com\/?p=2751","title":{"rendered":"Dennicher Carrasco se suma a Guerreros"},"content":{"rendered":"<div data-td-block-uid=\"tdi_91\">\n<div class=\"tdb-block-inner td-fix-index\">\n<p>El due\u00f1o y se\u00f1or del r\u00e9cord de m\u00e1s jonrones en una temporada de la Liga Mayor de Beisbol (LMBP), Dennicher Carrasco, est\u00e1 listo para defender su marca, pero esta vez luciendo la camiseta de Guerreros de Lara.<\/p>\n<p>El anuncio fue hecho este viernes a trav\u00e9s de las redes sociales del equipo crepuscular, en las que adem\u00e1s compartieron varias fotos del dominicano en las pr\u00e1cticas.<\/p>\n<figure class=\"wp-block-embed is-type-rich is-provider-instagram wp-block-embed-instagram\"\/>\n<p>El infielder, de 28 a\u00f1os, que estuvo cinco campa\u00f1as en Ligas Menores con los Reales de Kansas City, debut\u00f3 en la Liga Mayor el a\u00f1o pasado con el uniforme de Caciques de Distrito y a fuerza de jonrones se convirti\u00f3 en uno de los favoritos de la afici\u00f3n.<\/p>\n<p><strong>Lee tambi\u00e9n:<a href=\"https:\/\/www.liderendeportes.com\/noticias\/baseball\/lmbp\/delfines-de-la-guaira-completo-su-importacion\/\" target=\"_blank\" rel=\"noopener\"> Delfines de La Guaira complet\u00f3 su importaci\u00f3n<\/a><\/strong><\/p>\n<p>Con 15 vuelacercas pulveriz\u00f3 la marca de m\u00e1s jonrones en una campa\u00f1a, que hab\u00eda instaurado Juan Infante en 2021, cuando sac\u00f3 ocho pelotas con Marineros de Carabobo. Adem\u00e1s dej\u00f3 un s\u00f3lido promedio de .336 con 39 remolques. Mejorar esa cosecha, por supuesto, es un reto enorme, pero est\u00e1 dispuesto a asumirlo.<\/p>\n<p>\u201cEs un reto, cada a\u00f1o uno quiere ser mejor. Vengo preparado para poder seguir los pasos del a\u00f1o pasado y romper el r\u00e9cord\u2026 Subirlo a 20 al menos\u201d, coment\u00f3 en un peque\u00f1o video compartido por el departamento de prensa de Guerreros.<\/p>\n<p>Dennicher Carrasco es el sexto importado de los de C\u00e9sar Izturis. Antes confirmaron la firma de los dominicanos No\u00e9 Toribio (LD), Michael Ynoa (LD), Richelson Pe\u00f1a (LD), Iv\u00e1n Pi\u00f1eyro (LD) y Sandber Pimentel (INF).<\/p>\n<\/div>\n<\/div>\n<p><a href=\"https:\/\/www.liderendeportes.com\/noticias\/baseball\/lmbp\/dennicher-carrasco-se-suma-a-guerreros\/\" class=\" target=\" title=\"Dennicher Carrasco se suma a Guerreros\" target=\"_blank\" rel=\"noopener\">Ver fuente<\/a><\/p>\n","protected":false},"excerpt":{"rendered":"<p>El due\u00f1o y se\u00f1or del r\u00e9cord de m\u00e1s jonrones en una temporada de la Liga Mayor de Beisbol (LMBP), Dennicher Carrasco, est\u00e1 listo para defender su marca, pero esta vez luciendo la camiseta de Guerreros de Lara. El anuncio fue hecho este viernes a trav\u00e9s de las redes sociales del equipo crepuscular, en las que [&hellip;]<\/p>\n","protected":false},"author":2,"featured_media":2752,"comment_status":"open","ping_status":"closed","sticky":false,"template":"","format":"standard","meta":{"footnotes":""},"categories":[7],"tags":[],"class_list":["post-2751","post","type-post","status-publish","format-standard","has-post-thumbnail","hentry","category-deporte"],"_links":{"self":[{"href":"https:\/\/enfoquenoticioso.com\/index.php?rest_route=\/wp\/v2\/posts\/2751","targetHints":{"allow":["GET"]}}],"collection":[{"href":"https:\/\/enfoquenoticioso.com\/index.php?rest_route=\/wp\/v2\/posts"}],"about":[{"href":"https:\/\/enfoquenoticioso.com\/index.php?rest_route=\/wp\/v2\/types\/post"}],"author":[{"embeddable":true,"href":"https:\/\/enfoquenoticioso.com\/index.php?rest_route=\/wp\/v2\/users\/2"}],"replies":[{"embeddable":true,"href":"https:\/\/enfoquenoticioso.com\/index.php?rest_route=%2Fwp%2Fv2%2Fcomments&post=2751"}],"version-history":[{"count":0,"href":"https:\/\/enfoquenoticioso.com\/index.php?rest_route=\/wp\/v2\/posts\/2751\/revisions"}],"wp:featuredmedia":[{"embeddable":true,"href":"https:\/\/enfoquenoticioso.com\/index.php?rest_route=\/wp\/v2\/media\/2752"}],"wp:attachment":[{"href":"https:\/\/enfoquenoticioso.com\/index.php?rest_route=%2Fwp%2Fv2%2Fmedia&parent=2751"}],"wp:term":[{"taxonomy":"category","embeddable":true,"href":"https:\/\/enfoquenoticioso.com\/index.php?rest_route=%2Fwp%2Fv2%2Fcategories&post=2751"},{"taxonomy":"post_tag","embeddable":true,"href":"https:\/\/enfoquenoticioso.com\/index.php?rest_route=%2Fwp%2Fv2%2Ftags&post=2751"}],"curies":[{"name":"wp","href":"https:\/\/api.w.org\/{rel}","templated":true}]}}