{"id":2772,"date":"2024-05-18T16:21:40","date_gmt":"2024-05-18T16:21:40","guid":{"rendered":"https:\/\/enfoquenoticioso.com\/deporte\/joselyn-brea-aseguro-su-participacion-en-los-juegos-olimpicos-de-paris\/"},"modified":"2024-05-18T16:21:40","modified_gmt":"2024-05-18T16:21:40","slug":"joselyn-brea-aseguro-su-participacion-en-los-juegos-olimpicos-de-paris","status":"publish","type":"post","link":"https:\/\/enfoquenoticioso.com\/?p=2772","title":{"rendered":"Joselyn Brea asegur\u00f3 su participaci\u00f3n en los Juegos Ol\u00edmpicos de Par\u00eds"},"content":{"rendered":"<div>\n<p>La venezolana Joselyn Brea, asegur\u00f3 su clasificaci\u00f3n para los Juegos Ol\u00edmpicos de Par\u00eds 2024 luego de obtener el r\u00e9cord nacional y panamericano con registro de 14:36:59 en el Gran Premio de Los \u00c1ngeles.<\/p>\n<p>Luego de ser nominada la \u00abMejor Atleta Femenina de Am\u00e9rica\u00bb y ganar el oro en los 1.500 metros femeninos en Santiago 2023, la corredora criolla de 28 a\u00f1os logr\u00f3 sumarse al grupo de hasta ahora 26 clasificados.<\/p>\n<blockquote class=\"twitter-tweet\">\n<p dir=\"ltr\" lang=\"es\">\ud83c\uddfb\ud83c\uddea\ud83d\udd1c\ud83c\uddeb\ud83c\uddf7<\/p>\n<p>Joselyn Brea clasifica a los Juegos Ol\u00edmpicos de <a href=\"https:\/\/twitter.com\/Paris2024?ref_src=twsrc%5Etfw\" target=\"_blank\" rel=\"noopener\">@paris2024<\/a> en los 5000m tras lograr la marca en el Gran Premio de Los \u00c1ngeles, y se suma a la delegaci\u00f3n venezolana.<\/p>\n<p>\ud83d\udc4f \u00a1Las <a href=\"https:\/\/twitter.com\/hashtag\/huellas?src=hash&amp;ref_src=twsrc%5Etfw\" target=\"_blank\" rel=\"noopener\">#huellas<\/a> de <a href=\"https:\/\/twitter.com\/JoselynBrea?ref_src=twsrc%5Etfw\" target=\"_blank\" rel=\"noopener\">@JoselynBrea<\/a> y el <a href=\"https:\/\/twitter.com\/OfficialCOV?ref_src=twsrc%5Etfw\" target=\"_blank\" rel=\"noopener\">@OfficialCOV<\/a>, a sentirse en <a href=\"https:\/\/twitter.com\/hashtag\/paris2024?src=hash&amp;ref_src=twsrc%5Etfw\" target=\"_blank\" rel=\"noopener\">#paris2024<\/a> \ud83d\udd1c\ud83c\uddeb\ud83c\uddf7! <a href=\"https:\/\/t.co\/F8bPVqsLNF\">pic.twitter.com\/F8bPVqsLNF<\/a><\/p>\n<p>\u2014 Centro Caribe Sports (@CentroCaribeS) <a href=\"https:\/\/twitter.com\/CentroCaribeS\/status\/1791744905733079201?ref_src=twsrc%5Etfw\" target=\"_blank\" rel=\"noopener\">May 18, 2024<\/a><\/p>\n<\/blockquote>\n<blockquote class=\"twitter-tweet\">\n<p dir=\"ltr\" lang=\"es\">Joselyn Brea se apunta a <a href=\"https:\/\/twitter.com\/Paris2024?ref_src=twsrc%5Etfw\" target=\"_blank\" rel=\"noopener\">@Paris2024<\/a> \ud83c\uddf2\ud83c\uddeb<\/p>\n<p>La doble campeona panamericana logr\u00f3 14:36.59 en el Gran Prix de Los \u00c1ngeles \ud83c\uddfa\ud83c\uddf2 y adem\u00e1s de superar su propia marca nacional, logr\u00f3 superar la marca m\u00ednima (14:52.00) para los Juegos Ol\u00edmpicos en 5000 metros.<a href=\"https:\/\/twitter.com\/hashtag\/RoadToParis2024?src=hash&amp;ref_src=twsrc%5Etfw\" target=\"_blank\" rel=\"noopener\">#RoadToParis2024<\/a> <a href=\"https:\/\/twitter.com\/hashtag\/Paris2024?src=hash&amp;ref_src=twsrc%5Etfw\" target=\"_blank\" rel=\"noopener\">#Paris2024<\/a> <a href=\"https:\/\/t.co\/ju8tDSEoJo\">pic.twitter.com\/ju8tDSEoJo<\/a><\/p>\n<p>\u2014 Comit\u00e9 Ol\u00edmpico Venezolano (@OfficialCOV) <a href=\"https:\/\/twitter.com\/OfficialCOV\/status\/1791731566554513786?ref_src=twsrc%5Etfw\" target=\"_blank\" rel=\"noopener\">May 18, 2024<\/a><\/p>\n<\/blockquote>\n<p>Brea repiti\u00f3 en Los \u00c1ngeles su accionar del 6 de mayo de 2023, donde hizo un excelente tiempo de 14:47:76 minutos, representando en su momento un r\u00e9cord suramericano que incluso pudo haber sido su pase a la m\u00e1xima cita del deporte, pero el periodo para cumplir con las marcas m\u00ednimas no hab\u00eda iniciado.<\/p>\n<p>Vale destacar que Brea cuenta con doble nacionalidad, venezolana y espa\u00f1ola, sin embargo decidi\u00f3 defender los colores de Venezuela en competiciones internacionales.<\/p>\n<\/div>\n<p><script async src=\"\/\/platform.twitter.com\/widgets.js\" charset=\"utf-8\"><\/script><br \/>\n<br \/><a href=\"https:\/\/noticiasaldiayalahora.co\/deportes\/joselyn-brea-aseguro-su-participacion-en-los-juegos-olimpicos-de-paris\/\" class=\" target=\" title=\"Joselyn Brea asegur\u00f3 su participaci\u00f3n en los Juegos Ol\u00edmpicos de Par\u00eds\" target=\"_blank\" rel=\"noopener\">Ver fuente<\/a><\/p>\n","protected":false},"excerpt":{"rendered":"<p>La venezolana Joselyn Brea, asegur\u00f3 su clasificaci\u00f3n para los Juegos Ol\u00edmpicos de Par\u00eds 2024 luego de obtener el r\u00e9cord nacional y panamericano con registro de 14:36:59 en el Gran Premio de Los \u00c1ngeles. Luego de ser nominada la \u00abMejor Atleta Femenina de Am\u00e9rica\u00bb y ganar el oro en los 1.500 metros femeninos en Santiago 2023, [&hellip;]<\/p>\n","protected":false},"author":2,"featured_media":2773,"comment_status":"open","ping_status":"closed","sticky":false,"template":"","format":"standard","meta":{"footnotes":""},"categories":[7],"tags":[],"class_list":["post-2772","post","type-post","status-publish","format-standard","has-post-thumbnail","hentry","category-deporte"],"_links":{"self":[{"href":"https:\/\/enfoquenoticioso.com\/index.php?rest_route=\/wp\/v2\/posts\/2772","targetHints":{"allow":["GET"]}}],"collection":[{"href":"https:\/\/enfoquenoticioso.com\/index.php?rest_route=\/wp\/v2\/posts"}],"about":[{"href":"https:\/\/enfoquenoticioso.com\/index.php?rest_route=\/wp\/v2\/types\/post"}],"author":[{"embeddable":true,"href":"https:\/\/enfoquenoticioso.com\/index.php?rest_route=\/wp\/v2\/users\/2"}],"replies":[{"embeddable":true,"href":"https:\/\/enfoquenoticioso.com\/index.php?rest_route=%2Fwp%2Fv2%2Fcomments&post=2772"}],"version-history":[{"count":0,"href":"https:\/\/enfoquenoticioso.com\/index.php?rest_route=\/wp\/v2\/posts\/2772\/revisions"}],"wp:featuredmedia":[{"embeddable":true,"href":"https:\/\/enfoquenoticioso.com\/index.php?rest_route=\/wp\/v2\/media\/2773"}],"wp:attachment":[{"href":"https:\/\/enfoquenoticioso.com\/index.php?rest_route=%2Fwp%2Fv2%2Fmedia&parent=2772"}],"wp:term":[{"taxonomy":"category","embeddable":true,"href":"https:\/\/enfoquenoticioso.com\/index.php?rest_route=%2Fwp%2Fv2%2Fcategories&post=2772"},{"taxonomy":"post_tag","embeddable":true,"href":"https:\/\/enfoquenoticioso.com\/index.php?rest_route=%2Fwp%2Fv2%2Ftags&post=2772"}],"curies":[{"name":"wp","href":"https:\/\/api.w.org\/{rel}","templated":true}]}}