{"id":2810,"date":"2024-05-18T23:31:09","date_gmt":"2024-05-18T23:31:09","guid":{"rendered":"https:\/\/enfoquenoticioso.com\/deporte\/campeonato-de-automovilismo-llega-a-san-carlos\/"},"modified":"2024-05-18T23:31:09","modified_gmt":"2024-05-18T23:31:09","slug":"campeonato-de-automovilismo-llega-a-san-carlos","status":"publish","type":"post","link":"https:\/\/enfoquenoticioso.com\/?p=2810","title":{"rendered":"Campeonato de Automovilismo llega a San Carlos"},"content":{"rendered":"<div data-td-block-uid=\"tdi_91\">\n<div class=\"tdb-block-inner td-fix-index\">\n<p>Prepara tus sentidos para sumergirte en la adrenalina de la Primera V\u00e1lida Nacional de Motovelocidad de Alta Cilindrada y la Segunda v\u00e1lida del Campeonato Venezolano de Automovilismo que se llevar\u00e1n a cabo el pr\u00f3ximo s\u00e1bado 25 de mayo en el hist\u00f3rico trazado del estado Cojedes.<\/p>\n<p>San Carlos se convierte en el epicentro de la velocidad con las clases SuperSport 600cc y SuperBike 1000cc, en una competencia de alto calibre que promete elevar el nivel de los deportes a motor de nuestro pa\u00eds celebrando la Copa Yamaha. El Campeonato Venezolano de Automovilismo es el anfitri\u00f3n y parte protag\u00f3nica en esta fiesta de velocidad y destreza donde campeones nacionales en motos y carros se dar\u00e1n cita en un evento sin Precedentes.<\/p>\n<p><strong>Lee tambi\u00e9n: <a href=\"https:\/\/www.liderendeportes.com\/noticias\/mas-deportes\/motor\/angelo-fontana-domino-la-pista-en-turagua\/\" target=\"_blank\" rel=\"noopener\">Angelo Fontana domin\u00f3 la pista en Turagua<\/a><\/strong><\/p>\n<p>Pilotos de \u00e9lite provenientes de todos los rincones del pa\u00eds se enfrentar\u00e1n en las reci\u00e9n estrenadas categor\u00edas Easy Civic y F\u00f3rmula Quik prometiendo un espect\u00e1culo que elevar\u00e1 los est\u00e1ndares de emoci\u00f3n y competencia junto a las potentes m\u00e1quinas de alta cilindrada de motovelocidad que se dar\u00e1n cita para el disfrute de toda la familia.<\/p>\n<p>La adrenalina se fusiona con la m\u00fasica y la diversi\u00f3n en esta fiesta del motor organizada por San Carlos Group<a href=\"https:\/\/twitter.com\/Danieldhers\" target=\"_blank\" rel=\"noopener\">.<\/a><\/p>\n<p>La cita es en el circuito de San Carlos el s\u00e1bado 25 de mayo a partir de las 10 de la ma\u00f1ana.<\/p>\n<\/div>\n<\/div>\n<p><script async src=\"\/\/platform.twitter.com\/widgets.js\" charset=\"utf-8\"><\/script><br \/>\n<br \/><a href=\"https:\/\/www.liderendeportes.com\/noticias\/mas-deportes\/motor\/campeonato-de-automovilismo-llega-a-san-carlos\/\" class=\" target=\" title=\"Campeonato de Automovilismo llega a San Carlos\" target=\"_blank\" rel=\"noopener\">Ver fuente<\/a><\/p>\n","protected":false},"excerpt":{"rendered":"<p>Prepara tus sentidos para sumergirte en la adrenalina de la Primera V\u00e1lida Nacional de Motovelocidad de Alta Cilindrada y la Segunda v\u00e1lida del Campeonato Venezolano de Automovilismo que se llevar\u00e1n a cabo el pr\u00f3ximo s\u00e1bado 25 de mayo en el hist\u00f3rico trazado del estado Cojedes. San Carlos se convierte en el epicentro de la velocidad [&hellip;]<\/p>\n","protected":false},"author":2,"featured_media":2811,"comment_status":"open","ping_status":"closed","sticky":false,"template":"","format":"standard","meta":{"footnotes":""},"categories":[7],"tags":[],"class_list":["post-2810","post","type-post","status-publish","format-standard","has-post-thumbnail","hentry","category-deporte"],"_links":{"self":[{"href":"https:\/\/enfoquenoticioso.com\/index.php?rest_route=\/wp\/v2\/posts\/2810","targetHints":{"allow":["GET"]}}],"collection":[{"href":"https:\/\/enfoquenoticioso.com\/index.php?rest_route=\/wp\/v2\/posts"}],"about":[{"href":"https:\/\/enfoquenoticioso.com\/index.php?rest_route=\/wp\/v2\/types\/post"}],"author":[{"embeddable":true,"href":"https:\/\/enfoquenoticioso.com\/index.php?rest_route=\/wp\/v2\/users\/2"}],"replies":[{"embeddable":true,"href":"https:\/\/enfoquenoticioso.com\/index.php?rest_route=%2Fwp%2Fv2%2Fcomments&post=2810"}],"version-history":[{"count":0,"href":"https:\/\/enfoquenoticioso.com\/index.php?rest_route=\/wp\/v2\/posts\/2810\/revisions"}],"wp:featuredmedia":[{"embeddable":true,"href":"https:\/\/enfoquenoticioso.com\/index.php?rest_route=\/wp\/v2\/media\/2811"}],"wp:attachment":[{"href":"https:\/\/enfoquenoticioso.com\/index.php?rest_route=%2Fwp%2Fv2%2Fmedia&parent=2810"}],"wp:term":[{"taxonomy":"category","embeddable":true,"href":"https:\/\/enfoquenoticioso.com\/index.php?rest_route=%2Fwp%2Fv2%2Fcategories&post=2810"},{"taxonomy":"post_tag","embeddable":true,"href":"https:\/\/enfoquenoticioso.com\/index.php?rest_route=%2Fwp%2Fv2%2Ftags&post=2810"}],"curies":[{"name":"wp","href":"https:\/\/api.w.org\/{rel}","templated":true}]}}