{"id":2816,"date":"2024-05-19T01:27:08","date_gmt":"2024-05-19T01:27:08","guid":{"rendered":"https:\/\/enfoquenoticioso.com\/deporte\/ernesto-valverde-renueva-con-el-athletic\/"},"modified":"2024-05-19T01:27:08","modified_gmt":"2024-05-19T01:27:08","slug":"ernesto-valverde-renueva-con-el-athletic","status":"publish","type":"post","link":"https:\/\/enfoquenoticioso.com\/?p=2816","title":{"rendered":"Ernesto Valverde renueva con el Athletic"},"content":{"rendered":"<div data-td-block-uid=\"tdi_91\">\n<div class=\"tdb-block-inner td-fix-index\">\n<p>El entrenador del Athletic, Ernesto Valverde, ha renovado por un a\u00f1o m\u00e1s con el club rojiblanco, en el que en la 2024-2025 arrancar\u00e1 su novena temporada como m\u00e1ximo responsable t\u00e9cnico de la primera plantilla, seg\u00fan ha informado la entidad bilba\u00edna.<\/p>\n<p>El t\u00e9cnico ha asegurado que quiere \u201cdar una vuelta de tuerca m\u00e1s para hacer un poco m\u00e1s grande al Athletic\u201d.<\/p>\n<figure class=\"wp-block-embed is-type-rich is-provider-twitter wp-block-embed-twitter\">\n<div class=\"wp-block-embed__wrapper\">\n<blockquote class=\"twitter-tweet\" data-width=\"550\" data-dnt=\"true\">\n<p lang=\"es\" dir=\"ltr\">\ud83d\udca5 \u00a1Ernesto Valverde seguir\u00e1 una temporada m\u00e1s en el Athletic!<\/p>\n<p>El entrenador, campe\u00f3n de Copa y n\u00famero uno de partidos en el Club, agranda su leyenda dirigiendo al primer equipo una novena temporada, la del regreso a Europa.<a href=\"https:\/\/twitter.com\/hashtag\/ErnestoValverde2025?src=hash&amp;ref_src=twsrc%5Etfw\" target=\"_blank\" rel=\"noopener\">#ErnestoValverde2025<\/a> <a href=\"https:\/\/twitter.com\/hashtag\/AthleticClub?src=hash&amp;ref_src=twsrc%5Etfw\" target=\"_blank\" rel=\"noopener\">#AthleticClub<\/a> \ud83e\udd81<\/p>\n<p>\u2014 Athletic Club (@AthleticClub) <a href=\"https:\/\/twitter.com\/AthleticClub\/status\/1791532861352288689?ref_src=twsrc%5Etfw\" target=\"_blank\" rel=\"noopener\">May 17, 2024<\/a><\/p><\/blockquote>\n<\/div>\n<\/figure>\n<p>\u201cEste a\u00f1o ha sido especial, diferente, tambi\u00e9n hist\u00f3rico y vamos a ver el a\u00f1o que viene con una mayor dificultad porque hay m\u00e1s competiciones y con mayor ilusi\u00f3n por todas ellas. Pero estamos con ganas de continuar con este proyecto a ver si podemos dar todav\u00eda una vuelta de tuerca m\u00e1s y hacer todav\u00eda un poco m\u00e1s grande a este club\u201d, dijo Valverde tras anunciarse su renovaci\u00f3n, en declaraciones distribuidas por el club vasco.<\/p>\n<p>Para el \u2018Txingurri\u2019, \u201cen una ilusi\u00f3n nueva poder dirigir un a\u00f1o m\u00e1s al Athletic, con todas las incertidumbres con las que luego se afronta el a\u00f1o nuevo y todas las ilusiones que tienes puestas en lo que va a venir\u201d.<\/p>\n<p>En ese sentido, agradeci\u00f3 la confianza depositada en \u00e9l por la Junta Directiva del presidente Jon Uriarte: \u201cdesde luego lo agradezco porque sabemos como es el f\u00fatbol, el nivel de exigencia que tiene y que el club vuelva a confiar en m\u00ed es algo que me gusta porque es mi club\u201d.<\/p>\n<p><strong>Lee tambi\u00e9n:\u00a0<a href=\"https:\/\/www.liderendeportes.com\/noticias\/vinotinto\/batista-tenemos-que-seguir-afianzando-ideas\/\" target=\"_blank\" rel=\"noopener\">Batista: \u201cTenemos que seguir afianzando ideas\u201d<\/a><\/strong><\/p>\n<p>No obstante, reconoce que \u201cal mismo tiempo es una gran responsabilidad devolver toda esa responsabilidad que depositan en m\u00ed, una responsabilidad con toda la gente que me apoya en Lezama, porque es fundamental para m\u00ed ese ambiente de trabajo, y una gran responsabilidad con nuestro p\u00fablico\u201d.<\/p>\n<p>A ese respecto, repar\u00f3 en la importancia de \u201cintentar cada d\u00eda en San Mam\u00e9s ganar y hacer un juego con el que la gente se pueda identificar, intentar ir a los campos representando al Athletic dando una buena medida y que todo el mundo se reconozca y, sobre todo, ir consiguiendo que cada vez haya m\u00e1s gente que quiera ser del Athletic\u201d.<\/p>\n<p><strong>EFE<\/strong><\/p>\n<\/div>\n<\/div>\n<p><script async src=\"\/\/platform.twitter.com\/widgets.js\" charset=\"utf-8\"><\/script><br \/>\n<br \/><a href=\"https:\/\/www.liderendeportes.com\/noticias\/futbol\/europeo\/ernesto-valverde-renueva-con-el-athletic\/\" class=\" target=\" title=\"Ernesto Valverde renueva con el Athletic\" target=\"_blank\" rel=\"noopener\">Ver fuente<\/a><\/p>\n","protected":false},"excerpt":{"rendered":"<p>El entrenador del Athletic, Ernesto Valverde, ha renovado por un a\u00f1o m\u00e1s con el club rojiblanco, en el que en la 2024-2025 arrancar\u00e1 su novena temporada como m\u00e1ximo responsable t\u00e9cnico de la primera plantilla, seg\u00fan ha informado la entidad bilba\u00edna. El t\u00e9cnico ha asegurado que quiere \u201cdar una vuelta de tuerca m\u00e1s para hacer un [&hellip;]<\/p>\n","protected":false},"author":2,"featured_media":2817,"comment_status":"open","ping_status":"closed","sticky":false,"template":"","format":"standard","meta":{"footnotes":""},"categories":[7],"tags":[],"class_list":["post-2816","post","type-post","status-publish","format-standard","has-post-thumbnail","hentry","category-deporte"],"_links":{"self":[{"href":"https:\/\/enfoquenoticioso.com\/index.php?rest_route=\/wp\/v2\/posts\/2816","targetHints":{"allow":["GET"]}}],"collection":[{"href":"https:\/\/enfoquenoticioso.com\/index.php?rest_route=\/wp\/v2\/posts"}],"about":[{"href":"https:\/\/enfoquenoticioso.com\/index.php?rest_route=\/wp\/v2\/types\/post"}],"author":[{"embeddable":true,"href":"https:\/\/enfoquenoticioso.com\/index.php?rest_route=\/wp\/v2\/users\/2"}],"replies":[{"embeddable":true,"href":"https:\/\/enfoquenoticioso.com\/index.php?rest_route=%2Fwp%2Fv2%2Fcomments&post=2816"}],"version-history":[{"count":0,"href":"https:\/\/enfoquenoticioso.com\/index.php?rest_route=\/wp\/v2\/posts\/2816\/revisions"}],"wp:featuredmedia":[{"embeddable":true,"href":"https:\/\/enfoquenoticioso.com\/index.php?rest_route=\/wp\/v2\/media\/2817"}],"wp:attachment":[{"href":"https:\/\/enfoquenoticioso.com\/index.php?rest_route=%2Fwp%2Fv2%2Fmedia&parent=2816"}],"wp:term":[{"taxonomy":"category","embeddable":true,"href":"https:\/\/enfoquenoticioso.com\/index.php?rest_route=%2Fwp%2Fv2%2Fcategories&post=2816"},{"taxonomy":"post_tag","embeddable":true,"href":"https:\/\/enfoquenoticioso.com\/index.php?rest_route=%2Fwp%2Fv2%2Ftags&post=2816"}],"curies":[{"name":"wp","href":"https:\/\/api.w.org\/{rel}","templated":true}]}}