{"id":2826,"date":"2024-05-19T04:07:27","date_gmt":"2024-05-19T04:07:27","guid":{"rendered":"https:\/\/enfoquenoticioso.com\/tecnologia\/la-dgt-podria-multarte-por-estas-practicas\/"},"modified":"2024-05-19T04:07:27","modified_gmt":"2024-05-19T04:07:27","slug":"la-dgt-podria-multarte-por-estas-practicas","status":"publish","type":"post","link":"https:\/\/enfoquenoticioso.com\/?p=2826","title":{"rendered":"la DGT podr\u00eda multarte por estas pr\u00e1cticas"},"content":{"rendered":"<div>\n<p>\u00bfAbusas del carril izquierdo cuando conduces? Mucho cuidado, el <a href=\"https:\/\/x.com\/DGTes\/status\/1778856921719562490\">nuevo reglamento<\/a> de la Direcci\u00f3n General de Tr\u00e1fico (DGT), que podr\u00eda entrar en vigor en 2025, podr\u00eda sancionar con una multa de una cantidad elevada<strong> algunas pr\u00e1cticas que realizan com\u00fanmente los conductores<\/strong> y que pueden suponer un peligro para la seguridad vial. <\/p>\n<p>En concreto, la DGT planea modificar el punto 31 del Reglamento General de Circulaci\u00f3n para <strong>prohibir terminantemente el adelantamiento por el carril izquierdo<\/strong> cuando las condiciones meteorol\u00f3gicas sean desfavorables. O dicho de otro modo, cuando haya nieve o hielo en la carretera, y esto pueda entorpecer en la circulaci\u00f3n. <\/p>\n<p>El objetivo de la DDGT es que los conductores puedan dejar libre el carril izquierdo para que los veh\u00edculos de emergencia, tales como bomberos, ambulancias o polic\u00edas,<strong> puedan circular sin problemas y sin bloqueos por las situaciones meteorol\u00f3gicas adversas<\/strong>. De hecho, es com\u00fan que cuando nieva o cuando hay hielo en la carretera a causa del fr\u00edo, se creen largas colas de retenciones por culpa de un accidente, una salida colapsada, etc.<\/p>\n<p>Por el momento, se desconoce cu\u00e1l ser\u00e1 la <strong><a href=\"https:\/\/hipertextual.com\/2024\/02\/la-dgt-puede-multarte-si-dejas-mal-la-compra-en-tu-coche\" target=\"_blank\" rel=\"noopener\">sanci\u00f3n<\/a> que impondr\u00e1 la DGT<\/strong> a todos aquellos que incumplan con esta normativa. Pues todav\u00eda no se ha hecho oficial.<\/p>\n<div id=\"ez-toc-container\" class=\"ez-toc-v2_0_81 counter-hierarchy ez-toc-counter ez-toc-grey ez-toc-container-direction\">\n<div class=\"ez-toc-title-container\">\n<p class=\"ez-toc-title\" style=\"cursor:inherit\">Tabla de Contenido<\/p>\n<span class=\"ez-toc-title-toggle\"><a href=\"#\" class=\"ez-toc-pull-right ez-toc-btn ez-toc-btn-xs ez-toc-btn-default ez-toc-toggle\" aria-label=\"Alternar tabla de contenidos\"><span class=\"ez-toc-js-icon-con\"><span class=\"\"><span class=\"eztoc-hide\" style=\"display:none;\">Toggle<\/span><span class=\"ez-toc-icon-toggle-span\"><svg style=\"fill: #999;color:#999\" xmlns=\"http:\/\/www.w3.org\/2000\/svg\" class=\"list-377408\" width=\"20px\" height=\"20px\" viewBox=\"0 0 24 24\" fill=\"none\"><path d=\"M6 6H4v2h2V6zm14 0H8v2h12V6zM4 11h2v2H4v-2zm16 0H8v2h12v-2zM4 16h2v2H4v-2zm16 0H8v2h12v-2z\" fill=\"currentColor\"><\/path><\/svg><svg style=\"fill: #999;color:#999\" class=\"arrow-unsorted-368013\" xmlns=\"http:\/\/www.w3.org\/2000\/svg\" width=\"10px\" height=\"10px\" viewBox=\"0 0 24 24\" version=\"1.2\" baseProfile=\"tiny\"><path d=\"M18.2 9.3l-6.2-6.3-6.2 6.3c-.2.2-.3.4-.3.7s.1.5.3.7c.2.2.4.3.7.3h11c.3 0 .5-.1.7-.3.2-.2.3-.5.3-.7s-.1-.5-.3-.7zM5.8 14.7l6.2 6.3 6.2-6.3c.2-.2.3-.5.3-.7s-.1-.5-.3-.7c-.2-.2-.4-.3-.7-.3h-11c-.3 0-.5.1-.7.3-.2.2-.3.5-.3.7s.1.5.3.7z\"\/><\/svg><\/span><\/span><\/span><\/a><\/span><\/div>\n<nav><ul class='ez-toc-list ez-toc-list-level-1 ' ><li class='ez-toc-page-1 ez-toc-heading-level-2'><a class=\"ez-toc-link ez-toc-heading-1\" href=\"https:\/\/enfoquenoticioso.com\/?p=2826\/#Otros_cambios_que_realizara_la_DGT_en_las_carreteras\" >Otros cambios que realizar\u00e1 la DGT en las carreteras<\/a><ul class='ez-toc-list-level-4' ><li class='ez-toc-heading-level-4'><ul class='ez-toc-list-level-4' ><li class='ez-toc-heading-level-4'><a class=\"ez-toc-link ez-toc-heading-2\" href=\"https:\/\/enfoquenoticioso.com\/?p=2826\/#Tambien_en_Hipertextual\" >Tambi\u00e9n en Hipertextual:<\/a><\/li><\/ul><\/li><\/ul><\/li><\/ul><\/nav><\/div>\n<h2 class=\"wp-block-heading\" id=\"h-otros-cambios-que-realizara-la-dgt-en-las-carreteras\"><span class=\"ez-toc-section\" id=\"Otros_cambios_que_realizara_la_DGT_en_las_carreteras\"><\/span>Otros cambios que realizar\u00e1 la DGT en las carreteras<span class=\"ez-toc-section-end\"><\/span><\/h2>\n<figure class=\"wp-block-image alignwide size-large\"><img loading=\"lazy\" decoding=\"async\" width=\"780\" height=\"520\" alt=\"DGT\" class=\"wp-image-1425071 perfmatters-lazy\" data-recalc-dims=\"1\" src=\"https:\/\/i0.wp.com\/imgs.hipertextual.com\/wp-content\/uploads\/2022\/08\/ciclistas-dgt-multas-03-1500x1000.jpg?resize=780%2C520&amp;quality=55&amp;strip=all&amp;ssl=1\" srcset=\"https:\/\/i0.wp.com\/imgs.hipertextual.com\/wp-content\/uploads\/2022\/08\/ciclistas-dgt-multas-03.jpg?resize=1500%2C1000&amp;quality=55&amp;strip=all&amp;ssl=1 1500w, https:\/\/i0.wp.com\/imgs.hipertextual.com\/wp-content\/uploads\/2022\/08\/ciclistas-dgt-multas-03.jpg?resize=800%2C533&amp;quality=55&amp;strip=all&amp;ssl=1 800w, https:\/\/i0.wp.com\/imgs.hipertextual.com\/wp-content\/uploads\/2022\/08\/ciclistas-dgt-multas-03.jpg?resize=768%2C512&amp;quality=55&amp;strip=all&amp;ssl=1 768w, https:\/\/i0.wp.com\/imgs.hipertextual.com\/wp-content\/uploads\/2022\/08\/ciclistas-dgt-multas-03.jpg?resize=1536%2C1024&amp;quality=55&amp;strip=all&amp;ssl=1 1536w, https:\/\/i0.wp.com\/imgs.hipertextual.com\/wp-content\/uploads\/2022\/08\/ciclistas-dgt-multas-03.jpg?resize=1200%2C800&amp;quality=55&amp;strip=all&amp;ssl=1 1200w, https:\/\/i0.wp.com\/imgs.hipertextual.com\/wp-content\/uploads\/2022\/08\/ciclistas-dgt-multas-03.jpg?resize=740%2C494&amp;quality=55&amp;strip=all&amp;ssl=1 740w, https:\/\/i0.wp.com\/imgs.hipertextual.com\/wp-content\/uploads\/2022\/08\/ciclistas-dgt-multas-03.jpg?resize=1568%2C1045&amp;quality=55&amp;strip=all&amp;ssl=1 1568w, https:\/\/i0.wp.com\/imgs.hipertextual.com\/wp-content\/uploads\/2022\/08\/ciclistas-dgt-multas-03.jpg?resize=400%2C267&amp;quality=55&amp;strip=all&amp;ssl=1 400w, https:\/\/i0.wp.com\/imgs.hipertextual.com\/wp-content\/uploads\/2022\/08\/ciclistas-dgt-multas-03.jpg?w=1920&amp;quality=55&amp;strip=all&amp;ssl=1 1920w, https:\/\/i0.wp.com\/imgs.hipertextual.com\/wp-content\/uploads\/2022\/08\/ciclistas-dgt-multas-03-1500x1000.jpg?w=370&amp;quality=55&amp;strip=all&amp;ssl=1 370w\" data-sizes=\"(max-width: 780px) 100vw, 780px\"\/><img loading=\"lazy\" decoding=\"async\" width=\"780\" height=\"520\" src=\"https:\/\/i0.wp.com\/imgs.hipertextual.com\/wp-content\/uploads\/2022\/08\/ciclistas-dgt-multas-03-1500x1000.jpg?resize=780%2C520&amp;quality=55&amp;strip=all&amp;ssl=1\" alt=\"DGT\" class=\"wp-image-1425071\" srcset=\"https:\/\/i0.wp.com\/imgs.hipertextual.com\/wp-content\/uploads\/2022\/08\/ciclistas-dgt-multas-03.jpg?resize=1500%2C1000&amp;quality=55&amp;strip=all&amp;ssl=1 1500w, https:\/\/i0.wp.com\/imgs.hipertextual.com\/wp-content\/uploads\/2022\/08\/ciclistas-dgt-multas-03.jpg?resize=800%2C533&amp;quality=55&amp;strip=all&amp;ssl=1 800w, https:\/\/i0.wp.com\/imgs.hipertextual.com\/wp-content\/uploads\/2022\/08\/ciclistas-dgt-multas-03.jpg?resize=768%2C512&amp;quality=55&amp;strip=all&amp;ssl=1 768w, https:\/\/i0.wp.com\/imgs.hipertextual.com\/wp-content\/uploads\/2022\/08\/ciclistas-dgt-multas-03.jpg?resize=1536%2C1024&amp;quality=55&amp;strip=all&amp;ssl=1 1536w, https:\/\/i0.wp.com\/imgs.hipertextual.com\/wp-content\/uploads\/2022\/08\/ciclistas-dgt-multas-03.jpg?resize=1200%2C800&amp;quality=55&amp;strip=all&amp;ssl=1 1200w, https:\/\/i0.wp.com\/imgs.hipertextual.com\/wp-content\/uploads\/2022\/08\/ciclistas-dgt-multas-03.jpg?resize=740%2C494&amp;quality=55&amp;strip=all&amp;ssl=1 740w, https:\/\/i0.wp.com\/imgs.hipertextual.com\/wp-content\/uploads\/2022\/08\/ciclistas-dgt-multas-03.jpg?resize=1568%2C1045&amp;quality=55&amp;strip=all&amp;ssl=1 1568w, https:\/\/i0.wp.com\/imgs.hipertextual.com\/wp-content\/uploads\/2022\/08\/ciclistas-dgt-multas-03.jpg?resize=400%2C267&amp;quality=55&amp;strip=all&amp;ssl=1 400w, https:\/\/i0.wp.com\/imgs.hipertextual.com\/wp-content\/uploads\/2022\/08\/ciclistas-dgt-multas-03.jpg?w=1920&amp;quality=55&amp;strip=all&amp;ssl=1 1920w, https:\/\/i0.wp.com\/imgs.hipertextual.com\/wp-content\/uploads\/2022\/08\/ciclistas-dgt-multas-03-1500x1000.jpg?w=370&amp;quality=55&amp;strip=all&amp;ssl=1 370w\" sizes=\"auto, (max-width: 780px) 100vw, 780px\" data-recalc-dims=\"1\"\/><\/figure>\n<p>La nueva modificaci\u00f3n del Reglamento General de Circulaci\u00f3n de la DGT tambi\u00e9n dictamina una <strong>nueva forma de apartarse cuando un veh\u00edculo de emergencia debe abrirse paso<\/strong>, incluso aunque las condiciones meteorol\u00f3gicas sean favorables. Se detalla que los conductores deber\u00e1n desplazarse hacia los lados \u2014es decir, los del carril derecho a la derecha y los de la izquierda a la izquierda\u2014 y dejar un pasillo central que permita la circulaci\u00f3n de ambulancias, bomberos u otros veh\u00edculos de primeros auxilios.<\/p>\n<p>Por \u00faltimo, la DGT tambi\u00e9n permitir\u00eda a las motocicletas<strong> circular por el arc\u00e9n<\/strong> \u00fanica y exclusivamente cuando haya atasco en la carretera. En este caso, solo podr\u00e1n circular a un m\u00e1ximo de 30 km\/h y respeten la prioridad de otros veh\u00edculos aptos para circular por el arc\u00e9n, como las bicicletas. <\/p>\n<p>Las ambulancias, bomberos o la Polic\u00eda tambi\u00e9n podr\u00e1 circular por el arc\u00e9n siempre y cuando habiliten las se\u00f1ales luminosas y sonoras. <\/p>\n<section id=\"block-25\" class=\"below-content widget widget_block\">\n<div class=\"wp-block-group is-style-default hiper-newsletter-box has-background\" style=\"background:linear-gradient(180deg,rgb(0,23,188) 28%,rgb(0,15,131) 100%);padding-top:15px;padding-right:15px;padding-bottom:15px;padding-left:15px\">\n<div class=\"wp-block-group__inner-container is-layout-constrained wp-block-group-is-layout-constrained\">\n<p class=\"has-white-color has-text-color\">Recibe cada ma\u00f1ana nuestra <a rel=\"noreferrer noopener\" href=\"https:\/\/hipertextual.com\/newsletter\" target=\"_blank\">newsletter<\/a>. Una gu\u00eda para entender lo que importa en relaci\u00f3n con la tecnolog\u00eda, la ciencia y la cultura digital.<\/p>\n<div class=\"wp-block-jetpack-mailchimp\" data-blog-id=\"190110665\">\n<p>\nProcesando&#8230; <\/p>\n<p>\n\u00a1Listo! Ya est\u00e1s suscrito <\/p>\n<p>\nHubo un error, actualiza la p\u00e1gina e int\u00e9ntalo nuevamente <\/p>\n<\/div>\n<\/div>\n<\/div>\n<\/section>\n<section id=\"block-74\" class=\"below-content widget widget_block\">\n<\/section>\n<section id=\"block-71\" class=\"below-content widget widget_block\">\n<h4 class=\"wp-block-heading tambien-en-hipertextual\" id=\"h-tambien-en-hipertextual\" style=\"padding-top:0.8em;padding-right:0px;padding-bottom:0px;padding-left:0px\"><span class=\"ez-toc-section\" id=\"Tambien_en_Hipertextual\"><\/span>Tambi\u00e9n en Hipertextual:<span class=\"ez-toc-section-end\"><\/span><\/h4>\n<\/section>\n<section id=\"block-32\" class=\"below-content widget widget_block\">\n<nav class=\"jp-relatedposts-i2 jp-related-hipertextual wp-block-jetpack-related-posts has-normal-font-size\" style=\"padding-bottom:0px;padding-left:0px;padding-top:0px;padding-right:1.5em;\" data-layout=\"list\" aria-label=\"Entradas relacionadas\"\/><\/section>\n<\/p><\/div>\n<p><a href=\"https:\/\/hipertextual.com\/2024\/05\/cuidado-al-usar-el-carril-izquierdo-la-dgt-podria-multarte-por-estas-practicas\" class=\" target=\" title=\"la DGT podr\u00eda multarte por estas pr\u00e1cticas\" target=\"_blank\" rel=\"noopener\">Ver fuente<\/a><\/p>\n","protected":false},"excerpt":{"rendered":"<p>\u00bfAbusas del carril izquierdo cuando conduces? Mucho cuidado, el nuevo reglamento de la Direcci\u00f3n General de Tr\u00e1fico (DGT), que podr\u00eda entrar en vigor en 2025, podr\u00eda sancionar con una multa de una cantidad elevada algunas pr\u00e1cticas que realizan com\u00fanmente los conductores y que pueden suponer un peligro para la seguridad vial. En concreto, la DGT [&hellip;]<\/p>\n","protected":false},"author":2,"featured_media":2827,"comment_status":"open","ping_status":"closed","sticky":false,"template":"","format":"standard","meta":{"footnotes":""},"categories":[9],"tags":[],"class_list":["post-2826","post","type-post","status-publish","format-standard","has-post-thumbnail","hentry","category-tecnologia"],"_links":{"self":[{"href":"https:\/\/enfoquenoticioso.com\/index.php?rest_route=\/wp\/v2\/posts\/2826","targetHints":{"allow":["GET"]}}],"collection":[{"href":"https:\/\/enfoquenoticioso.com\/index.php?rest_route=\/wp\/v2\/posts"}],"about":[{"href":"https:\/\/enfoquenoticioso.com\/index.php?rest_route=\/wp\/v2\/types\/post"}],"author":[{"embeddable":true,"href":"https:\/\/enfoquenoticioso.com\/index.php?rest_route=\/wp\/v2\/users\/2"}],"replies":[{"embeddable":true,"href":"https:\/\/enfoquenoticioso.com\/index.php?rest_route=%2Fwp%2Fv2%2Fcomments&post=2826"}],"version-history":[{"count":0,"href":"https:\/\/enfoquenoticioso.com\/index.php?rest_route=\/wp\/v2\/posts\/2826\/revisions"}],"wp:featuredmedia":[{"embeddable":true,"href":"https:\/\/enfoquenoticioso.com\/index.php?rest_route=\/wp\/v2\/media\/2827"}],"wp:attachment":[{"href":"https:\/\/enfoquenoticioso.com\/index.php?rest_route=%2Fwp%2Fv2%2Fmedia&parent=2826"}],"wp:term":[{"taxonomy":"category","embeddable":true,"href":"https:\/\/enfoquenoticioso.com\/index.php?rest_route=%2Fwp%2Fv2%2Fcategories&post=2826"},{"taxonomy":"post_tag","embeddable":true,"href":"https:\/\/enfoquenoticioso.com\/index.php?rest_route=%2Fwp%2Fv2%2Ftags&post=2826"}],"curies":[{"name":"wp","href":"https:\/\/api.w.org\/{rel}","templated":true}]}}