{"id":2828,"date":"2024-05-19T05:03:10","date_gmt":"2024-05-19T05:03:10","guid":{"rendered":"https:\/\/enfoquenoticioso.com\/entretenimiento\/x-men-97-todo-lo-que-sabemos-de-la-temporada-2-de-la-estupenda-serie-animada-de-marvel-en-disney\/"},"modified":"2024-05-19T05:03:10","modified_gmt":"2024-05-19T05:03:10","slug":"x-men-97-todo-lo-que-sabemos-de-la-temporada-2-de-la-estupenda-serie-animada-de-marvel-en-disney","status":"publish","type":"post","link":"https:\/\/enfoquenoticioso.com\/?p=2828","title":{"rendered":"&#8216;X-Men &#8217;97&#8217;. Todo lo que sabemos de la temporada 2 de la estupenda serie animada de Marvel en Disney+"},"content":{"rendered":"<div>\n<p>Vaya diez episodios nos han dado y no me puedo creer lo corto que se nos ha hecho. &#8216;<a href=\"https:\/\/www.espinof.com\/criticas\/esta-serie-disney-plus-mejor-adaptacion-x-men-anos-tiene-todo-que-marvel-necesita-para-triunfar-mutantes-cine\" target=\"_blank\" rel=\"noopener\">X-Men&#8217; 97<\/a>&#8216; ha sido, desde luego, <strong>el primer fen\u00f3meno Marvel de este 2024<\/strong> y su primera temporada nos ha dejado con ganas de ver mucho m\u00e1s de estos mutantes noventeros.<\/p>\n<p><!-- BREAK 1 --> <\/p>\n<p>Afortunadamente,<strong> la serie ya ten\u00eda en marcha una temporada 2<\/strong> (y en desarrollo temprano la 3), por lo que vamos a repasar qu\u00e9 nos espera, las tramas, qu\u00e9 h\u00e9roes veremos y cuales no, y cu\u00e1ndo podremos ver los nuevos episodios de la estupenda serie animada de <a rel=\"noopener, noreferrer\" href=\"http:\/\/disneyplus.com\/\" target=\"_blank\">Disney+<\/a>.<\/p>\n<p><!-- BREAK 2 --><\/p>\n<div class=\"article-asset article-asset-normal article-asset-center\">\n<div class=\"desvio-container\">\n<div class=\"desvio\">\n<div class=\"desvio-figure js-desvio-figure\">\n    <a href=\"https:\/\/www.espinof.com\/netflix\/olvidate-x-men-97-e-invencible-acaba-llegar-a-netflix-mejores-series-superheroes-historia\" target=\"_blank\" rel=\"noopener\"><br \/>\n     <img loading=\"lazy\" decoding=\"async\" alt=\"Olv\u00eddate de 'X-Men '97' e 'Invencible', acaba de llegar a Netflix una de las mejores series de superh\u00e9roes de la historia\" width=\"375\" height=\"142\" src=\"https:\/\/i.blogs.es\/656eee\/joven-liga-justicia\/375_142.jpeg\"\/><br \/>\n    <\/a>\n   <\/div>\n<\/p><\/div>\n<\/p><\/div>\n<\/div>\n<div class=\"video-boost-container article-asset-normal\">\n<p> <span class=\"video-boost-title\">&#8216;FALCON Y EL SOLDADO DE INVIERNO&#8217; demuestra que un MCU ma\u0301s ADULTO es posible<\/span>\n<\/div>\n<div id=\"ez-toc-container\" class=\"ez-toc-v2_0_81 counter-hierarchy ez-toc-counter ez-toc-grey ez-toc-container-direction\">\n<div class=\"ez-toc-title-container\">\n<p class=\"ez-toc-title\" style=\"cursor:inherit\">Tabla de Contenido<\/p>\n<span class=\"ez-toc-title-toggle\"><a href=\"#\" class=\"ez-toc-pull-right ez-toc-btn ez-toc-btn-xs ez-toc-btn-default ez-toc-toggle\" aria-label=\"Alternar tabla de contenidos\"><span class=\"ez-toc-js-icon-con\"><span class=\"\"><span class=\"eztoc-hide\" style=\"display:none;\">Toggle<\/span><span class=\"ez-toc-icon-toggle-span\"><svg style=\"fill: #999;color:#999\" xmlns=\"http:\/\/www.w3.org\/2000\/svg\" class=\"list-377408\" width=\"20px\" height=\"20px\" viewBox=\"0 0 24 24\" fill=\"none\"><path d=\"M6 6H4v2h2V6zm14 0H8v2h12V6zM4 11h2v2H4v-2zm16 0H8v2h12v-2zM4 16h2v2H4v-2zm16 0H8v2h12v-2z\" fill=\"currentColor\"><\/path><\/svg><svg style=\"fill: #999;color:#999\" class=\"arrow-unsorted-368013\" xmlns=\"http:\/\/www.w3.org\/2000\/svg\" width=\"10px\" height=\"10px\" viewBox=\"0 0 24 24\" version=\"1.2\" baseProfile=\"tiny\"><path d=\"M18.2 9.3l-6.2-6.3-6.2 6.3c-.2.2-.3.4-.3.7s.1.5.3.7c.2.2.4.3.7.3h11c.3 0 .5-.1.7-.3.2-.2.3-.5.3-.7s-.1-.5-.3-.7zM5.8 14.7l6.2 6.3 6.2-6.3c.2-.2.3-.5.3-.7s-.1-.5-.3-.7c-.2-.2-.4-.3-.7-.3h-11c-.3 0-.5.1-.7.3-.2.2-.3.5-.3.7s.1.5.3.7z\"\/><\/svg><\/span><\/span><\/span><\/a><\/span><\/div>\n<nav><ul class='ez-toc-list ez-toc-list-level-1 ' ><li class='ez-toc-page-1 ez-toc-heading-level-2'><a class=\"ez-toc-link ez-toc-heading-1\" href=\"https:\/\/enfoquenoticioso.com\/?p=2828\/#La_historia_y_los_comics_en_los_que_se_basarian\" >La historia y los c\u00f3mics en los que se basar\u00edan<\/a><\/li><li class='ez-toc-page-1 ez-toc-heading-level-2'><a class=\"ez-toc-link ez-toc-heading-2\" href=\"https:\/\/enfoquenoticioso.com\/?p=2828\/#La_produccion\" >La producci\u00f3n<\/a><\/li><li class='ez-toc-page-1 ez-toc-heading-level-2'><a class=\"ez-toc-link ez-toc-heading-3\" href=\"https:\/\/enfoquenoticioso.com\/?p=2828\/#La_fecha_de_estreno\" >La fecha de estreno<\/a><\/li><li class='ez-toc-page-1 ez-toc-heading-level-2'><a class=\"ez-toc-link ez-toc-heading-4\" href=\"https:\/\/enfoquenoticioso.com\/?p=2828\/#El_trailer\" >El tr\u00e1iler<\/a><\/li><\/ul><\/nav><\/div>\n<h2><span class=\"ez-toc-section\" id=\"La_historia_y_los_comics_en_los_que_se_basarian\"><\/span>La historia y los c\u00f3mics en los que se basar\u00edan<span class=\"ez-toc-section-end\"><\/span><\/h2>\n<p>Tras el <a href=\"https:\/\/www.espinof.com\/disney-plus\/x-men-97-final-explicado-temporada-1-comics-episodios-serie-clasica-que-no-podemos-perdernos-su-creador\" target=\"_blank\" rel=\"noopener\">final de la temporada inicial<\/a> de &#8216;X-Men &#8217;97&#8217;, nos encontramos a la Patrulla-X diseminada por el tiempo: <strong>P\u00edcara, Rondador Nocturno, Bestia, Xavier y Magneto<\/strong> est\u00e1n en Egipto en el 3000 A.C.; <strong>C\u00edclope y Jean<\/strong> se topan con el clan Askani en el 3960 D.C.; el resto, excepto <strong>Forja y Bishop<\/strong>, est\u00e1n desaparecidos o fuera de combate.<\/p>\n<p><!-- BREAK 3 --> <\/p>\n<p>De esta manera, vamos a tener tres tramas simult\u00e1neas y Apocalipsis como villano com\u00fan. Por un lado, los or\u00edgenes de Apocalipsis all\u00e1 por los albores del tercer milenio antes de Cristo. Algo que se explor\u00f3 en 1996 en &#8216;<strong>El origen de Apocalipsis<\/strong>&#8216; (The Rise of Apocalypse), de Terry Kavanagh y Adam Pollina. Un c\u00f3mic en el que <strong>En Sabah Nur se enfrentaba al fara\u00f3n Rama-Tut<\/strong> (\u00bfese palacio que se ve al fondo es suyo?), una de las encarnaciones de Kang el conquistador.<\/p>\n<p><!-- BREAK 4 --><\/p>\n<div class=\"article-asset-image article-asset-large article-asset-center\">\n<div class=\"asset-content\">\n                   <img class=\"\" height=\"900\" width=\"1199\" loading=\"lazy\" decoding=\"async\" sizes=\"auto, 100vw\" fetchpriority=\"high\" srcset=\"https:\/\/i.blogs.es\/5e4068\/rise_of_apocalypse-portada\/450_1000.jpeg 450w, https:\/\/i.blogs.es\/5e4068\/rise_of_apocalypse-portada\/650_1200.jpeg 681w,https:\/\/i.blogs.es\/5e4068\/rise_of_apocalypse-portada\/1024_2000.jpeg 1024w, https:\/\/i.blogs.es\/5e4068\/rise_of_apocalypse-portada\/1366_2000.jpeg 1366w\" src=\"https:\/\/i.blogs.es\/5e4068\/rise_of_apocalypse-portada\/450_1000.jpeg\" alt=\"Rise Of Apocalypse Portada\"\/><br \/>\n   <img decoding=\"async\" alt=\"Rise Of Apocalypse Portada\" class=\"\" src=\"https:\/\/i.blogs.es\/5e4068\/rise_of_apocalypse-portada\/450_1000.jpeg\"\/><\/p><\/div>\n<\/div>\n<p>En el futuro, tendremos la \u00abresistencia\u00bb <strong>del clan Askani, gobernado por Rachel Summers<\/strong> (hija alternativa de Jean y Scott) en un mundo dominado por el primer mutante. Aqu\u00ed la teor\u00eda es que vamos a ver c\u00f3mo la pareja entrenar\u00e1 a Nathan Summers (siguiendo la idea del c\u00f3mic &#8216;Las aventuras de C\u00edclope y F\u00e9nix&#8217;) en el manejo de sus poderes. Lo que no sabemos es si tendremos tambi\u00e9n clon del muchacho, quien se convertir\u00eda en el villano <strong>Discordia<\/strong>.<\/p>\n<p><!-- BREAK 5 --><\/p>\n<p>En el presente sabemos que Apocalipsis <a href=\"https:\/\/www.espinof.com\/disney-plus\/x-men-97-como-escena-postcreditos-que-significa-para-temporada-2-magnifica-serie-marvel-disney-plus\" target=\"_blank\" rel=\"noopener\">va a resucitar a Gambito<\/a> para convertirlo en Muerte (tal como hizo en &#8216;La sangre de Apocalipsis&#8217;), uno de sus jinetes, por lo que todo apunta a que vamos a tener nueva encarnaci\u00f3n del grupo. Por otro lado, <strong>Forja y Bishop se pondr\u00edan a la b\u00fasqueda<\/strong> no solo de los X-Men perdidos, sino que probablemente crear\u00e1n un algo improbable equipo.<\/p>\n<p><!-- BREAK 6 --> <\/p>\n<div class=\"article-asset-image article-asset-large article-asset-center\">\n<div class=\"asset-content\">\n                   <img class=\"\" height=\"700\" width=\"1400\" loading=\"lazy\" decoding=\"async\" sizes=\"auto, 100vw\" fetchpriority=\"high\" srcset=\"https:\/\/i.blogs.es\/7008e1\/forja-tablero-x-men97\/450_1000.jpeg 450w, https:\/\/i.blogs.es\/7008e1\/forja-tablero-x-men97\/650_1200.jpeg 681w,https:\/\/i.blogs.es\/7008e1\/forja-tablero-x-men97\/1024_2000.jpeg 1024w, https:\/\/i.blogs.es\/7008e1\/forja-tablero-x-men97\/1366_2000.jpeg 1366w\" src=\"https:\/\/i.blogs.es\/7008e1\/forja-tablero-x-men97\/450_1000.jpeg\" alt=\"Forja Tablero X Men97\"\/><br \/>\n   <img decoding=\"async\" alt=\"Forja Tablero X Men97\" class=\"\" src=\"https:\/\/i.blogs.es\/7008e1\/forja-tablero-x-men97\/450_1000.jpeg\"\/><\/p><\/div>\n<\/div>\n<p>De quienes no sabemos qu\u00e9 pas\u00f3 es de Lobezno, Morpho y Tormenta. Tampoco de unos desaparecidos J\u00fabilo y Mancha Solar, pero deber\u00edan andar ocultos por ah\u00ed; pero tambi\u00e9n en el panel vemos a <strong>Kitty Pryde, Dust, Coloso, Magik, Kaos, Hombre de Hielo y Emma Frost<\/strong>, entre otros. Adem\u00e1s, la otrora villana en los a\u00f1os 90 dirigir\u00eda <strong>Generaci\u00f3n-X<\/strong>, un grupo alternativo a la escuela de Xavier.<\/p>\n<p><!-- BREAK 7 --><\/p>\n<p>A partir de aqu\u00ed ya son elucubraciones. Mi teor\u00eda personal es que <strong>seguir\u00e1n tomando elementos de &#8216;La canci\u00f3n del verdugo&#8217;<\/strong> (X-Cutioner&#8217;s Song, 1992-1993) de Scott Lobdell, Fabian Nicieza y otros, ya que gran parte del germen Cable\/Discordia\/Jinetes del Apocalipsis viene de este megaevento.<\/p>\n<p><!-- BREAK 8 --><\/p>\n<h2><span class=\"ez-toc-section\" id=\"La_produccion\"><\/span>La producci\u00f3n<span class=\"ez-toc-section-end\"><\/span><\/h2>\n<p>Como ya sab\u00e9is, la producci\u00f3n de las series animadas resultan algo complejas y suelen hacerse con tiempo y, de hecho, la temporada 2 ya est\u00e1 en proceso de montaje y posproducci\u00f3n. Por cierto, desde Marvel aseguran que honrar\u00e1n el trabajo de Beau DeMayo tras <a href=\"https:\/\/www.espinof.com\/animacion\/terremoto-marvel-estudio-acaba-despedir-al-creador-sus-series-esperadas-dias-antes-su-estreno\" target=\"_blank\" rel=\"noopener\">su despido<\/a> \u00a0por motivos que <strong>no han trascendido<\/strong> (m\u00e1s all\u00e1 de comentarios en torno a sus actividades en redes sociales, por ejemplo).<\/p>\n<p><!-- BREAK 9 --><\/p>\n<div class=\"article-asset article-asset-normal article-asset-center\">\n<div class=\"desvio-container\">\n<div class=\"desvio\">\n<div class=\"desvio-figure js-desvio-figure\">\n    <a href=\"https:\/\/www.espinof.com\/estrenos\/ucm-tiene-nueva-villana-quien-cassandra-nova-temida-enemiga-x-men\" target=\"_blank\" rel=\"noopener\"><br \/>\n     <img loading=\"lazy\" decoding=\"async\" alt=\"El UCM tiene nueva villana: qui\u00e9n es Cassandra Nova, la temida enemiga de los X-Men\" width=\"375\" height=\"142\" src=\"https:\/\/i.blogs.es\/dd931a\/cassandra-2-\/375_142.jpeg\"\/><br \/>\n    <\/a>\n   <\/div>\n<\/p><\/div>\n<\/p><\/div>\n<\/div>\n<p>Como sab\u00e9is, dicho despido se produjo con la temporada 2 ya escrita y probablemente bien avanzada por lo que seguiremos notando la mano del creador y sus colaboradores. Eso s\u00ed, para la temporada 3 habr\u00e1 cambios con un nuevo guionista jefe.<\/p>\n<p><!-- BREAK 10 --> <\/p>\n<h2><span class=\"ez-toc-section\" id=\"La_fecha_de_estreno\"><\/span>La fecha de estreno<span class=\"ez-toc-section-end\"><\/span><\/h2>\n<p>Aunque se daba bastante por seguro que la veremos en 2025, <strong>la falta de informaci\u00f3n al respecto<\/strong> en los pasados <a href=\"http:\/\/espinof.com\/tag\/upfronts-2024\" target=\"_blank\" rel=\"noopener\">upfronts <\/a>de Disney (donde se ha confirmado que ese a\u00f1o veremos tanto &#8216;<a href=\"https:\/\/www.espinof.com\/fecha-de-estreno\/daredevil-born-again-2024-fecha-estreno-trailer-reparto-todo-que-sabemos-serie-marvel-charlie-cox-para-disney-plus\" target=\"_blank\" rel=\"noopener\">Daredevil: Born Again<\/a>&#8216; como &#8216;<a href=\"https:\/\/www.espinof.com\/fecha-de-estreno\/ironheart-fecha-estreno-trailer-reparto-pelicula-marvel\" target=\"_blank\" rel=\"noopener\">Ironheart<\/a>&#8216;) hace que haya ciertos recelos al respecto.<\/p>\n<p><!-- BREAK 11 --><\/p>\n<h2><span class=\"ez-toc-section\" id=\"El_trailer\"><\/span>El tr\u00e1iler<span class=\"ez-toc-section-end\"><\/span><\/h2>\n<p>De momento, no tenemos tr\u00e1iler ni im\u00e1genes de la temporada 2 de &#8216;X-Men &#8217;97&#8217;<\/p>\n<p>En Espinof | <a href=\"https:\/\/www.espinof.com\/listas\/mejores-series-2024\" target=\"_blank\" rel=\"noopener\">Las mejores series de 2024<\/a><\/p>\n<p><!-- BREAK 12 --><\/p>\n<p>En Espinof | <a href=\"https:\/\/www.espinof.com\/listas\/logan-hazte-programa-doble-triple-estas-peliculas-venganza-westerns-fantasia-detalles-similares-a-brutal-despedida-mutante\" target=\"_blank\" rel=\"noopener\">7 a\u00f1os de &#8216;Logan&#8217;: las mejores pel\u00edculas de western, fantas\u00eda y venganza para hacer un programa doble<\/a><\/p>\n<p><!-- BREAK 13 -->\n <\/div>\n<p><a href=\"https:\/\/www.espinof.com\/fecha-de-estreno\/x-men-97-temporada-2-2025-fecha-estreno-trailer-quien-esta-quien-no-trama-comics-todo-que-sabemos-serie-marvel-disney-plus\" class=\" target=\" title=\"&#039;X-Men &#039;97&#039;. Todo lo que sabemos de la temporada 2 de la estupenda serie animada de Marvel en Disney+\" target=\"_blank\" rel=\"noopener\">Ver fuente<\/a><\/p>\n","protected":false},"excerpt":{"rendered":"<p>Vaya diez episodios nos han dado y no me puedo creer lo corto que se nos ha hecho. &#8216;X-Men&#8217; 97&#8216; ha sido, desde luego, el primer fen\u00f3meno Marvel de este 2024 y su primera temporada nos ha dejado con ganas de ver mucho m\u00e1s de estos mutantes noventeros. Afortunadamente, la serie ya ten\u00eda en marcha [&hellip;]<\/p>\n","protected":false},"author":2,"featured_media":2829,"comment_status":"open","ping_status":"closed","sticky":false,"template":"","format":"standard","meta":{"footnotes":""},"categories":[8],"tags":[],"class_list":["post-2828","post","type-post","status-publish","format-standard","has-post-thumbnail","hentry","category-entretenimiento"],"_links":{"self":[{"href":"https:\/\/enfoquenoticioso.com\/index.php?rest_route=\/wp\/v2\/posts\/2828","targetHints":{"allow":["GET"]}}],"collection":[{"href":"https:\/\/enfoquenoticioso.com\/index.php?rest_route=\/wp\/v2\/posts"}],"about":[{"href":"https:\/\/enfoquenoticioso.com\/index.php?rest_route=\/wp\/v2\/types\/post"}],"author":[{"embeddable":true,"href":"https:\/\/enfoquenoticioso.com\/index.php?rest_route=\/wp\/v2\/users\/2"}],"replies":[{"embeddable":true,"href":"https:\/\/enfoquenoticioso.com\/index.php?rest_route=%2Fwp%2Fv2%2Fcomments&post=2828"}],"version-history":[{"count":0,"href":"https:\/\/enfoquenoticioso.com\/index.php?rest_route=\/wp\/v2\/posts\/2828\/revisions"}],"wp:featuredmedia":[{"embeddable":true,"href":"https:\/\/enfoquenoticioso.com\/index.php?rest_route=\/wp\/v2\/media\/2829"}],"wp:attachment":[{"href":"https:\/\/enfoquenoticioso.com\/index.php?rest_route=%2Fwp%2Fv2%2Fmedia&parent=2828"}],"wp:term":[{"taxonomy":"category","embeddable":true,"href":"https:\/\/enfoquenoticioso.com\/index.php?rest_route=%2Fwp%2Fv2%2Fcategories&post=2828"},{"taxonomy":"post_tag","embeddable":true,"href":"https:\/\/enfoquenoticioso.com\/index.php?rest_route=%2Fwp%2Fv2%2Ftags&post=2828"}],"curies":[{"name":"wp","href":"https:\/\/api.w.org\/{rel}","templated":true}]}}