{"id":2832,"date":"2024-05-19T06:33:24","date_gmt":"2024-05-19T06:33:24","guid":{"rendered":"https:\/\/enfoquenoticioso.com\/tecnologia\/un-enorme-colector-de-espejos-que-aspira-a-reducir-la-factura\/"},"modified":"2024-05-19T06:33:24","modified_gmt":"2024-05-19T06:33:24","slug":"un-enorme-colector-de-espejos-que-aspira-a-reducir-la-factura","status":"publish","type":"post","link":"https:\/\/enfoquenoticioso.com\/?p=2832","title":{"rendered":"un enorme colector de espejos que aspira a reducir la factura"},"content":{"rendered":"<div>\n<p>Como <a href=\"https:\/\/www.xataka.com\/energia\/elon-musk-tiene-idea-para-generar-toda-energia-que-humanidad-necesita-futuro-sol\" target=\"_blank\" rel=\"noopener\">Elon Musk coment\u00f3<\/a> hace unos meses, \u00abtenemos un reactor de fusi\u00f3n gigante en el cielo\u00bb. <a href=\"https:\/\/www.xataka.com\/energia\/energia-solar-bate-records-europa-espana-segundo-mercado-grande-ue\" target=\"_blank\" rel=\"noopener\">Aprovechar el Sol<\/a> es una de las prioridades de industrias como la energ\u00e9tica mediante la instalaci\u00f3n de nuevos paneles solares y la investigaci\u00f3n para que sean <a href=\"https:\/\/www.xataka.com\/energia\/china-monopoliza-produccion-paneles-solares-ahora-quiere-exprimirlos-sean-efectivos\" target=\"_blank\" rel=\"noopener\">m\u00e1s eficientes<\/a>, pero por el lado de los usuarios, tambi\u00e9n hemos tenido buenas noticias recientemente debido a una interesante <a href=\"https:\/\/www.xataka.com\/energia\/china-ha-bajado-precio-paneles-solares-a-mitad-a-europa-eeuu-solo-les-queda-especializarse-tirar-toalla\" target=\"_blank\" rel=\"noopener\">bajada de precios<\/a> debido al aumento de producci\u00f3n de China. Pero\u2026 \u00bfy si aparte de aprovechar el Sol para <a href=\"https:\/\/www.xataka.com\/energia\/gran-batalla-paneles-solares-no-esta-precio-sino-eficiencia-tecnologia-quiere-ganarla\" target=\"_blank\" rel=\"noopener\">generar electricidad y calor<\/a>, pudi\u00e9semos iluminar mejor los espacios para dejar de depender tanto de la luz artificial?<\/p>\n<p><!-- BREAK 1 --> <\/p>\n<p>Ah\u00ed entran en juego los espejos y sistemas que nos permitan redirigir la luz exterior a los espacios interiores. Y la creaci\u00f3n de la empresa israel\u00ed Solight es muy interesante.<\/p>\n<p><!-- BREAK 2 --><\/p>\n<p><strong>Un tragaluz venido a m\u00e1s<\/strong>. El utilizar espejos para redirigir la luz solar no es algo nuevo. Se ha empleado en hogares en la antig\u00fcedad y un buen ejemplo son los campos de heli\u00f3statos como el que podemos ver en la <a href=\"https:\/\/www.xataka.com\/energia\/primera-planta-solar-torre-central-explotarse-comercialmente-esta-sevilla-pionera-que-ha-sobrevivido-a-otras-ambiciosas\" target=\"_blank\" rel=\"noopener\">planta PS10 de Sevilla<\/a>. Ahora bien, cuando se trata de iluminar el interior, hace falta una estructura o sistema que permita que esa luz reflejada sea transmitida. Hay proyectos que captan la luz y la transmiten <a href=\"https:\/\/www.xataka.com\/energia\/este-invento-aprovecha-rayos-sol-para-iluminar-casas-no-necesita-paneles-fotovoltaicos\" target=\"_blank\" rel=\"noopener\">mediante fibra \u00f3ptica<\/a>, pero tambi\u00e9n otros m\u00e1s simples (en concepto) que juegan con los espejos.<\/p>\n<p><!-- BREAK 3 --> <\/p>\n<p>Ah\u00ed es donde debemos hablar de Solight, una startup israel\u00ed que ha sido financiada, en parte, con fondos europeos y que tienen un sistema llamado SOLIS. Su SOlar LIghting System es una estructura que cuenta con una serie de espejos en uno de los extremos y un interior reflectante capaz de llevar la luz al interior de un edificio. Y <a rel=\"noopener, noreferrer\" href=\"https:\/\/cordis.europa.eu\/article\/id\/411689-new-system-collects-and-channels-natural-sunlight-to-buildings-interiors\" target=\"_blank\">seg\u00fan<\/a> sus creadores, est\u00e1 enfocado a ser rentable y centrado en el ser humano.<\/p>\n<p><!-- BREAK 4 --><\/p>\n<div class=\"article-asset article-asset-normal article-asset-center\">\n<div class=\"desvio-container\">\n<div class=\"desvio\">\n<div class=\"desvio-figure js-desvio-figure\">\n    <a href=\"https:\/\/www.xataka.com\/energia\/nueva-tendencia-alemania-instalar-paneles-solares-balcones-espana-tiene-facilisimo-imitarlo\" target=\"_blank\" rel=\"noopener\"><br \/>\n     <img loading=\"lazy\" decoding=\"async\" alt=\"Paneles solares en los balcones: la soluci\u00f3n cada vez m\u00e1s frecuente en Alemania y Espa\u00f1a para el autoconsumo\" width=\"375\" height=\"142\" src=\"https:\/\/i.blogs.es\/8294bd\/solar-balcon\/375_142.jpeg\"\/><br \/>\n    <\/a>\n   <\/div>\n<\/p><\/div>\n<\/p><\/div>\n<\/div>\n<p><strong>Datos<\/strong>. Ofer Becker es el coordinador de proyectos y director t\u00e9cnico de Solight y afirma que su sistema no tiene mantenimiento y es capaz de entregar hasta 40.000 l\u00edmenes por metro cuadrado. Seg\u00fan ellos, duplica la capacidad de la competencia directa y permite ofrecer luz de espectro completo sin calor ni rayos ultravioleta desde las 8 de la ma\u00f1ana hasta las 16:00. Eso depender\u00e1 de la zona, ya que en Espa\u00f1a, por ejemplo, ese horario no es realmente impresionante.<\/p>\n<p><!-- BREAK 5 --><\/p>\n<p>Donde Becker afina un poco m\u00e1s es en los porcentajes. Seg\u00fan sus estudios, permitir\u00e1 ahorrar hasta un 40% de electricidad en edificios como supermercados o bloques de oficinas. Esto es l\u00f3gico porque la idea es la de contar con una optimizaci\u00f3n de la luz solar que puede no llegar de forma \u00f3ptima a trav\u00e9s de las ventanas, por lo que con un sistema as\u00ed, se reducir\u00eda la dependencia de la iluminaci\u00f3n artificial.<\/p>\n<p><!-- BREAK 6 --> <\/p>\n<p><strong>Ritmo circadiano<\/strong>. Sin embargo, tambi\u00e9n afirma que el uso de su sistema aumentar\u00eda la productividad un 18% en oficinas, har\u00eda que los alumnos tuvieran un aprendizaje un 26% m\u00e1s r\u00e1pido en escuelas y permitir\u00eda una recuperaci\u00f3n un 41% m\u00e1s r\u00e1pida en hospitales. Sin entrar en las fuentes para estos porcentajes, es algo que tiene sentido.<\/p>\n<p><!-- BREAK 7 --><\/p>\n<p>No vamos a descubrir ahora la importancia del Sol en el ciclo vital de cualquier ser vivo, pero se ha comprobado que una mejor exposici\u00f3n a la luz solar hace que estemos de mejor humor, implica mejoras en la salud debido a los nutrientes que absorbe nuestra piel y tenemos una mejor percepci\u00f3n natural del paso del tiempo. Si estamos todo el d\u00eda bajo luz artificial, nuestro organismo no es plenamente consciente del paso del tiempo, algo que afecta a <a href=\"https:\/\/www.xataka.com\/otros\/cronotrabajo-tendencia-laboral-que-adapta-tu-jornada-para-trabajar-solo-cuando-tu-cerebro-productivo\" target=\"_blank\" rel=\"noopener\">nuestro reloj biol\u00f3gico<\/a>.<\/p>\n<p><!-- BREAK 8 --><\/p>\n<div class=\"article-asset-image article-asset-normal article-asset-center\">\n<div class=\"asset-content\">\n<div class=\"caption-img \">\n                   <img class=\"centro_sinmarco\" height=\"1154\" width=\"1424\" loading=\"lazy\" decoding=\"async\" sizes=\"auto, 100vw\" fetchpriority=\"high\" srcset=\"https:\/\/i.blogs.es\/40b577\/captura-de-pantalla-2024-05-18-a-las-7.23\/450_1000.jpeg 450w, https:\/\/i.blogs.es\/40b577\/captura-de-pantalla-2024-05-18-a-las-7.23\/650_1200.jpeg 681w,https:\/\/i.blogs.es\/40b577\/captura-de-pantalla-2024-05-18-a-las-7.23\/1024_2000.jpeg 1024w, https:\/\/i.blogs.es\/40b577\/captura-de-pantalla-2024-05-18-a-las-7.23\/1366_2000.jpeg 1366w\" src=\"https:\/\/i.blogs.es\/40b577\/captura-de-pantalla-2024-05-18-a-las-7.23\/450_1000.jpeg\" alt=\"Solight\"\/><br \/>\n   <img decoding=\"async\" alt=\"Solight\" class=\"centro_sinmarco\" src=\"https:\/\/i.blogs.es\/40b577\/captura-de-pantalla-2024-05-18-a-las-7.23\/450_1000.jpeg\"\/><\/p>\n<p>        <span>As\u00ed se ver\u00edan desde fuera<\/span>\n   <\/div>\n<\/p><\/div>\n<\/div>\n<p><strong>\u00bfVitamina D?<\/strong> Una de las caracter\u00edsticas del sistema es que, como comentamos, es capaz de bloquear tanto el calor como la radiaci\u00f3n ultravioleta. Si bien el bloqueo del calor es algo muy interesante (por ejemplo, para no aumentar la temperatura de la casa en \u00e9pocas de calor ambiental), que no haya radiaci\u00f3n ultravioleta quiz\u00e1 no sea tan favorable.<\/p>\n<p><!-- BREAK 9 --><\/p>\n<p>El motivo es que los rayos UVB tienen una funci\u00f3n importante para el desarrollo de los organismos. En nosotros, se <a rel=\"noopener, noreferrer\" href=\"https:\/\/blog.contraelcancer.es\/vitamina-d-sol\/\" target=\"_blank\">traduce<\/a> en que son los que activan la previtamina D que, posteriormente, se convierte en vitamina D. Y es algo en lo que la compa\u00f1\u00eda ya est\u00e1 trabajando de cara a nuevas versiones del sistema. De hecho, <a rel=\"noopener, noreferrer\" href=\"https:\/\/www.solight-energy.com\/technology\" target=\"_blank\">afirman<\/a> que \u00abes posible que admitamos una peque\u00f1a dosis medida del espectro UVB para abordar la preocupaci\u00f3n mundial por la <a href=\"https:\/\/www.xataka.com\/medicina-y-salud\/quebradero-cabeza-vitamina-d-nos-falta-a-muchos-suplementos-no-suficientes\" target=\"_blank\" rel=\"noopener\">deficiencia de vitamina D<\/a>\u00ab.<\/p>\n<p><!-- BREAK 10 --> <\/p>\n<div class=\"article-asset-image article-asset-normal article-asset-center\">\n<div class=\"asset-content\">\n<div class=\"caption-img \">\n                   <img class=\"centro_sinmarco\" height=\"1148\" width=\"1742\" loading=\"lazy\" decoding=\"async\" sizes=\"auto, 100vw\" fetchpriority=\"high\" srcset=\"https:\/\/i.blogs.es\/30f6e7\/captura-de-pantalla-2024-05-18-a-las-7.22\/450_1000.jpeg 450w, https:\/\/i.blogs.es\/30f6e7\/captura-de-pantalla-2024-05-18-a-las-7.22\/650_1200.jpeg 681w,https:\/\/i.blogs.es\/30f6e7\/captura-de-pantalla-2024-05-18-a-las-7.22\/1024_2000.jpeg 1024w, https:\/\/i.blogs.es\/30f6e7\/captura-de-pantalla-2024-05-18-a-las-7.22\/1366_2000.jpeg 1366w\" src=\"https:\/\/i.blogs.es\/30f6e7\/captura-de-pantalla-2024-05-18-a-las-7.22\/450_1000.jpeg\" alt=\"Solight\"\/><br \/>\n   <img decoding=\"async\" alt=\"Solight\" class=\"centro_sinmarco\" src=\"https:\/\/i.blogs.es\/30f6e7\/captura-de-pantalla-2024-05-18-a-las-7.22\/450_1000.jpeg\"\/><\/p>\n<p>        <span>Dentro, hay soluciones como esta. Parece un sistema de iluminaci\u00f3n LED, pero est\u00e1 canalizando la luz solar<\/span>\n   <\/div>\n<\/p><\/div>\n<\/div>\n<p><strong>Tres formatos<\/strong>. Dicho todo esto, veamos qu\u00e9 es lo que proponen con SOLIS. De momento, la empresa cuenta con tres sistemas que est\u00e1n enfocados a aulas educativas, hospitales, viviendas, centros comerciales y locales industriales y, para cada una de las necesidades, las soluciones son las siguientes:<\/p>\n<p><!-- BREAK 11 --><\/p>\n<ul>\n<li>SOLIS Mini DIY: un colector de alta eficiencia 3:1 con apertura de 1\/16 metros cuadrados que ofrece 2.000 l\u00famenes. Es apto para iluminaci\u00f3n puntual en s\u00f3tanos y habitaciones de viviendas peque\u00f1as.<\/li>\n<li>Solight Versatile Collector: otro colector de eficiencia 3:1 que ofrece un flujo promedio de 7.000 l\u00famenes apto para salas de 12 a 15 metros cuadrados. Afirman que permite transportar la luz a lo largo de cinco metros sin p\u00e9rdida.<\/li>\n<li>Solight Industrial Collector: es el m\u00e1s grande con apertura de 1 metro cuadrado y un flujo promedio de 30.000 l\u00famenes para \u00e1reas grandes. En este caso, la distancia de transporte es de 20 metros.<\/li>\n<\/ul>\n<p><strong>Mirando al futuro<\/strong>. Actualmente, la empresa est\u00e1 <a rel=\"noopener, noreferrer\" href=\"https:\/\/nocamels.com\/2024\/05\/let-there-be-light-startup-brings-sunshine-inside-for-indoor-wellness\/\" target=\"_blank\">buscando<\/a> el modo de expandirse fuera de su pa\u00eds natal y tiene en mente mercados como el japon\u00e9s o chino, pero tambi\u00e9n el europeo, que es de donde ha conseguido una importante financiaci\u00f3n.<\/p>\n<p><!-- BREAK 12 --><\/p>\n<p>Y, como dec\u00edamos antes, no es algo nuevo. No hay que salir de Espa\u00f1a para encontrar otras empresas que ofrecen algo similar y hasta <a rel=\"noopener, noreferrer\" href=\"https:\/\/www.youtube.com\/watch?v=yG54e7OBiTI\" target=\"_blank\">sistemas similares a girasoles<\/a> que orientan los espejos en funci\u00f3n de la posici\u00f3n del Sol para dar m\u00e1s luz, por ejemplo, a pisos bajos o interiores.<\/p>\n<p><!-- BREAK 13 --><\/p>\n<p>Im\u00e1genes | Solight<\/p>\n<p>En Xataka | <a href=\"https:\/\/www.xataka.com\/energia\/california-ha-vencido-al-sol-quinta-parte-energia-que-usa-noche-proviene-tambien-paneles-solares\" target=\"_blank\" rel=\"noopener\">California ha vencido al sol: una quinta parte de la energ\u00eda que usa por la noche proviene tambi\u00e9n de paneles solares<\/a><\/p>\n<p><!-- BREAK 14 -->\n <\/div>\n<p><a href=\"https:\/\/www.xataka.com\/energia\/alla-paneles-solares-para-aprovechar-sol-enorme-colector-espejos-que-aspira-a-reducir-factura\" class=\" target=\" title=\"un enorme colector de espejos que aspira a reducir la factura\" target=\"_blank\" rel=\"noopener\">Ver fuente<\/a><\/p>\n","protected":false},"excerpt":{"rendered":"<p>Como Elon Musk coment\u00f3 hace unos meses, \u00abtenemos un reactor de fusi\u00f3n gigante en el cielo\u00bb. Aprovechar el Sol es una de las prioridades de industrias como la energ\u00e9tica mediante la instalaci\u00f3n de nuevos paneles solares y la investigaci\u00f3n para que sean m\u00e1s eficientes, pero por el lado de los usuarios, tambi\u00e9n hemos tenido buenas [&hellip;]<\/p>\n","protected":false},"author":2,"featured_media":2833,"comment_status":"open","ping_status":"closed","sticky":false,"template":"","format":"standard","meta":{"footnotes":""},"categories":[9],"tags":[],"class_list":["post-2832","post","type-post","status-publish","format-standard","has-post-thumbnail","hentry","category-tecnologia"],"_links":{"self":[{"href":"https:\/\/enfoquenoticioso.com\/index.php?rest_route=\/wp\/v2\/posts\/2832","targetHints":{"allow":["GET"]}}],"collection":[{"href":"https:\/\/enfoquenoticioso.com\/index.php?rest_route=\/wp\/v2\/posts"}],"about":[{"href":"https:\/\/enfoquenoticioso.com\/index.php?rest_route=\/wp\/v2\/types\/post"}],"author":[{"embeddable":true,"href":"https:\/\/enfoquenoticioso.com\/index.php?rest_route=\/wp\/v2\/users\/2"}],"replies":[{"embeddable":true,"href":"https:\/\/enfoquenoticioso.com\/index.php?rest_route=%2Fwp%2Fv2%2Fcomments&post=2832"}],"version-history":[{"count":0,"href":"https:\/\/enfoquenoticioso.com\/index.php?rest_route=\/wp\/v2\/posts\/2832\/revisions"}],"wp:featuredmedia":[{"embeddable":true,"href":"https:\/\/enfoquenoticioso.com\/index.php?rest_route=\/wp\/v2\/media\/2833"}],"wp:attachment":[{"href":"https:\/\/enfoquenoticioso.com\/index.php?rest_route=%2Fwp%2Fv2%2Fmedia&parent=2832"}],"wp:term":[{"taxonomy":"category","embeddable":true,"href":"https:\/\/enfoquenoticioso.com\/index.php?rest_route=%2Fwp%2Fv2%2Fcategories&post=2832"},{"taxonomy":"post_tag","embeddable":true,"href":"https:\/\/enfoquenoticioso.com\/index.php?rest_route=%2Fwp%2Fv2%2Ftags&post=2832"}],"curies":[{"name":"wp","href":"https:\/\/api.w.org\/{rel}","templated":true}]}}